{"id":8175,"date":"2025-09-01T13:15:56","date_gmt":"2025-09-01T16:15:56","guid":{"rendered":"https:\/\/www.enorsai.com\/noticias\/?p=8175"},"modified":"2025-09-01T13:16:03","modified_gmt":"2025-09-01T16:16:03","slug":"vacio-de-poder-fontevecchia-sobre-el-caos-interno-del-gobierno-de-milei-y-el-desplazamiento-del-leon-por-la-cabra","status":"publish","type":"post","link":"https:\/\/www.enorsai.com\/noticias\/politica\/vacio-de-poder-fontevecchia-sobre-el-caos-interno-del-gobierno-de-milei-y-el-desplazamiento-del-leon-por-la-cabra\/","title":{"rendered":"Vac\u00edo de poder: Fontevecchia sobre el caos interno del gobierno de Milei y el desplazamiento del \u201cle\u00f3n\u201d por la \u201ccabra\u201d"},"content":{"rendered":"\n<p>Por Redacci\u00f3n Enorsai<\/p>\n\n\n\n<p>Jorge Fontevecchia, en Perfil, advierte que el gobierno de Milei atraviesa su peor crisis: perdi\u00f3 hegemon\u00eda pol\u00edtica, la autoridad presidencial est\u00e1 desmoronada y el oficialismo se fractura entre Karina Milei, Santiago Caputo y Guillermo Francos. El vac\u00edo de poder lo ocupan internas, oposici\u00f3n fortalecida, mercados impacientes y la sombra del esc\u00e1ndalo de corrupci\u00f3n, mientras el establishment busca a la \u201ccabra\u201d pragm\u00e1tica para reemplazar al \u201cle\u00f3n\u201d indomable.<a href=\"https:\/\/www.perfil.com\/noticias\/modo-fontevecchia\/dia-624-el-vacio-de-poder.phtml\" target=\"_blank\" rel=\"noreferrer noopener\">[Perfil]<\/a><\/p>\n\n\n\n<h2 class=\"wp-block-heading\">Vac\u00edo de poder: la crisis m\u00e1s profunda de la gesti\u00f3n Milei<\/h2>\n\n\n\n<p>Fontevecchia recurre al concepto de \u201cvac\u00edo de poder\u201d para describir el clima: un presidente aislado, sin liderazgo ni rumbo reconocible, mientras la agenda pol\u00edtica la marcan el Congreso y los mercados. Las filtraciones de los audios de Spagnuolo y las sospechas de coimas en la Agencia de Discapacidad golpean la credibilidad de Milei y su entorno: el esc\u00e1ndalo lejos de frenarse se multiplica con nuevos protagonistas.<a href=\"https:\/\/www.perfil.com\/noticias\/modo-fontevecchia\/dia-624-el-vacio-de-poder.phtml\" target=\"_blank\" rel=\"noreferrer noopener\">[Perfil]<\/a><\/p>\n\n\n\n<ul class=\"wp-block-list\">\n<li>La interna enfrenta a Karina Milei y los Menem con el sector de Santiago Caputo y Guillermo Francos, responsables de la campa\u00f1a y la gesti\u00f3n parlamentaria.<a href=\"https:\/\/www.lanacion.com.ar\/politica\/que-dijo-marcela-pagano-sobre-los-audios-filtrados-y-por-que-apunto-contra-guillermo-francos-nid29082025\/\" target=\"_blank\" rel=\"noreferrer noopener\">[La Naci\u00f3n]<\/a><\/li>\n\n\n\n<li>La oposici\u00f3n avanza con unidad en el Congreso; la crisis de autoridad permite la emergencia de nuevos bloques y el debilitamiento de la motosierra oficialista.<a href=\"https:\/\/www.perfil.com\/noticias\/modo-fontevecchia\/dia-624-el-vacio-de-poder.phtml\" target=\"_blank\" rel=\"noreferrer noopener\">[Perfil]<\/a><\/li>\n\n\n\n<li>El caso Corrientes (Libertad Avanza cuarta fuerza) evidencia la p\u00e9rdida de control territorial y los l\u00edmites de la estrategia libertaria.<\/li>\n<\/ul>\n\n\n\n<p>Marcela Pagano acusa a Francos y a esp\u00edas de la Jefatura de Gabinete por la filtraci\u00f3n de audios, que aceler\u00f3 la crisis y puso en disputa la sucesi\u00f3n interna del gobierno libertario.<a href=\"https:\/\/www.lapoliticaonline.com\/politica\/pagano-denuncio-que-francos-tiene-un-grupo-de-espias-a-cargo-de-vila-y-los-culpo-por-el-audio-de-las-coimas\/\" target=\"_blank\" rel=\"noreferrer noopener\">[LPO]<\/a><\/p>\n\n\n\n<h2 class=\"wp-block-heading\">Le\u00f3n vs cabra: s\u00edmbolos del poder en disputa<\/h2>\n\n\n\n<p>Fontevecchia utiliza la met\u00e1fora del \u201cle\u00f3n\u201d (Milei: carisma, fuerza, autoridad, pero con riesgo de tiran\u00eda) frente a la \u201ccabra\u201d (Francos: resistencia, pragmatismo, capacidad de adaptaci\u00f3n), para mostrar el giro del establishment: menos \u00e9pica, m\u00e1s supervivencia. Se compara, incluso, el rol de Francos con el de Sergio Massa como \u00faltima salvaci\u00f3n pragm\u00e1tica del albertismo.<a href=\"https:\/\/www.perfil.com\/noticias\/modo-fontevecchia\/dia-624-el-vacio-de-poder.phtml\" target=\"_blank\" rel=\"noreferrer noopener\">[Perfil]<\/a><\/p>\n\n\n\n<p>El archivo revela a Francos como \u201cpragm\u00e1tico\u201d, con pasado multifac\u00e9tico y capacidad para tejer acuerdos, pero sin el liderazgo rupturista de Milei. Para Fontevecchia, el poder busca sobrevivir, aunque sea desplazando al \u201cle\u00f3n\u201d en favor de la \u201ccabra\u201d que resista el temporal.<a href=\"https:\/\/www.perfil.com\/noticias\/modo-fontevecchia\/dia-624-el-vacio-de-poder.phtml\" target=\"_blank\" rel=\"noreferrer noopener\">[Perfil]<\/a><\/p>\n\n\n\n<p><strong>Infograf\u00eda | El vac\u00edo de poder seg\u00fan Fontevecchia<\/strong><\/p>\n\n\n\n<figure class=\"wp-block-table\"><table class=\"has-fixed-layout\"><tbody><tr><th>Tema<\/th><th>Dato o s\u00edntesis<\/th><\/tr><tr><td>P\u00e9rdida de hegemon\u00eda<\/td><td>Congreso y mercados imponen la agenda, filtraciones de esc\u00e1ndalos debilitan al presidente<\/td><\/tr><tr><td>Internas oficialistas<\/td><td>Karina Milei\/Menem vs. Caputo\/Francos, desgaste y fractura<\/td><\/tr><tr><td>Corrupci\u00f3n y esc\u00e1ndalos<\/td><td>Credibilidad presidencial en m\u00ednimos hist\u00f3ricos<\/td><\/tr><tr><td>Pragmatismo de Francos<\/td><td>El establishment y parte del gobierno buscan supervivencia y consensos, aunque sea con otro liderazgo<\/td><\/tr><\/tbody><\/table><\/figure>\n\n\n\n<h2 class=\"wp-block-heading\">Conclusi\u00f3n: el riesgo de la anomia pol\u00edtica<\/h2>\n\n\n\n<p>El editorial concluye que un poder sin centro ni proyecto enfrenta el peligro de la anomia: fragmentaci\u00f3n institucional, resignaci\u00f3n democr\u00e1tica y avance de l\u00f3gicas facciosas. El vac\u00edo no es s\u00f3lo ausencia, sino la promesa incierta (y potencialmente riesgosa) de un \u201cnuevo orden\u201d tras la ca\u00edda del \u201cle\u00f3n\u201d.<\/p>\n\n\n\n<p>M\u00e1s del an\u00e1lisis completo en <a href=\"https:\/\/www.perfil.com\/noticias\/modo-fontevecchia\/dia-624-el-vacio-de-poder.phtml\" target=\"_blank\" rel=\"noreferrer noopener\">Perfil<\/a> y la columna de Fontevecchia en YouTube: <a href=\"https:\/\/www.youtube.com\/watch?v=JV43GGP3n2k&amp;t=739s\" target=\"_blank\" rel=\"noreferrer noopener\">Del le\u00f3n a la cabra: qui\u00e9n manda hoy en el Gobierno libertario<\/a>.<\/p>\n\n\n\n<p><strong>Reflexi\u00f3n final:<\/strong> Fontevecchia destaca: en las crisis de liderazgo, el poder real migrar\u00e1 del carisma al pragmatismo, y de la verticalidad del le\u00f3n a la resiliencia de la cabra. \u00bfEst\u00e1 Milei listo para sobrevivir a su propio vac\u00edo?<\/p>\n\n\n\n<p>Dejanos tu comentario debajo o escribinos a <a href=\"mailto:enorsaionline@gmail.com\">enorsaionline@gmail.com<\/a><\/p>\n\n\n\n<h2 class=\"wp-block-heading\">Preguntas frecuentes sobre el vac\u00edo de poder y la interna Milei<\/h2>\n\n\n\n<h3 class=\"wp-block-heading\">\u00bfCu\u00e1l es la principal crisis del gobierno, seg\u00fan Fontevecchia?<\/h3>\n\n\n\n<p>La fractura de la autoridad presidencial, la p\u00e9rdida de control pol\u00edtico y el avance de la corrupci\u00f3n, que dejan un vac\u00edo de poder aprovechado por sectores internos y externos.<\/p>\n\n\n\n<h3 class=\"wp-block-heading\">\u00bfQui\u00e9n es la \u201ccabra\u201d y por qu\u00e9 amenaza al \u201cle\u00f3n\u201d?<\/h3>\n\n\n\n<p>La \u201ccabra\u201d simboliza el pragmatismo de Guillermo Francos, buscado por el establishment como alternativa de supervivencia ante el cansancio con el liderazgo rupturista de Milei (\u201cle\u00f3n\u201d).<\/p>\n\n\n\n<h3 class=\"wp-block-heading\">\u00bfCu\u00e1l es el rol de Karina Milei y Caputo en la interna?<\/h3>\n\n\n\n<p>Karina Milei (con los Menem) y Santiago Caputo representan sectores en pugna dentro del oficialismo, ambos desgastados y sin capacidad de liderar el recambio.<\/p>\n\n\n\n<h3 class=\"wp-block-heading\">\u00bfPor qu\u00e9 la situaci\u00f3n econ\u00f3mica contribuye al vac\u00edo de poder?<\/h3>\n\n\n\n<p>El deterioro econ\u00f3mico, la falta de divisas y la crisis productiva debilitan a\u00fan m\u00e1s la posici\u00f3n del presidente y facilitan el avance de otros actores pol\u00edticos e internos.<\/p>\n\n\n\n<h3 class=\"wp-block-heading\">\u00bfD\u00f3nde leer o ver el an\u00e1lisis completo?<\/h3>\n\n\n\n<p>El editorial completo est\u00e1 en Perfil y la columna audiovisual en el canal de YouTube Modo Fontevecchia.<\/p>\n","protected":false},"excerpt":{"rendered":"<p>Fontevecchia analiza el vac\u00edo de poder en el gobierno de Milei: crisis interna, ca\u00edda de autoridad presidencial, esc\u00e1ndalos de corrupci\u00f3n y el ascenso de Francos sobre el liderazgo del le\u00f3n.<\/p>\n","protected":false},"author":4,"featured_media":8176,"comment_status":"open","ping_status":"open","sticky":false,"template":"","format":"standard","meta":{"_monsterinsights_skip_tracking":false,"_monsterinsights_sitenote_active":false,"_monsterinsights_sitenote_note":"","_monsterinsights_sitenote_category":0,"footnotes":"","jetpack_publicize_message":"Vac\u00edo de poder: qui\u00e9n manda hoy en el gobierno libertario, seg\u00fan Fontevecchia","jetpack_publicize_feature_enabled":true,"jetpack_social_post_already_shared":false,"jetpack_social_options":{"image_generator_settings":{"template":"highway","default_image_id":0,"font":"","enabled":false},"version":2}},"categories":[17,2],"tags":[184,257,3401,3403,1348,3399,174,45,3402,3404,3400],"class_list":["post-8175","post","type-post","status-publish","format-standard","has-post-thumbnail","hentry","category-opinion","category-politica","tag-caputo","tag-congreso","tag-crisis-libertaria","tag-escandalos-corrupcion","tag-francos","tag-jorge-fontevecchia","tag-karina-milei","tag-milei","tag-perfil","tag-sucesion","tag-vacio-de-poder"],"jetpack_publicize_connections":[],"_links":{"self":[{"href":"https:\/\/www.enorsai.com\/noticias\/wp-json\/wp\/v2\/posts\/8175","targetHints":{"allow":["GET"]}}],"collection":[{"href":"https:\/\/www.enorsai.com\/noticias\/wp-json\/wp\/v2\/posts"}],"about":[{"href":"https:\/\/www.enorsai.com\/noticias\/wp-json\/wp\/v2\/types\/post"}],"author":[{"embeddable":true,"href":"https:\/\/www.enorsai.com\/noticias\/wp-json\/wp\/v2\/users\/4"}],"replies":[{"embeddable":true,"href":"https:\/\/www.enorsai.com\/noticias\/wp-json\/wp\/v2\/comments?post=8175"}],"version-history":[{"count":1,"href":"https:\/\/www.enorsai.com\/noticias\/wp-json\/wp\/v2\/posts\/8175\/revisions"}],"predecessor-version":[{"id":8177,"href":"https:\/\/www.enorsai.com\/noticias\/wp-json\/wp\/v2\/posts\/8175\/revisions\/8177"}],"wp:featuredmedia":[{"embeddable":true,"href":"https:\/\/www.enorsai.com\/noticias\/wp-json\/wp\/v2\/media\/8176"}],"wp:attachment":[{"href":"https:\/\/www.enorsai.com\/noticias\/wp-json\/wp\/v2\/media?parent=8175"}],"wp:term":[{"taxonomy":"category","embeddable":true,"href":"https:\/\/www.enorsai.com\/noticias\/wp-json\/wp\/v2\/categories?post=8175"},{"taxonomy":"post_tag","embeddable":true,"href":"https:\/\/www.enorsai.com\/noticias\/wp-json\/wp\/v2\/tags?post=8175"}],"curies":[{"name":"wp","href":"https:\/\/api.w.org\/{rel}","templated":true}]}}