{"id":8153,"date":"2025-09-01T09:07:31","date_gmt":"2025-09-01T12:07:31","guid":{"rendered":"https:\/\/www.enorsai.com\/noticias\/?p=8153"},"modified":"2025-09-01T09:07:37","modified_gmt":"2025-09-01T12:07:37","slug":"caramello-septiembre-llega-con-aumentos-escandalos-y-una-estrategia-oficialista-a-la-deriva","status":"publish","type":"post","link":"https:\/\/www.enorsai.com\/noticias\/politica\/caramello-septiembre-llega-con-aumentos-escandalos-y-una-estrategia-oficialista-a-la-deriva\/","title":{"rendered":"Caramello: septiembre llega con aumentos, esc\u00e1ndalos y una estrategia oficialista a la deriva"},"content":{"rendered":"\n<p>Por Redacci\u00f3n Enorsai<\/p>\n\n\n\n<p>Carlos Caramello advierte que el gobierno enfrenta una semana decisiva entre aumentos, esc\u00e1ndalos de corrupci\u00f3n y un \u201cplan econ\u00f3mico mareado\u201d. La bandera anticorrupci\u00f3n de Milei est\u00e1 en jaque y las encuestas muestran que la oposici\u00f3n se fortalece a medida que crecen el rechazo social y la fuga de votantes libertarios.<\/p>\n\n\n\n<h2 class=\"wp-block-heading\">Estrategia a la deriva y efecto Karina Milei<\/h2>\n\n\n\n<p>Caramello define la campa\u00f1a de La Libertad Avanza como \u201cestratega de cotill\u00f3n\u201d: Karina Milei y Lule Menem forzaron la pureza partidaria, limitando alianzas y afectando sus chances fuera de CABA. En Corrientes y otras provincias, la falta de acuerdos dej\u00f3 al oficialismo sin impulso territorial.<a href=\"https:\/\/www.pagina12.com.ar\/851934-lidera-el-peronismo-y-sonrie-el-pro-rebelde\" target=\"_blank\" rel=\"noreferrer noopener\">[P\u00e1gina12]<\/a><\/p>\n\n\n\n<p>Los audios de corrupci\u00f3n y la crisis con los Menem debilitan la bandera de la \u201canticorrupci\u00f3n\u201d, clave en la campa\u00f1a presidencial, mientras Milei queda \u201cmareado\u201d y sin reacci\u00f3n clara frente a la secuencia de denuncias internas.<a href=\"https:\/\/www.iprofesional.com\/politica\/436197-nueva-encuesta-preocupa-gobierno-javier-milei-puede-perder-votos-por-escandalo-de-coimas\" target=\"_blank\" rel=\"noreferrer noopener\">[iProfesional]<\/a><\/p>\n\n\n\n<h2 class=\"wp-block-heading\">Econom\u00eda sin br\u00fajula y el riesgo electoral de septiembre<\/h2>\n\n\n\n<ul class=\"wp-block-list\">\n<li>Septiembre comienza con nuevos aumentos y un d\u00f3lar que ronda los $1.350, anticipando m\u00e1s presi\u00f3n sobre los precios y temor de devaluaci\u00f3n post-elecci\u00f3n.<a href=\"https:\/\/www.ambito.com\/finanzas\/dolar-el-mercado-preve-estabilidad-cambiaria-las-elecciones-legislativas-provincia-buenos-aires-n6176813\" target=\"_blank\" rel=\"noreferrer noopener\">[\u00c1mbito]<\/a><\/li>\n\n\n\n<li>La estrategia de sostener la inflaci\u00f3n bajo el 2% es vista como insostenible ante la inercia del d\u00f3lar y la suba de los costos industriales. Empresarios admiten que \u201cno hay tiempo que perder\u201d.<\/li>\n\n\n\n<li>Los \u00fanicos d\u00f3lares que ingresan son de deuda, no de inversi\u00f3n real, y la econom\u00eda muestra s\u00edntomas de agotamiento y \u201cmareo\u201d, como reconoce el propio Caramello.<\/li>\n<\/ul>\n\n\n\n<p>Las encuestas recientes pronostican una derrota libertaria en Buenos Aires y fuga de votantes a Fuerza Patria por el impacto de los esc\u00e1ndalos de corrupci\u00f3n en el entorno de Milei y su hermana Karina. Consultoras como Tres Punto Zero muestran que hasta un 15% de los votantes de Milei en 2023 migrar\u00edan a la oposici\u00f3n.<a href=\"https:\/\/www.iprofesional.com\/politica\/436197-nueva-encuesta-preocupa-gobierno-javier-milei-puede-perder-votos-por-escandalo-de-coimas\" target=\"_blank\" rel=\"noreferrer noopener\">[iProfesional]<\/a> <\/p>\n\n\n\n<p><a href=\"https:\/\/www.enorsai.com.ar\/economia\/42793-carlos-heller--el-gobierno-filtra-sus-crisis-y-ajusta--mientras-culpa-a-la-oposicion-y-la-economia-explota.html\">Carlos Heller: <strong>\u201cEl gobierno filtra sus crisis y ajusta, mientras culpa a la oposici\u00f3n y la econom\u00eda explota\u201d<\/strong><\/a><\/p>\n\n\n\n<h2 class=\"wp-block-heading\">\u00bfPuede el gobierno cambiar el rumbo?<\/h2>\n\n\n\n<p>Analistas coinciden en que el gobierno carece de margen para un \u201cvolantazo\u201d econ\u00f3mico antes de octubre. Caputo desliza que s\u00f3lo tras la elecci\u00f3n podr\u00eda haber cambios, pero la falta de confianza y el aumento de la conflictividad social y pol\u00edtica acrecientan la incertidumbre.<a href=\"https:\/\/www.infobae.com\/politica\/2025\/08\/26\/encuesta-un-732-de-los-bonaerenses-considera-que-el-escandalo-en-la-agencia-de-discapacidad-es-un-hecho-muy-grave\/\" target=\"_blank\" rel=\"noreferrer noopener\">[Infobae]<\/a> <\/p>\n\n\n\n<figure class=\"wp-block-embed is-type-wp-embed is-provider-incrustado wp-block-embed-incrustado\"><div class=\"wp-block-embed__wrapper\">\n<blockquote class=\"wp-embedded-content\" data-secret=\"mF2nIhUW5E\"><a href=\"https:\/\/www.enorsai.com\/noticias\/politica\/crisis-panadera-14-000-cierres-consumo-de-pan-en-minimos-historicos-y-produccion-a-la-mitad\/\">Crisis panadera: 14.000 cierres, consumo de pan en m\u00ednimos hist\u00f3ricos y producci\u00f3n a la mitad<\/a><\/blockquote><iframe loading=\"lazy\" class=\"wp-embedded-content\" sandbox=\"allow-scripts\" security=\"restricted\" style=\"position: absolute; visibility: hidden;\" title=\"\u00abCrisis panadera: 14.000 cierres, consumo de pan en m\u00ednimos hist\u00f3ricos y producci\u00f3n a la mitad\u00bb \u2014 \" src=\"https:\/\/www.enorsai.com\/noticias\/politica\/crisis-panadera-14-000-cierres-consumo-de-pan-en-minimos-historicos-y-produccion-a-la-mitad\/embed\/#?secret=fRQFh9fUBC#?secret=mF2nIhUW5E\" data-secret=\"mF2nIhUW5E\" width=\"600\" height=\"338\" frameborder=\"0\" marginwidth=\"0\" marginheight=\"0\" scrolling=\"no\"><\/iframe>\n<\/div><\/figure>\n\n\n\n<p><strong>Infograf\u00eda | Septiembre: aumentos, mareo oficialista y voto castigo<\/strong><\/p>\n\n\n\n<figure class=\"wp-block-table\"><table class=\"has-fixed-layout\"><tbody><tr><th>Tema<\/th><th>Diagn\u00f3stico Caramello<\/th><\/tr><tr><td>Estrategia Libertad Avanza<\/td><td>Fracaso fuera de CABA, sin alianzas, mareo por esc\u00e1ndalos<\/td><\/tr><tr><td>Corrupci\u00f3n y encuestas<\/td><td>Crece el rechazo, 69% cree en corrupci\u00f3n, impacto negativo en voto<\/td><\/tr><tr><td>Econom\u00eda y precios<\/td><td>Aumentos y d\u00f3lar alto, inflaci\u00f3n contenida por poco tiempo<\/td><\/tr><tr><td>Fuga de votantes<\/td><td>Hasta 15% de exvotantes Milei migrar\u00edan a la oposici\u00f3n<\/td><\/tr><\/tbody><\/table><\/figure>\n\n\n\n<h2 class=\"wp-block-heading\">Conclusi\u00f3n: incertidumbre y fin del relato anticorrupci\u00f3n<\/h2>\n\n\n\n<p>Caramello concluye que el \u201cmareo\u201d oficialista entre econom\u00eda, audios y falta de alianzas liquida la \u00e9pica anticorrupci\u00f3n y convierte las elecciones de septiembre en una amenaza real para Milei. Las encuestas anticipan voto castigo y m\u00e1s turbulencias en octubre.<a href=\"https:\/\/www.iprofesional.com\/politica\/436197-nueva-encuesta-preocupa-gobierno-javier-milei-puede-perder-votos-por-escandalo-de-coimas\" target=\"_blank\" rel=\"noreferrer noopener\">[iProfesional]<\/a><\/p>\n\n\n\n<p>M\u00e1s contexto y opini\u00f3n pol\u00edtica en <a href=\"https:\/\/www.enorsai.com.ar\/politica\/2025\/09\/01\/caramello-septiembre-aumentos-estrategia-escandalo.html\">Enorsai<\/a> y seguimiento electoral en <a href=\"https:\/\/www.infobae.com\/politica\/2025\/08\/26\/encuesta-un-732-de-los-bonaerenses-considera-que-el-escandalo-en-la-agencia-de-discapacidad-es-un-hecho-muy-grave\/\" target=\"_blank\" rel=\"noreferrer noopener\">Infobae<\/a>.<\/p>\n\n\n\n<p><strong>Reflexi\u00f3n final:<\/strong> Caramello: \u201cCuando la \u00e9pica de la anticorrupci\u00f3n se cae y la econom\u00eda se hunde, las urnas pueden imponer el primer freno real al rumbo libertario\u201d.<\/p>\n\n\n\n<p>Dejanos tu comentario debajo o escribinos a <a href=\"mailto:enorsaionline@gmail.com\">enorsaionline@gmail.com<\/a><\/p>\n\n\n\n<h2 class=\"wp-block-heading\">Preguntas frecuentes sobre la crisis pol\u00edtica y los aumentos de septiembre<\/h2>\n\n\n\n<h3 class=\"wp-block-heading\">\u00bfQu\u00e9 destaca Caramello sobre la estrategia de La Libertad Avanza?<\/h3>\n\n\n\n<p>Que la falta de alianzas y el protagonismo de Karina Milei debilitaron su armado electoral en las provincias, mientras los esc\u00e1ndalos diluyeron la \u00e9pica anticorrupci\u00f3n.<\/p>\n\n\n\n<h3 class=\"wp-block-heading\">\u00bfC\u00f3mo impacta la econom\u00eda en el rumbo electoral?<\/h3>\n\n\n\n<p>La crisis inflacionaria y la presi\u00f3n sobre el d\u00f3lar anticipan un septiembre muy dif\u00edcil, con m\u00e1s aumentos y una inflaci\u00f3n dif\u00edcil de contener antes de las elecciones.<\/p>\n\n\n\n<h3 class=\"wp-block-heading\">\u00bfLas encuestas anticipan voto castigo para Milei?<\/h3>\n\n\n\n<p>S\u00ed. Estudios como los de Tres Punto Zero y Management &amp; Fit muestran rechazo creciente, fuga de hasta 15% entre ex votantes y un 69% que cree en la corrupci\u00f3n oficialista.<\/p>\n\n\n\n<h3 class=\"wp-block-heading\">\u00bfQu\u00e9 podr\u00eda pasar tras las elecciones bonaerenses?<\/h3>\n\n\n\n<p>El oficialismo prev\u00e9 cambios de gabinete y giro de estrategia, pero la falta de d\u00f3lares y el rechazo social dificultan cualquier \u201cvolantazo\u201d real hasta octubre.<\/p>\n\n\n\n<h3 class=\"wp-block-heading\">\u00bfD\u00f3nde seguir todos los an\u00e1lisis previos a las elecciones?<\/h3>\n\n\n\n<p>Enorsai, Infobae, P\u00e1gina12 e iProfesional publican datos, sondeos y an\u00e1lisis pol\u00edtico-econ\u00f3micos actualizados y confiables.<\/p>\n","protected":false},"excerpt":{"rendered":"<p>Carlos Caramello advierte: septiembre trae aumentos, esc\u00e1ndalos, crisis econ\u00f3mica y una estrategia de Milei que pierde fuerza. Encuestas marcan fuga de votos y rechazo a la corrupci\u00f3n.<\/p>\n","protected":false},"author":4,"featured_media":8155,"comment_status":"open","ping_status":"open","sticky":false,"template":"","format":"standard","meta":{"_monsterinsights_skip_tracking":false,"_monsterinsights_sitenote_active":false,"_monsterinsights_sitenote_note":"","_monsterinsights_sitenote_category":0,"footnotes":"","jetpack_publicize_message":"Caramello: aumentos, esc\u00e1ndalo y un septiembre clave para Milei","jetpack_publicize_feature_enabled":true,"jetpack_social_post_already_shared":false,"jetpack_social_options":{"image_generator_settings":{"template":"highway","default_image_id":0,"font":"","enabled":false},"version":2}},"categories":[3,2],"tags":[3225,776,3386,75,282,1411,3384,227,174,3385],"class_list":["post-8153","post","type-post","status-publish","format-standard","has-post-thumbnail","hentry","category-economia","category-politica","tag-audios","tag-buenos-aires","tag-carlos-caramello","tag-corrupcion","tag-dolar","tag-elecciones-2025","tag-fuga-votantes","tag-inflacion","tag-karina-milei","tag-septiembre-aumentos"],"jetpack_publicize_connections":[],"_links":{"self":[{"href":"https:\/\/www.enorsai.com\/noticias\/wp-json\/wp\/v2\/posts\/8153","targetHints":{"allow":["GET"]}}],"collection":[{"href":"https:\/\/www.enorsai.com\/noticias\/wp-json\/wp\/v2\/posts"}],"about":[{"href":"https:\/\/www.enorsai.com\/noticias\/wp-json\/wp\/v2\/types\/post"}],"author":[{"embeddable":true,"href":"https:\/\/www.enorsai.com\/noticias\/wp-json\/wp\/v2\/users\/4"}],"replies":[{"embeddable":true,"href":"https:\/\/www.enorsai.com\/noticias\/wp-json\/wp\/v2\/comments?post=8153"}],"version-history":[{"count":1,"href":"https:\/\/www.enorsai.com\/noticias\/wp-json\/wp\/v2\/posts\/8153\/revisions"}],"predecessor-version":[{"id":8156,"href":"https:\/\/www.enorsai.com\/noticias\/wp-json\/wp\/v2\/posts\/8153\/revisions\/8156"}],"wp:featuredmedia":[{"embeddable":true,"href":"https:\/\/www.enorsai.com\/noticias\/wp-json\/wp\/v2\/media\/8155"}],"wp:attachment":[{"href":"https:\/\/www.enorsai.com\/noticias\/wp-json\/wp\/v2\/media?parent=8153"}],"wp:term":[{"taxonomy":"category","embeddable":true,"href":"https:\/\/www.enorsai.com\/noticias\/wp-json\/wp\/v2\/categories?post=8153"},{"taxonomy":"post_tag","embeddable":true,"href":"https:\/\/www.enorsai.com\/noticias\/wp-json\/wp\/v2\/tags?post=8153"}],"curies":[{"name":"wp","href":"https:\/\/api.w.org\/{rel}","templated":true}]}}