{"id":8148,"date":"2025-09-01T05:55:47","date_gmt":"2025-09-01T08:55:47","guid":{"rendered":"https:\/\/www.enorsai.com\/noticias\/?p=8148"},"modified":"2025-09-01T05:55:53","modified_gmt":"2025-09-01T08:55:53","slug":"milei-viaja-a-ee-uu-en-plena-tormenta-politica-y-mientras-sigue-creciendo-el-descontento-social","status":"publish","type":"post","link":"https:\/\/www.enorsai.com\/noticias\/politica\/milei-viaja-a-ee-uu-en-plena-tormenta-politica-y-mientras-sigue-creciendo-el-descontento-social\/","title":{"rendered":"Milei viaja a EE.UU. en plena tormenta pol\u00edtica y mientras sigue creciendo el descontento social"},"content":{"rendered":"\n<p>La figura de Javier Milei parece moverse entre la huida y la sobreactuaci\u00f3n. Mientras en Argentina estallan las denuncias por coimas en la Agencia Nacional de Discapacidad y los audios comprometen incluso a su hermana Karina Milei, el Presidente arma valijas para viajar a Estados Unidos. All\u00ed se reunir\u00e1 con empresarios multinacionales, lejos del barro pol\u00edtico local y a contrarreloj de unas elecciones bonaerenses que podr\u00edan marcar un duro golpe para La Libertad Avanza. Pero la foto de Milei en el exterior choca de frente con la realidad: un pa\u00eds hundido en la recesi\u00f3n, jubilados obligados a elegir entre remedios o comida y familias que sobreviven a cr\u00e9dito, tal como advirti\u00f3 Cristina Fern\u00e1ndez de Kirchner en Mar del Plata, al calificarlo de \u201clun\u00e1tico\u201d y responsabilizarlo por el \u201cfracaso m\u00e1s estrepitoso y tr\u00e1gico\u201d de la macroeconom\u00eda.<\/p>\n\n\n\n<p>El viaje, confirmado por Casa Rosada tras d\u00edas de rumores, comenzar\u00e1 con un cierre de campa\u00f1a en Moreno para luego partir hacia Los \u00c1ngeles el 4 de septiembre y Las Vegas el 5. La agenda incluye encuentros privados con unos 50 empresarios, invitados por el economista Michael Milken, y reuniones con directivos de cadenas hoteleras. Nada de conferencias abiertas esta vez, solo charlas cerradas donde Milei pretende repetir su mantra de siempre: m\u00e1s capitalismo, menos Estado. El regreso est\u00e1 previsto para el s\u00e1bado, en la v\u00edspera de las elecciones bonaerenses. Una jugada arriesgada, casi irresponsable, cuando el oficialismo se juega la vida en el distrito m\u00e1s poblado del pa\u00eds.<\/p>\n\n\n\n<p>En este contexto, la ausencia de Karina Milei en la comitiva suena demasiado fuerte. La secretaria general de la Presidencia qued\u00f3 salpicada en los audios de las presuntas coimas en la ANDIS, y aunque se especul\u00f3 con su presencia, finalmente no ser\u00e1 parte del viaje. En su lugar podr\u00edan acompa\u00f1ar al mandatario el ministro de Econom\u00eda, Luis Caputo, y el canciller Gerardo Werthein. Sin embargo, la propia Casa Rosada dej\u00f3 trascender que no est\u00e1 definido. La incertidumbre sobre qui\u00e9n integra la comitiva oficial parece ser apenas un s\u00edntoma m\u00e1s de la improvisaci\u00f3n que caracteriza a este gobierno.<\/p>\n\n\n\n<p>La gira norteamericana se produce con una oposici\u00f3n envalentonada. Cristina Fern\u00e1ndez de Kirchner, en un mensaje transmitido durante un acto de campa\u00f1a de Fernanda Raverta en Mar del Plata, lanz\u00f3 un ataque frontal contra el Presidente. Lo acus\u00f3 de provocar una cat\u00e1strofe social, con un modelo econ\u00f3mico que hunde a los hogares en deudas con la tarjeta para comer, que obliga a los jubilados a sacrificar medicamentos y que castiga cruelmente a las personas con discapacidad. \u201cEl fracaso m\u00e1s estrepitoso y tr\u00e1gico se est\u00e1 dando en la macroeconom\u00eda\u201d, remarc\u00f3 la exmandataria, recordando que Milei se presentaba como un iluminado de la econom\u00eda en los sets televisivos y hoy naufraga en la gesti\u00f3n real.<\/p>\n\n\n\n<p>El contraste es brutal: mientras la ex presidenta denuncia la precariedad y la humillaci\u00f3n de miles de argentinos, el libertario prefiere posar en Las Vegas y hasta aprovecha la escala para asistir a una obra teatral de su expareja, F\u00e1tima Florez. Una frivolidad que roza lo obsceno en medio de una crisis que empuja a millones al l\u00edmite de la subsistencia. La imagen que proyecta no es la de un jefe de Estado abocado a resolver una tormenta, sino la de un dirigente obsesionado con mostrarse en escenarios internacionales, como si los problemas de los argentinos pudieran esperar.<\/p>\n\n\n\n<p>El oficialismo, sin embargo, reconoce que la campa\u00f1a en la provincia de Buenos Aires est\u00e1 cuesta arriba. Sin estructura territorial, sin candidatos competitivos y con la sombra de los audios de la ANDIS sobrevolando cada acto, La Libertad Avanza enfrenta a un peronismo que despliega todo su aparato con intendentes, militancia y maquinaria electoral aceitad\u00edsima. La gira internacional, en lugar de fortalecer la imagen presidencial, expone la desconexi\u00f3n entre el gobierno y la calle. Milei parece m\u00e1s interesado en sumar gui\u00f1os del partido Vox en Espa\u00f1a o en codearse con empresarios extranjeros que en encarar la debacle social que atraviesa el pa\u00eds.<\/p>\n\n\n\n<p>Cristina, desde su prisi\u00f3n domiciliaria, no dej\u00f3 pasar la oportunidad de se\u00f1alar tambi\u00e9n el abandono de las personas con discapacidad, obligadas a peregrinar kil\u00f3metros para defender sus pensiones frente a un Estado que deber\u00eda protegerlas. La menci\u00f3n no fue casual: el esc\u00e1ndalo por las coimas en la ANDIS es hoy una bomba de tiempo dentro del oficialismo, con nombres cercanos al Presidente bajo sospecha. La estrategia de Milei de huir hacia adelante, de distraer con viajes y shows internacionales, no hace m\u00e1s que agrandar la grieta entre el relato de \u00e9xito que intenta vender y la realidad desesperante que se vive en los barrios y en los hogares.<\/p>\n\n\n\n<p>La pregunta de fondo es si el electorado bonaerense comprar\u00e1 la imagen de un l\u00edder global o castigar\u00e1 la desconexi\u00f3n brutal de Milei con la vida cotidiana. Los pr\u00f3ximos comicios provinciales ser\u00e1n un term\u00f3metro crucial: si el oficialismo sufre una derrota fuerte, el impacto puede replicarse en la elecci\u00f3n nacional de octubre. Y ah\u00ed los viajes, las selfies y las reuniones privadas con empresarios no alcanzar\u00e1n para ocultar el fracaso.<\/p>\n\n\n\n<p>Hoy, la foto m\u00e1s clara del gobierno de Milei es la de un presidente en fuga, que prefiere refugiarse en foros extranjeros antes que enfrentar la tormenta en su propio pa\u00eds. Un l\u00edder que habla de capitalismo triunfante mientras millones de argentinos se endeudan para comer. Un hombre que promete libertades mientras su entorno queda bajo sospecha de corrupci\u00f3n. Y, sobre todo, un mandatario que se autoproclama salvador pero que, como bien dijo Cristina, ya carga sobre sus espaldas el fracaso m\u00e1s estrepitoso y tr\u00e1gico de la macroeconom\u00eda reciente.<\/p>\n\n\n\n<p>Fuente: <\/p>\n\n\n\n<p><a href=\"https:\/\/www.rionegro.com.ar\/politica\/en-medio-de-la-polemica-por-presuntas-coimas-en-discapacidad-javier-milei-se-reunira-con-empresarios-en-estados-unidos-4279394\/?utm_source=chatgpt.com\">https:\/\/www.rionegro.com.ar\/politica\/en-medio-de-la-polemica-por-presuntas-coimas-en-discapacidad-javier-milei-se-reunira-con-empresarios-en-estados-unidos-4279394\/<\/a> <\/p>\n\n\n\n<p><a href=\"https:\/\/elretratodehoy.com.ar\/2025\/08\/31\/javier-milei-viaja-a-ee-uu-para-reunirse-con-empresarios-a-dias-de-las-elecciones-bonaerenses\/?utm_source=chatgpt.com\">https:\/\/elretratodehoy.com.ar\/2025\/08\/31\/javier-milei-viaja-a-ee-uu-para-reunirse-con-empresarios-a-dias-de-las-elecciones-bonaerenses\/<\/a> <\/p>\n\n\n\n<p><a href=\"https:\/\/www.c5n.com\/politica\/cristina-kirchner-cruzo-javier-milei-el-fracaso-mas-estrepitoso-y-tragico-se-esta-dando-la-macroeconomia-n213002?utm_source=chatgpt.com\">https:\/\/www.c5n.com\/politica\/cristina-kirchner-cruzo-javier-milei-el-fracaso-mas-estrepitoso-y-tragico-se-esta-dando-la-macroeconomia-n213002<\/a><\/p>\n","protected":false},"excerpt":{"rendered":"<p>Javier Milei viaja a Estados Unidos en medio del esc\u00e1ndalo por coimas en la Agencia de Discapacidad y la crisis econ\u00f3mica que golpea a millones de argentinos. Cristina Kirchner lo tild\u00f3 de \u201clun\u00e1tico\u201d y lo responsabiliz\u00f3 por un \u201cfracaso estrepitoso\u201d en la macroeconom\u00eda, mientras La Libertad Avanza tambalea en Buenos Aires.<\/p>\n","protected":false},"author":2,"featured_media":8149,"comment_status":"open","ping_status":"open","sticky":false,"template":"","format":"standard","meta":{"_monsterinsights_skip_tracking":false,"_monsterinsights_sitenote_active":false,"_monsterinsights_sitenote_note":"","_monsterinsights_sitenote_category":0,"footnotes":"","jetpack_publicize_message":"","jetpack_publicize_feature_enabled":true,"jetpack_social_post_already_shared":true,"jetpack_social_options":{"image_generator_settings":{"template":"highway","default_image_id":0,"font":"","enabled":false},"version":2}},"categories":[2],"tags":[3248,1438,625,87,15,190,763,630,471,45],"class_list":["post-8148","post","type-post","status-publish","format-standard","has-post-thumbnail","hentry","category-politica","tag-andis","tag-campana","tag-coimas","tag-cristina","tag-economia","tag-elecciones","tag-empresarios","tag-escandalo","tag-estadosunidos","tag-milei"],"jetpack_publicize_connections":[],"_links":{"self":[{"href":"https:\/\/www.enorsai.com\/noticias\/wp-json\/wp\/v2\/posts\/8148","targetHints":{"allow":["GET"]}}],"collection":[{"href":"https:\/\/www.enorsai.com\/noticias\/wp-json\/wp\/v2\/posts"}],"about":[{"href":"https:\/\/www.enorsai.com\/noticias\/wp-json\/wp\/v2\/types\/post"}],"author":[{"embeddable":true,"href":"https:\/\/www.enorsai.com\/noticias\/wp-json\/wp\/v2\/users\/2"}],"replies":[{"embeddable":true,"href":"https:\/\/www.enorsai.com\/noticias\/wp-json\/wp\/v2\/comments?post=8148"}],"version-history":[{"count":1,"href":"https:\/\/www.enorsai.com\/noticias\/wp-json\/wp\/v2\/posts\/8148\/revisions"}],"predecessor-version":[{"id":8150,"href":"https:\/\/www.enorsai.com\/noticias\/wp-json\/wp\/v2\/posts\/8148\/revisions\/8150"}],"wp:featuredmedia":[{"embeddable":true,"href":"https:\/\/www.enorsai.com\/noticias\/wp-json\/wp\/v2\/media\/8149"}],"wp:attachment":[{"href":"https:\/\/www.enorsai.com\/noticias\/wp-json\/wp\/v2\/media?parent=8148"}],"wp:term":[{"taxonomy":"category","embeddable":true,"href":"https:\/\/www.enorsai.com\/noticias\/wp-json\/wp\/v2\/categories?post=8148"},{"taxonomy":"post_tag","embeddable":true,"href":"https:\/\/www.enorsai.com\/noticias\/wp-json\/wp\/v2\/tags?post=8148"}],"curies":[{"name":"wp","href":"https:\/\/api.w.org\/{rel}","templated":true}]}}