{"id":8139,"date":"2025-08-31T23:46:08","date_gmt":"2025-09-01T02:46:08","guid":{"rendered":"https:\/\/www.enorsai.com\/noticias\/?p=8139"},"modified":"2025-08-31T23:46:18","modified_gmt":"2025-09-01T02:46:18","slug":"kicillof-si-queres-ponerle-un-limite-a-milei-tenes-que-ir-a-votar","status":"publish","type":"post","link":"https:\/\/www.enorsai.com\/noticias\/politica\/kicillof-si-queres-ponerle-un-limite-a-milei-tenes-que-ir-a-votar\/","title":{"rendered":"Kicillof: \u201cSi quer\u00e9s ponerle un l\u00edmite a Milei, ten\u00e9s que ir a votar\u201d"},"content":{"rendered":"\n<p>Por Redacci\u00f3n Enorsai<\/p>\n\n\n\n<p>Axel Kicillof, gobernador bonaerense, advirti\u00f3 que la baja participaci\u00f3n electoral solo favorece a Milei y que el voto es el \u00fanico l\u00edmite efectivo al avance del ajuste, la destrucci\u00f3n del empleo y la crisis industrial. Insta a convertir el enojo social en presencia activa en las urnas: \u201cEl ausentismo ser\u00e1 le\u00eddo como un cheque en blanco para m\u00e1s ajuste y motosierra\u201d.<\/p>\n\n\n\n<h2 class=\"wp-block-heading\">Competitividad e internas: la derecha dividida y el peronismo unido<\/h2>\n\n\n\n<p>Kicillof describe c\u00f3mo La Libertad Avanza absorbi\u00f3 parte del PRO y caus\u00f3 fracturas internas, mientras el peronismo unific\u00f3 fuerzas en la boleta de Fuerza Patria. Subraya la \u201ccompetitividad\u201d oficialista bonaerense y anticipa que la clave ser\u00e1 la movilizaci\u00f3n popular frente a una oposici\u00f3n dividida.<a href=\"https:\/\/www.lagaceta.com.ar\/nota\/1100260\/politica\/elecciones-2025-ausentismo-victoria-milei-advirtio-axel-kicillof.html\" target=\"_blank\" rel=\"noreferrer noopener\">[La Gaceta]<\/a><\/p>\n\n\n\n<ul class=\"wp-block-list\">\n<li>\u201cLa derecha va dividida, el peronismo est\u00e1 muy competitivo y la elecci\u00f3n es el primer paso para limitar el ajuste libertario\u201d.<\/li>\n\n\n\n<li>Kicillof advierte sobre la estrategia libertaria de desalentar el voto: \u201cQuieren que la gente se quede en su casa, el ausentismo es su mejor aliado\u201d.<a href=\"https:\/\/www.pagina12.com.ar\/849468-kicillof-denuncia-un-plan-libertario-para-desalentar-la-part\" target=\"_blank\" rel=\"noreferrer noopener\">[P\u00e1gina12]<\/a><\/li>\n\n\n\n<li>La campa\u00f1a oficial bonaerense se apoya en la defensa de la salud, educaci\u00f3n y obra p\u00fablica frente a la paralizaci\u00f3n y los recortes nacionales.<a href=\"https:\/\/www.infobae.com\/politica\/2025\/08\/19\/kicillof-hay-que-ganar-en-octubre-pero-septiembre-es-la-posibilidad-concreta-de-ponerle-un-freno-a-milei\/\" target=\"_blank\" rel=\"noreferrer noopener\">[Infobae]<\/a><\/li>\n<\/ul>\n\n\n\n<p>Kicillof marca distancia con las encuestas y prioriza el trabajo territorial, los intendentes, la gesti\u00f3n y la militancia para revertir la fatiga pol\u00edtica y social.<a href=\"https:\/\/www.haceinstantes.com\/noticias\/2025\/08\/31\/196175-kicillof-llamo-a-votar-el-domingo-para-ponerle-un-limite-a-milei\" target=\"_blank\" rel=\"noreferrer noopener\">[Hace Instantes]<\/a><\/p>\n\n\n\n<h2 class=\"wp-block-heading\">Emergencia de empleo y desplome productivo: la motosierra no era para la casta<\/h2>\n\n\n\n<p>\u201cNo qued\u00f3 sector por agredir: jubilados, universitarios, discapacitados est\u00e1n peor, y empresas como Techint o Acindar despiden y frenan producci\u00f3n\u201d, resume el gobernador. Denuncia una pol\u00edtica \u201canti-industrial\u201d y advierte que la ca\u00edda salarial y el cierre de obras p\u00fablicas generaron una crisis integral.<a href=\"https:\/\/www.perfil.com\/noticias\/politica\/kicillof-volvio-a-cuestionar-a-milei-hay-un-plan-para-exterminar-la-industria-nacional-que-tanto-nos-costo-construir.phtml\" target=\"_blank\" rel=\"noreferrer noopener\">[Perfil]<\/a><\/p>\n\n\n\n<ul class=\"wp-block-list\">\n<li>Entre 2023 y 2025, la provincia perdi\u00f3 m\u00e1s de 200.000 empleos formales y la industria cay\u00f3 12% en capacidad utilizada.<a href=\"https:\/\/www.lanacion.com.ar\/politica\/a-una-semana-de-la-votacion-los-encuestadores-anticipan-un-escenario-dificil-para-milei-en-la-nid31082025\/\" target=\"_blank\" rel=\"noreferrer noopener\">[La Naci\u00f3n]<\/a><\/li>\n\n\n\n<li>El ajuste libertario fren\u00f3 escuelas, hospitales y rutas: m\u00e1s de 80 grandes obras bonaerenses quedaron paralizadas.<a href=\"https:\/\/www.perfil.com\/noticias\/politica\/axel-kicillof-anuncio-un-proyecto-de-ley-para-declarar-la-emergencia-en-la-obra-publica-lo-de-milei-es-una-salvajada.phtml\" target=\"_blank\" rel=\"noreferrer noopener\">[Perfil]<\/a><\/li>\n\n\n\n<li>Kicillof acusa: \u201cLa plata no alcanza ni para asalariados ni jubilados. Los \u00fanicos que mejoran son los grandes fugadores y especuladores\u201d.<a href=\"https:\/\/www.tiempoar.com.ar\/ta_article\/kicillof-elecciones-milei\/\" target=\"_blank\" rel=\"noreferrer noopener\">[Tiempo Argentino]<\/a><\/li>\n<\/ul>\n\n\n\n<p>El gobernador enfatiza que el resultado del 7 de septiembre puede \u201cencaminar hacia una recuperaci\u00f3n de derechos\u201d o habilitar un ajuste m\u00e1s profundo, seg\u00fan la respuesta de las urnas.<a href=\"https:\/\/www.infobae.com\/politica\/2025\/08\/19\/kicillof-hay-que-ganar-en-octubre-pero-septiembre-es-la-posibilidad-concreta-de-ponerle-un-freno-a-milei\/\" target=\"_blank\" rel=\"noreferrer noopener\">[Infobae]<\/a><\/p>\n\n\n\n<p><strong>Infograf\u00eda | Claves de la campa\u00f1a y advertencias de Kicillof<\/strong><\/p>\n\n\n\n<figure class=\"wp-block-table\"><table class=\"has-fixed-layout\"><tbody><tr><th>Tema<\/th><th>Visi\u00f3n de Kicillof<\/th><\/tr><tr><td>Participaci\u00f3n electoral<\/td><td>El ausentismo es victoria para Milei; urge ir a votar<\/td><\/tr><tr><td>Crisis industrial y social<\/td><td>El ajuste no fue para la casta, sino para todas las clases trabajadoras e industriales<\/td><\/tr><tr><td>Obras p\u00fablicas<\/td><td>M\u00e1s de 80 paralizadas; emergencia declarada en sector<\/td><\/tr><tr><td>Salud y educaci\u00f3n<\/td><td>Motosierra nacional, provincia sostiene inversi\u00f3n con recursos propios<\/td><\/tr><\/tbody><\/table><\/figure>\n\n\n\n<h2 class=\"wp-block-heading\">Conclusi\u00f3n: participaci\u00f3n o cheque en blanco<\/h2>\n\n\n\n<p>Kicillof cierra con un llamado pol\u00edtico y social: \u201cLa \u00fanica manera de frenar el ajuste y defender los derechos es votando\u201d. Destaca que el resultado en la provincia marcar\u00e1 el rumbo para octubre y la posibilidad efectiva de ponerle un l\u00edmite al ajuste y al gobierno nacional.<\/p>\n\n\n\n<p>M\u00e1s cobertura y an\u00e1lisis pol\u00edtico en <a href=\"https:\/\/www.enorsai.com.ar\/politica\/2025\/09\/01\/kicillof-participacion-limite-milei-elecciones.html\">Enorsai<\/a> y actualizaciones en <a href=\"https:\/\/www.infobae.com\/politica\/2025\/08\/19\/kicillof-hay-que-ganar-en-octubre-pero-septiembre-es-la-posibilidad-concreta-de-ponerle-un-freno-a-milei\/\" target=\"_blank\" rel=\"noreferrer noopener\">Infobae<\/a>.<\/p>\n\n\n\n<p><strong>Reflexi\u00f3n final:<\/strong> Kicillof alerta: \u201cEl voto es el verdadero l\u00edmite. La crisis y el ajuste s\u00f3lo se frenan con urnas llenas y movilizaci\u00f3n popular\u201d.<\/p>\n\n\n\n<p>Dejanos tu comentario debajo o escribinos a <a href=\"mailto:enorsaionline@gmail.com\">enorsaionline@gmail.com<\/a><\/p>\n\n\n\n<h2 class=\"wp-block-heading\">Preguntas frecuentes sobre el llamado de Kicillof para las elecciones<\/h2>\n\n\n\n<h3 class=\"wp-block-heading\">\u00bfPor qu\u00e9 Kicillof insiste tanto en votar el domingo?<\/h3>\n\n\n\n<p>Porque sostiene que el ausentismo electoral beneficia directamente la continuidad del ajuste y el avance de Milei: votar es el \u00fanico l\u00edmite democr\u00e1tico.<\/p>\n\n\n\n<h3 class=\"wp-block-heading\">\u00bfQu\u00e9 sectores denuncia como m\u00e1s afectados por el ajuste?<\/h3>\n\n\n\n<p>Jubilados, empleados p\u00fablicos, universitarios, discapacitados, pymes y la industria bonaerense sufren la mayor ca\u00edda en salarios y empleo.<\/p>\n\n\n\n<h3 class=\"wp-block-heading\">\u00bfC\u00f3mo ve Kicillof el futuro si no hay reacci\u00f3n en las urnas?<\/h3>\n\n\n\n<p>Advierte que podr\u00eda profundizarse el ajuste, la par\u00e1lisis de la obra p\u00fablica y la destrucci\u00f3n de derechos sociales si no hay una respuesta clara en las urnas.<\/p>\n\n\n\n<h3 class=\"wp-block-heading\">\u00bfPor qu\u00e9 la obra p\u00fablica es central en la campa\u00f1a bonaerense?<\/h3>\n\n\n\n<p>El freno de obras nacionales agrav\u00f3 problemas de educaci\u00f3n, salud, seguridad vial y desarrollo local; Kicillof propone leyes de emergencia para continuarlas con fondos locales.<\/p>\n\n\n\n<h3 class=\"wp-block-heading\">\u00bfD\u00f3nde seguir el avance del debate pol\u00edtico bonaerense?<\/h3>\n\n\n\n<p>Enorsai, Infobae, P\u00e1gina12 y medios regionales brindan an\u00e1lisis y cobertura sobre el proceso electoral y la disputa entre Naci\u00f3n y Provincia.<\/p>\n","protected":false},"excerpt":{"rendered":"<p>Axel Kicillof advierte que la baja participaci\u00f3n s\u00f3lo beneficia a Milei y el ajuste. Llama a votar el domingo como \u00fanico l\u00edmite efectivo al gobierno nacional y el avance de la motosierra.<\/p>\n","protected":false},"author":4,"featured_media":8140,"comment_status":"open","ping_status":"open","sticky":false,"template":"","format":"standard","meta":{"_monsterinsights_skip_tracking":false,"_monsterinsights_sitenote_active":false,"_monsterinsights_sitenote_note":"","_monsterinsights_sitenote_category":0,"footnotes":"","jetpack_publicize_message":"Kicillof: \u201cEl voto es el \u00fanico l\u00edmite real al ajuste de Milei\u201d\n\n","jetpack_publicize_feature_enabled":true,"jetpack_social_post_already_shared":false,"jetpack_social_options":{"image_generator_settings":{"template":"highway","default_image_id":0,"font":"","enabled":false},"version":2}},"categories":[2],"tags":[58,1614,238,2655,276,190,991,2529,29,3366,45,1996,249],"class_list":["post-8139","post","type-post","status-publish","format-standard","has-post-thumbnail","hentry","category-politica","tag-ajuste","tag-ausentismo","tag-axel-kicillof","tag-competitividad","tag-educacion","tag-elecciones","tag-elecciones2025","tag-fuerza-patria","tag-industria","tag-limite-a-milei","tag-milei","tag-obras-publicas","tag-salud"],"jetpack_publicize_connections":[],"_links":{"self":[{"href":"https:\/\/www.enorsai.com\/noticias\/wp-json\/wp\/v2\/posts\/8139","targetHints":{"allow":["GET"]}}],"collection":[{"href":"https:\/\/www.enorsai.com\/noticias\/wp-json\/wp\/v2\/posts"}],"about":[{"href":"https:\/\/www.enorsai.com\/noticias\/wp-json\/wp\/v2\/types\/post"}],"author":[{"embeddable":true,"href":"https:\/\/www.enorsai.com\/noticias\/wp-json\/wp\/v2\/users\/4"}],"replies":[{"embeddable":true,"href":"https:\/\/www.enorsai.com\/noticias\/wp-json\/wp\/v2\/comments?post=8139"}],"version-history":[{"count":1,"href":"https:\/\/www.enorsai.com\/noticias\/wp-json\/wp\/v2\/posts\/8139\/revisions"}],"predecessor-version":[{"id":8141,"href":"https:\/\/www.enorsai.com\/noticias\/wp-json\/wp\/v2\/posts\/8139\/revisions\/8141"}],"wp:featuredmedia":[{"embeddable":true,"href":"https:\/\/www.enorsai.com\/noticias\/wp-json\/wp\/v2\/media\/8140"}],"wp:attachment":[{"href":"https:\/\/www.enorsai.com\/noticias\/wp-json\/wp\/v2\/media?parent=8139"}],"wp:term":[{"taxonomy":"category","embeddable":true,"href":"https:\/\/www.enorsai.com\/noticias\/wp-json\/wp\/v2\/categories?post=8139"},{"taxonomy":"post_tag","embeddable":true,"href":"https:\/\/www.enorsai.com\/noticias\/wp-json\/wp\/v2\/tags?post=8139"}],"curies":[{"name":"wp","href":"https:\/\/api.w.org\/{rel}","templated":true}]}}