{"id":8138,"date":"2025-08-31T22:26:31","date_gmt":"2025-09-01T01:26:31","guid":{"rendered":"https:\/\/www.enorsai.com\/noticias\/politica\/juan-pablo-valdes-gano-en-corrientes-y-los-leones-de-milei-salieron-ultimos\/"},"modified":"2025-09-01T05:21:36","modified_gmt":"2025-09-01T08:21:36","slug":"juan-pablo-valdes-gano-en-corrientes-y-los-leones-de-milei-salieron-ultimos","status":"publish","type":"post","link":"https:\/\/www.enorsai.com\/noticias\/politica\/juan-pablo-valdes-gano-en-corrientes-y-los-leones-de-milei-salieron-ultimos\/","title":{"rendered":"Juan Pablo Vald\u00e9s gan\u00f3 en Corrientes y los leones de Milei salieron \u00faltimos"},"content":{"rendered":"\n<p>Con m\u00e1s del 90% de las mesas escrutadas, el hermano del actual gobernador se impuso en primera vuelta y profundiza el dominio radical en la provincia<br><br>Corrientes vot\u00f3 y el resultado confirm\u00f3 lo que muchos anticipaban: el poder se queda en familia. Con el 93,16% de las mesas escrutadas, Juan Pablo Vald\u00e9s, candidato de Vamos Corrientes y hermano del actual gobernador Gustavo Vald\u00e9s, obtuvo el 52,61% de los votos, asegur\u00e1ndose la gobernaci\u00f3n en primera vuelta. La victoria no solo ratifica la fuerza del radicalismo en la provincia, sino que tambi\u00e9n expone la dificultad de la oposici\u00f3n para construir una alternativa s\u00f3lida.<br><br>En segundo lugar qued\u00f3 el candidato peronista Mart\u00edn \u201cTincho\u201d Asc\u00faa, con apenas el 20,1%, muy lejos de la competitividad que su espacio buscaba instalar. El hist\u00f3rico caudillo Ricardo Colombi, por su parte, cosech\u00f3 el 17,27% y reconoci\u00f3 su derrota, un dato pol\u00edtico que abre interrogantes sobre el futuro de su espacio Encuentro por Corrientes \u2013 Eco. La Libertad Avanza, en tanto, no logr\u00f3 capitalizar el clima nacional y se hundi\u00f3 con un discreto 8,24%, quedando relegada a un cuarto lugar.<br><br>La jornada electoral no estuvo exenta de pol\u00e9micas. La difusi\u00f3n de datos oficiales sufri\u00f3 demoras, la p\u00e1gina web del escrutinio provisorio colaps\u00f3 y el propio oficialismo sali\u00f3 a proclamar el triunfo en redes sociales antes de que la Junta Electoral difundiera resultados. Mientras tanto, desde La Libertad Avanza denunciaron \u201cirregularidades t\u00edpicas de la vieja pol\u00edtica\u201d, aunque no presentaron denuncias formales.<br><br>Con este resultado, Corrientes se convierte en un caso emblem\u00e1tico del nepotismo institucionalizado: un gobernador que entrega el bast\u00f3n a su hermano en un esquema que perpet\u00faa el poder de un mismo clan. La excusa de la \u201ccontinuidad de gesti\u00f3n\u201d termina siendo la fachada de un proyecto cerrado, que acapara la administraci\u00f3n p\u00fablica, condiciona a la oposici\u00f3n y alimenta un c\u00edrculo de poder dif\u00edcil de quebrar.<br><br>M\u00e1s all\u00e1 de los n\u00fameros, la elecci\u00f3n deja un mensaje claro: el radicalismo correntino no solo controla la provincia, sino que ha logrado construir un aparato electoral que se nutre de la fragmentaci\u00f3n opositora. Ni el peronismo, ni el viejo caudillismo de Colombi, ni mucho menos el experimento libertario de Milei, lograron interpelar a un electorado que vot\u00f3 por la continuidad.<br><br>En paralelo, la participaci\u00f3n alcanz\u00f3 el 72,4% del padr\u00f3n, un dato superior al de otras provincias como Santa Fe. La cifra muestra un inter\u00e9s ciudadano que, parad\u00f3jicamente, convive con un escenario pol\u00edtico donde las opciones de cambio parecen cada vez m\u00e1s limitadas.<br><br>El triunfo de Juan Pablo Vald\u00e9s no solo marca la consolidaci\u00f3n de un apellido en el poder, sino que tambi\u00e9n abre el debate sobre la calidad democr\u00e1tica en las provincias donde el oficialismo gobierna con control hegem\u00f3nico y la alternancia se vuelve una quimera.<br><br>Fuente:<\/p>\n\n\n\n<ul class=\"wp-block-list\">\n<li>https:\/\/www.lanacion.com.ar\/politica\/resultados-en-vivo-de-corrientes-como-van-las-elecciones-2025-nid31082025\/<\/li>\n<\/ul>\n","protected":false},"excerpt":{"rendered":"<p>Con m\u00e1s del 90% de las mesas escrutadas, el hermano del actual gobernador se impuso en primera vuelta y profundiza el dominio radical en la provincia Corrientes vot\u00f3 y el resultado confirm\u00f3 lo que muchos anticipaban: el poder se queda en familia. Con el 93,16% de las mesas escrutadas, Juan Pablo Vald\u00e9s, candidato de Vamos&#8230;<\/p>\n","protected":false},"author":13,"featured_media":8137,"comment_status":"open","ping_status":"open","sticky":false,"template":"","format":"standard","meta":{"_monsterinsights_skip_tracking":false,"_monsterinsights_sitenote_active":false,"_monsterinsights_sitenote_note":"","_monsterinsights_sitenote_category":0,"footnotes":"","jetpack_publicize_message":"","jetpack_publicize_feature_enabled":true,"jetpack_social_post_already_shared":true,"jetpack_social_options":{"image_generator_settings":{"template":"highway","default_image_id":0,"font":"","enabled":false},"version":2}},"categories":[2],"tags":[3379,478,190,3380,605,1205,1044,363,940,279],"class_list":["post-8138","post","type-post","status-publish","format-standard","has-post-thumbnail","hentry","category-politica","tag-colombi","tag-corrientes","tag-elecciones","tag-hegemonia","tag-libertarios","tag-nepotismo","tag-oficialismo","tag-peronismo","tag-radicalismo","tag-valdes"],"jetpack_publicize_connections":[],"_links":{"self":[{"href":"https:\/\/www.enorsai.com\/noticias\/wp-json\/wp\/v2\/posts\/8138","targetHints":{"allow":["GET"]}}],"collection":[{"href":"https:\/\/www.enorsai.com\/noticias\/wp-json\/wp\/v2\/posts"}],"about":[{"href":"https:\/\/www.enorsai.com\/noticias\/wp-json\/wp\/v2\/types\/post"}],"author":[{"embeddable":true,"href":"https:\/\/www.enorsai.com\/noticias\/wp-json\/wp\/v2\/users\/13"}],"replies":[{"embeddable":true,"href":"https:\/\/www.enorsai.com\/noticias\/wp-json\/wp\/v2\/comments?post=8138"}],"version-history":[{"count":1,"href":"https:\/\/www.enorsai.com\/noticias\/wp-json\/wp\/v2\/posts\/8138\/revisions"}],"predecessor-version":[{"id":8147,"href":"https:\/\/www.enorsai.com\/noticias\/wp-json\/wp\/v2\/posts\/8138\/revisions\/8147"}],"wp:featuredmedia":[{"embeddable":true,"href":"https:\/\/www.enorsai.com\/noticias\/wp-json\/wp\/v2\/media\/8137"}],"wp:attachment":[{"href":"https:\/\/www.enorsai.com\/noticias\/wp-json\/wp\/v2\/media?parent=8138"}],"wp:term":[{"taxonomy":"category","embeddable":true,"href":"https:\/\/www.enorsai.com\/noticias\/wp-json\/wp\/v2\/categories?post=8138"},{"taxonomy":"post_tag","embeddable":true,"href":"https:\/\/www.enorsai.com\/noticias\/wp-json\/wp\/v2\/tags?post=8138"}],"curies":[{"name":"wp","href":"https:\/\/api.w.org\/{rel}","templated":true}]}}