{"id":8127,"date":"2025-08-31T19:10:14","date_gmt":"2025-08-31T22:10:14","guid":{"rendered":"https:\/\/www.enorsai.com\/noticias\/?p=8127"},"modified":"2025-08-31T19:10:20","modified_gmt":"2025-08-31T22:10:20","slug":"crisis-panadera-14-000-cierres-consumo-de-pan-en-minimos-historicos-y-produccion-a-la-mitad","status":"publish","type":"post","link":"https:\/\/www.enorsai.com\/noticias\/politica\/crisis-panadera-14-000-cierres-consumo-de-pan-en-minimos-historicos-y-produccion-a-la-mitad\/","title":{"rendered":"Crisis panadera: 14.000 cierres, consumo de pan en m\u00ednimos hist\u00f3ricos y producci\u00f3n a la mitad"},"content":{"rendered":"\n<p>Por Redacci\u00f3n Enorsai<\/p>\n\n\n\n<p>Mart\u00edn Pinto, presidente del Centro de Panaderos bonaerense, confirma la profundidad de la crisis: <strong>cerraron 14.000 panader\u00edas en el pa\u00eds en los \u00faltimos 18 meses<\/strong>, el consumo popular cay\u00f3 50% y la venta de facturas y pasteler\u00eda se desplom\u00f3 hasta 85%. La industria, vital para empleo y econom\u00eda, hoy solo usa la mitad de su capacidad instalada y trabaja al borde de la supervivencia.<a href=\"https:\/\/www.infobae.com\/economia\/2025\/08\/31\/por-la-caida-de-las-ventas-en-los-ultimos-18-meses-cerraron-14000-panaderias\/\" target=\"_blank\" rel=\"noreferrer noopener\">[Infobae]<\/a><\/p>\n\n\n\n<h2 class=\"wp-block-heading\">Un derrumbe productivo y social sin precedentes<\/h2>\n\n\n\n<p>El grueso del sector panadero argentino atraviesa la peor crisis de su historia: la mitad de los hornos apagados, variedad dr\u00e1sticamente reducida y consumos b\u00e1sicos como el pan \u2014term\u00f3metro de pobreza\u2014 en niveles hist\u00f3ricamente bajos.<a href=\"https:\/\/www.ambito.com\/economia\/crisis-las-panaderias-18-meses-cerraron-14000-locales-y-la-venta-facturas-cayo-85-n6184837\" target=\"_blank\" rel=\"noreferrer noopener\">[\u00c1mbito]<\/a><\/p>\n\n\n\n<ul class=\"wp-block-list\">\n<li>14.000 panader\u00edas cerradas en 18 meses, seg\u00fan el Centro de Panaderos de Buenos Aires.<\/li>\n\n\n\n<li>Solo el 60% de las m\u00e1quinas est\u00e1 funcionando; la producci\u00f3n es apenas la mitad de la capacidad instalada.<a href=\"https:\/\/dib.com.ar\/economia\/panaderias-el-ultimo-ano-y-medio-cerraron-alrededor-14000-todo-el-pais-n46913\" target=\"_blank\" rel=\"noreferrer noopener\">[DIB]<\/a><\/li>\n\n\n\n<li>El consumo de pan cay\u00f3 50% y el de pasteler\u00eda (facturas, s\u00e1ndwiches de miga) 85%: la demanda de b\u00e1sicos desplaz\u00f3 a los cl\u00e1sicos de la mesa argentina, que apenas se venden por pedido.<a href=\"https:\/\/www.laprensa.com.ar\/En-18-meses-cerraron-14000-panaderias-y-la-venta-de-facturas-cayo-85-563559.note.aspx\" target=\"_blank\" rel=\"noreferrer noopener\">[La Prensa]<\/a><\/li>\n\n\n\n<li>Los mostradores se achicaron: muchas panader\u00edas hoy s\u00f3lo ofrecen pan com\u00fan, apagando heladeras y hornos para evitar perder stock no vendido.<\/li>\n<\/ul>\n\n\n\n<p>El precio de materias primas clave (harina, levadura, grasa, servicios p\u00fablicos) subi\u00f3 por encima de la inflaci\u00f3n y empuja a la marginalidad o el cierre. Seg\u00fan Pinto, la gente prioriza leche y carne y hasta fabrica su propio pan, s\u00edntoma de empobrecimiento grave.<a href=\"https:\/\/elciudadanoweb.com\/crisis-en-el-sector-en-el-dia-del-panadero-advierten-que-el-consumo-de-pan-cayo-un-53-en-el-2025\/\" target=\"_blank\" rel=\"noreferrer noopener\">[El Ciudadano]<\/a><\/p>\n\n\n\n<h2 class=\"wp-block-heading\">Panader\u00eda: term\u00f3metro de la pobreza y la crisis pyme<\/h2>\n\n\n\n<p>La crisis de las panader\u00edas impacta en miles de empleos y en el tejido social argentino. Ya ni la docena de facturas con descuento se vende y la producci\u00f3n se limita al encargo previo, recortando incluso la sociabilidad del \u201cpan de la tarde\u201d.<a href=\"https:\/\/mnews.com.ar\/economia_negocios\/143441-Panaderias-en-crisis-en-18-meses-cerraron-14000-locales-y-la-venta-de-facturas-cayo-un-85\" target=\"_blank\" rel=\"noreferrer noopener\">[mnews]<\/a><\/p>\n\n\n\n<p>\u201cSi seguimos as\u00ed, con este gobierno vamos camino a la extinci\u00f3n de la industria panadera\u201d, advirti\u00f3 Pinto, alertando que de persistir la tendencia solo quedar\u00e1n grandes industrias y cadenas.<a href=\"https:\/\/www.pagina12.com.ar\/822004-desde-que-asumio-javier-milei-ya-cerraron-mas-de-1-100-panad\" target=\"_blank\" rel=\"noreferrer noopener\">[P\u00e1gina12]<\/a><\/p>\n\n\n\n<p><strong>Infograf\u00eda | Crisis panadera en cifras<\/strong><\/p>\n\n\n\n<figure class=\"wp-block-table\"><table class=\"has-fixed-layout\"><tbody><tr><th>Indicador<\/th><th>Dato (\u00faltimos 18 meses)<\/th><\/tr><tr><td>Panader\u00edas cerradas<\/td><td>14.000<\/td><\/tr><tr><td>% capacidad instalada usada<\/td><td>50\u201360%<\/td><\/tr><tr><td>Ca\u00edda del consumo de pan<\/td><td>50%<\/td><\/tr><tr><td>Baja en ventas de facturas<\/td><td>85%<\/td><\/tr><tr><td>Variedad de productos<\/td><td>Muy limitada (pan y pocos b\u00e1sicos)<\/td><\/tr><\/tbody><\/table><\/figure>\n\n\n\n<h2 class=\"wp-block-heading\">Conclusi\u00f3n: alarma en el coraz\u00f3n de la econom\u00eda cotidiana<\/h2>\n\n\n\n<p>El cierre masivo de panader\u00edas y la ca\u00edda brutal del consumo revelan el drama de las pymes, la recesi\u00f3n y la p\u00e9rdida de calidad de vida. El s\u00edmbolo del pan como \u201cterm\u00f3metro de los pobres\u201d expone la crudeza de la crisis social y la urgencia de pol\u00edticas de salvataje.<a href=\"https:\/\/www.minutouno.com\/economia\/panaderias-crisis-18-meses-cerraron-14000-locales-y-la-venta-facturas-cayo-un-85-n6184827\" target=\"_blank\" rel=\"noreferrer noopener\">[Minutouno]<\/a><\/p>\n\n\n\n<p>M\u00e1s testimonios y an\u00e1lisis en <a href=\"https:\/\/www.enorsai.com.ar\/economia\/2025\/08\/31\/panaderias-cierre-consumo-pobreza-pinto.html\">Enorsai<\/a> y la cobertura en <a href=\"https:\/\/www.infobae.com\/economia\/2025\/08\/31\/por-la-caida-de-las-ventas-en-los-ultimos-18-meses-cerraron-14000-panaderias\/\" target=\"_blank\" rel=\"noreferrer noopener\">Infobae<\/a>.<\/p>\n\n\n\n<p><strong>Reflexi\u00f3n final:<\/strong> Cuando ya no se vende ni pan ni factura, la econom\u00eda real da una alerta m\u00e1xima: lo que se apaga con cada horno es una parte de la vida, el empleo y la cultura popular.<\/p>\n\n\n\n<p>Dejanos tu comentario debajo o escribinos a <a href=\"mailto:enorsaionline@gmail.com\">enorsaionline@gmail.com<\/a><\/p>\n\n\n\n<h2 class=\"wp-block-heading\">Preguntas frecuentes sobre la crisis panadera argentina<\/h2>\n\n\n\n<h3 class=\"wp-block-heading\">\u00bfCu\u00e1ntas panader\u00edas cerraron en el \u00faltimo a\u00f1o y medio?<\/h3>\n\n\n\n<p>Seg\u00fan Mart\u00edn Pinto y CIPAN, fueron 14.000 cierres en todo el pa\u00eds entre febrero 2024 y agosto 2025.<\/p>\n\n\n\n<h3 class=\"wp-block-heading\">\u00bfCu\u00e1nto cay\u00f3 el consumo de pan y facturas?<\/h3>\n\n\n\n<p>El pan se vende la mitad que antes y las facturas un 85%, seg\u00fan el Centro de Panaderos y relevamientos sectoriales.<\/p>\n\n\n\n<h3 class=\"wp-block-heading\">\u00bfPor qu\u00e9 produce tan poco la industria panadera hoy?<\/h3>\n\n\n\n<p>De cada 10 m\u00e1quinas, solo 6 funcionan y las panader\u00edas cocinan por encargo. El costo de la harina, la energ\u00eda y la ca\u00edda de demanda explican el ensanchado parate.<\/p>\n\n\n\n<h3 class=\"wp-block-heading\">\u00bfQu\u00e9 significa esta crisis para la sociedad?<\/h3>\n\n\n\n<p>El pan es un term\u00f3metro de pobreza. Menos pan en la mesa refleja la magnitud de la crisis y la p\u00e9rdida de empleo y vida social barrial.<\/p>\n\n\n\n<h3 class=\"wp-block-heading\">\u00bfD\u00f3nde informarse sobre el tema?<\/h3>\n\n\n\n<p>Enorsai, Infobae, \u00c1mbito y medios sectoriales ofrecen cobertura y testimonios actualizados sobre la crisis panadera.<\/p>\n","protected":false},"excerpt":{"rendered":"<p>En 18 meses cerraron 14.000 panader\u00edas, el consumo de pan cay\u00f3 a la mitad y la venta de facturas baj\u00f3 85%. Crisis pyme, empleo y econom\u00eda cotidiana en alerta.<\/p>\n","protected":false},"author":4,"featured_media":8128,"comment_status":"open","ping_status":"open","sticky":false,"template":"","format":"standard","meta":{"_monsterinsights_skip_tracking":false,"_monsterinsights_sitenote_active":false,"_monsterinsights_sitenote_note":"","_monsterinsights_sitenote_category":0,"footnotes":"","jetpack_publicize_message":"Crisis panadera: 14.000 cierres y el consumo de pan en el piso","jetpack_publicize_feature_enabled":true,"jetpack_social_post_already_shared":false,"jetpack_social_options":{"image_generator_settings":{"template":"highway","default_image_id":0,"font":"","enabled":false},"version":2}},"categories":[3,2],"tags":[3364,3363,3362,3360,3361,475,3365,301,3238],"class_list":["post-8127","post","type-post","status-publish","format-standard","has-post-thumbnail","hentry","category-economia","category-politica","tag-cierre-panaderias","tag-consumo-facturas","tag-consumo-pan","tag-martin-pinto","tag-panaderias-crisis","tag-pobreza","tag-produccion-alimentos","tag-pymes","tag-recesion-argentina"],"jetpack_publicize_connections":[],"_links":{"self":[{"href":"https:\/\/www.enorsai.com\/noticias\/wp-json\/wp\/v2\/posts\/8127","targetHints":{"allow":["GET"]}}],"collection":[{"href":"https:\/\/www.enorsai.com\/noticias\/wp-json\/wp\/v2\/posts"}],"about":[{"href":"https:\/\/www.enorsai.com\/noticias\/wp-json\/wp\/v2\/types\/post"}],"author":[{"embeddable":true,"href":"https:\/\/www.enorsai.com\/noticias\/wp-json\/wp\/v2\/users\/4"}],"replies":[{"embeddable":true,"href":"https:\/\/www.enorsai.com\/noticias\/wp-json\/wp\/v2\/comments?post=8127"}],"version-history":[{"count":1,"href":"https:\/\/www.enorsai.com\/noticias\/wp-json\/wp\/v2\/posts\/8127\/revisions"}],"predecessor-version":[{"id":8129,"href":"https:\/\/www.enorsai.com\/noticias\/wp-json\/wp\/v2\/posts\/8127\/revisions\/8129"}],"wp:featuredmedia":[{"embeddable":true,"href":"https:\/\/www.enorsai.com\/noticias\/wp-json\/wp\/v2\/media\/8128"}],"wp:attachment":[{"href":"https:\/\/www.enorsai.com\/noticias\/wp-json\/wp\/v2\/media?parent=8127"}],"wp:term":[{"taxonomy":"category","embeddable":true,"href":"https:\/\/www.enorsai.com\/noticias\/wp-json\/wp\/v2\/categories?post=8127"},{"taxonomy":"post_tag","embeddable":true,"href":"https:\/\/www.enorsai.com\/noticias\/wp-json\/wp\/v2\/tags?post=8127"}],"curies":[{"name":"wp","href":"https:\/\/api.w.org\/{rel}","templated":true}]}}