{"id":8106,"date":"2025-08-31T12:28:17","date_gmt":"2025-08-31T15:28:17","guid":{"rendered":"https:\/\/www.enorsai.com\/noticias\/?p=8106"},"modified":"2025-08-31T12:28:27","modified_gmt":"2025-08-31T15:28:27","slug":"selva-el-gobierno-usa-audios-y-distracciones-para-tapar-el-ajuste-y-la-degradacion-institucional-pero-el-limite-lo-ponen-las-urnas","status":"publish","type":"post","link":"https:\/\/www.enorsai.com\/noticias\/uncategorized\/selva-el-gobierno-usa-audios-y-distracciones-para-tapar-el-ajuste-y-la-degradacion-institucional-pero-el-limite-lo-ponen-las-urnas\/","title":{"rendered":"Selva: \u201cEl gobierno usa audios y distracciones para tapar el ajuste y la degradaci\u00f3n institucional, pero el l\u00edmite lo ponen las urnas\u201d"},"content":{"rendered":"\n<p>Por Redacci\u00f3n Enorsai<\/p>\n\n\n\n<p>Sabrina Selva, diputada nacional de Uni\u00f3n por la Patria, alerta sobre la estrategia de distracci\u00f3n del gobierno con los audios de Karina Milei, denuncia la degradaci\u00f3n institucional en Diputados y convoca a transformar el desencanto social en participaci\u00f3n electoral para frenar el ajuste y defender derechos en Congreso.<\/p>\n\n\n\n<h2 class=\"wp-block-heading\">Audios filtrados y la maniobra de distracci\u00f3n<\/h2>\n\n\n\n<p>Selva considera que la difusi\u00f3n de los audios, presuntamente grabados en la Casa Rosada y vinculados a Karina Milei, es \u201cuna t\u00e1ctica del oficialismo para desviar la agenda\u201d, en respuesta al esc\u00e1ndalo de corrupci\u00f3n en discapacidad. \u00abSon cortinas de humo que buscan distraer y consolidar el relato de impunidad mientras se recortan derechos en \u00e1reas clave.\u00bb<a href=\"https:\/\/am530somosradio.com\/karina-milei-no-dio-explicaciones-sobre-los-audios-donde-la-involucran-en-coimas\/\" target=\"_blank\" rel=\"noreferrer noopener\">[AM530]<\/a><\/p>\n\n\n\n<p>A la vez, la diputada insiste en la gravedad de la falta de explicaciones oficiales y anticipa la presi\u00f3n opositora por una comisi\u00f3n investigadora y el impulso de interpelaciones y posibles juicios pol\u00edticos.<a href=\"https:\/\/x.com\/SabriSelva\/status\/1960133976946819220\" target=\"_blank\" rel=\"noreferrer noopener\">[X\/Selva]<\/a> <\/p>\n\n\n\n<figure class=\"wp-block-embed is-type-wp-embed is-provider-incrustado wp-block-embed-incrustado\"><div class=\"wp-block-embed__wrapper\">\n<blockquote class=\"wp-embedded-content\" data-secret=\"nVu51jR2lu\"><a href=\"https:\/\/www.enorsai.com\/noticias\/politica\/fake-en-su-desesperacion-milei-celebro-el-fin-de-la-causa-libra-en-ee-uu-pero-la-justicia-confirma-que-sigue-abierta\/\">#Fake: En su desesperaci\u00f3n Milei celebr\u00f3 el \u201cfin\u201d de la causa Libra en EE.UU. pero la justicia confirma que sigue abierta<\/a><\/blockquote><iframe loading=\"lazy\" class=\"wp-embedded-content\" sandbox=\"allow-scripts\" security=\"restricted\" style=\"position: absolute; visibility: hidden;\" title=\"\u00ab#Fake: En su desesperaci\u00f3n Milei celebr\u00f3 el \u201cfin\u201d de la causa Libra en EE.UU. pero la justicia confirma que sigue abierta\u00bb \u2014 \" src=\"https:\/\/www.enorsai.com\/noticias\/politica\/fake-en-su-desesperacion-milei-celebro-el-fin-de-la-causa-libra-en-ee-uu-pero-la-justicia-confirma-que-sigue-abierta\/embed\/#?secret=XWeISfXkRC#?secret=nVu51jR2lu\" data-secret=\"nVu51jR2lu\" width=\"600\" height=\"338\" frameborder=\"0\" marginwidth=\"0\" marginheight=\"0\" scrolling=\"no\"><\/iframe>\n<\/div><\/figure>\n\n\n\n<h2 class=\"wp-block-heading\">Desencanto social, baja participaci\u00f3n y el reto a la democracia<\/h2>\n\n\n\n<ul class=\"wp-block-list\">\n<li>Selva asume el \u201cdesencanto generalizado\u201d y la ca\u00edda de la confianza ciudadana en la pol\u00edtica, confirmada por tendencias nacionales de baja concurrencia a votar: el 53% de participaci\u00f3n en CABA marc\u00f3 r\u00e9cords de abstenci\u00f3n con motivaciones de desilusi\u00f3n, enojo y una agenda p\u00fablica dominada por el ajuste.<a href=\"https:\/\/elpais.com\/argentina\/2025-05-25\/la-apatia-electoral-vuelve-a-argentina-no-sabia-que-se-votaba.html\" target=\"_blank\" rel=\"noreferrer noopener\">[El Pa\u00eds]<\/a><\/li>\n\n\n\n<li>Asegura que el gobierno \u201cusa el desencanto a su favor\u201d y busca debilitar al Congreso como barrera institucional: \u00abPretenden debilitar la \u00fanica verdadera oposici\u00f3n\u00bb.<\/li>\n\n\n\n<li>Llama a \u201cconvertir la frustraci\u00f3n en acci\u00f3n electoral\u201d y a pelear por cada diputado\/a necesario para frenar los vetos y proteger jubilaciones y presupuestos en salud y educaci\u00f3n.<a href=\"https:\/\/www.infobae.com\/politica\/2025\/08\/30\/sergio-massa-acompano-a-los-candidatos-del-frente-renovador-y-abogo-por-la-unidad-del-peronismo-en-el-tramo-final-de-la-campana\/\" target=\"_blank\" rel=\"noreferrer noopener\">[Infobae]<\/a><\/li>\n\n\n\n<li>Refuerza la centralidad del Congreso como \u00faltimo l\u00edmite democr\u00e1tico al poder presidencial y plantea una estrategia pol\u00edtica de cohesi\u00f3n y unidad opositora.<\/li>\n<\/ul>\n\n\n\n<h2 class=\"wp-block-heading\">Unidad, presupuesto y el rol clave de la legislatura bonaerense<\/h2>\n\n\n\n<p>En el contexto de ajuste del gobierno nacional, Selva reivindica el rol del Frente Renovador y de Sergio Massa como garantes de la unidad, la defensa del presupuesto provincial y el trabajo territorial real. \u201cEl desaf\u00edo es sumar los legisladores que faltan para frenar vetos y blindar la cobertura social\u201d, afirma.<a href=\"https:\/\/www.infobae.com\/politica\/2025\/08\/30\/sergio-massa-acompano-a-los-candidatos-del-frente-renovador-y-abogo-por-la-unidad-del-peronismo-en-el-tramo-final-de-la-campana\/\" target=\"_blank\" rel=\"noreferrer noopener\">[Infobae]<\/a><\/p>\n\n\n\n<p>Selva anticipa que los resultados peronistas en provincia pueden ser el primer paso crucial para condicionar el escenario nacional y revalorizar al Congreso en la agenda pol\u00edtica.<a href=\"https:\/\/www.pagina12.com.ar\/2942-unidos-contra-la-deuda-y-el-recorte\" target=\"_blank\" rel=\"noreferrer noopener\">[P\u00e1gina12]<\/a><\/p>\n\n\n\n<p><strong>Infograf\u00eda | Claves institucionales y sociales del momento electoral seg\u00fan Selva<\/strong><\/p>\n\n\n\n<figure class=\"wp-block-table\"><table class=\"has-fixed-layout\"><tbody><tr><th>Tema<\/th><th>Diagn\u00f3stico Selva<\/th><th>Respuesta estrat\u00e9gica<\/th><\/tr><tr><td>Audios filtrados \/ corrupci\u00f3n<\/td><td>Maniobra distractiva, silencio oficial, presi\u00f3n investigadora<\/td><td>Promover transparencia, comisi\u00f3n parlamentaria, juicios pol\u00edticos<\/td><\/tr><tr><td>Desencanto y baja participaci\u00f3n<\/td><td>Desmotivaci\u00f3n social, r\u00e9cord de abstenci\u00f3n, desconfianza en la pol\u00edtica<\/td><td>Transformar frustraci\u00f3n en voto, fortalecer el Congreso y la oposici\u00f3n<\/td><\/tr><tr><td>Presupuesto y unidad bonaerense<\/td><td>Provincia, blanca de ajuste, frente amplio, Massa estratega de unidad<\/td><td>Defensa del presupuesto social en salud, educaci\u00f3n y jubilaciones<\/td><\/tr><\/tbody><\/table><\/figure>\n\n\n\n<h2 class=\"wp-block-heading\">Conclusi\u00f3n: el voto como l\u00edmite efectivo y reconstrucci\u00f3n de la esperanza<\/h2>\n\n\n\n<p>Para Selva, la estrategia oficialista de confusi\u00f3n y desgaste confirma que \u201cel voto sigue siendo el verdadero freno al ajuste y la destrucci\u00f3n institucional\u201d. Convoca a la participaci\u00f3n y la unidad para defender derechos y reconstruir confianza en la democracia bonaerense y nacional.<\/p>\n\n\n\n<p>M\u00e1s an\u00e1lisis e impacto electoral en <a href=\"https:\/\/www.enorsai.com.ar\/politica\/2025\/08\/31\/audios-karina-milei-frustracion-selva-eleccion.html\">Enorsai<\/a> y coberturas en <a href=\"https:\/\/www.infobae.com\/politica\/2025\/08\/30\/sergio-massa-acompano-a-los-candidatos-del-frente-renovador-y-abogo-por-la-unidad-del-peronismo-en-el-tramo-final-de-la-campana\/\" target=\"_blank\" rel=\"noreferrer noopener\">Infobae<\/a>.<\/p>\n\n\n\n<p><strong>Reflexi\u00f3n final:<\/strong> Selva subraya: solo con m\u00e1s votantes cr\u00edticos y una oposici\u00f3n cohesionada se podr\u00e1n frenar los embates contra el Estado de derecho, la salud y la educaci\u00f3n. El desaf\u00edo: transformar el desencanto en acci\u00f3n.<\/p>\n\n\n\n<p>Dejanos tu comentario debajo o escribinos a <a href=\"mailto:enorsaionline@gmail.com\">enorsaionline@gmail.com<\/a><\/p>\n\n\n\n<h2 class=\"wp-block-heading\">Preguntas frecuentes sobre la estrategia del gobierno y el rol del Congreso, seg\u00fan Selva<\/h2>\n\n\n\n<h3 class=\"wp-block-heading\">\u00bfQu\u00e9 opina Selva sobre los audios filtrados de Karina Milei?<\/h3>\n\n\n\n<p>Considera que son una maniobra de distracci\u00f3n y exige explicaciones oficiales y una investigaci\u00f3n parlamentaria.<\/p>\n\n\n\n<h3 class=\"wp-block-heading\">\u00bfHay riesgo de baja participaci\u00f3n electoral?<\/h3>\n\n\n\n<p>S\u00ed, Selva coincide en que el desencanto y la crisis pol\u00edtica est\u00e1n desmovilizando a la sociedad, y llama a canalizar la frustraci\u00f3n en participaci\u00f3n c\u00edvica efectiva.<\/p>\n\n\n\n<h3 class=\"wp-block-heading\">\u00bfPor qu\u00e9 el presupuesto provincial y la unidad peronista son clave?<\/h3>\n\n\n\n<p>Para blindar los derechos sociales frente al ajuste del Estado nacional y evitar vetos sobre salud, educaci\u00f3n y jubilaciones, la unidad opositora es esencial.<\/p>\n\n\n\n<h3 class=\"wp-block-heading\">\u00bfQu\u00e9 rol cumple Massa y el Frente Renovador en este esquema?<\/h3>\n\n\n\n<p>Garantizar la unidad electoral y legislativa y asegurar liderazgo territorial para condicionar el rumbo nacional desde el Congreso y la legislatura bonaerense.<\/p>\n\n\n\n<h3 class=\"wp-block-heading\">\u00bfD\u00f3nde leer m\u00e1s sobre elecciones, audios y acci\u00f3n pol\u00edtica frente a Milei?<\/h3>\n\n\n\n<p>Enorsai, Infobae y medios nacionales cubren las claves de la agenda opositora, el esc\u00e1ndalo de los audios y la estrategia de participaci\u00f3n.<\/p>\n","protected":false},"excerpt":{"rendered":"<p>Por Redacci\u00f3n Enorsai Sabrina Selva, diputada nacional de Uni\u00f3n por la Patria, alerta sobre la estrategia de distracci\u00f3n del gobierno con los audios de Karina Milei, denuncia la degradaci\u00f3n institucional en Diputados y convoca a transformar el desencanto social en participaci\u00f3n electoral para frenar el ajuste y defender derechos en Congreso. Audios filtrados y la&#8230;<\/p>\n","protected":false},"author":4,"featured_media":8107,"comment_status":"open","ping_status":"open","sticky":false,"template":"","format":"standard","meta":{"_monsterinsights_skip_tracking":false,"_monsterinsights_sitenote_active":false,"_monsterinsights_sitenote_note":"","_monsterinsights_sitenote_category":0,"footnotes":"","jetpack_publicize_message":"Selva: \u201cS\u00f3lo las urnas frenan el ajuste y la degradaci\u00f3n institucional que busca el gobierno\u201d\n\n","jetpack_publicize_feature_enabled":true,"jetpack_social_post_already_shared":false,"jetpack_social_options":{"image_generator_settings":{"template":"highway","default_image_id":0,"font":"","enabled":false},"version":2}},"categories":[2,1],"tags":[3345,3348,257,3347,3344,3349,3346,3350,1767],"class_list":["post-8106","post","type-post","status-publish","format-standard","has-post-thumbnail","hentry","category-politica","category-uncategorized","tag-audios-karina-milei","tag-baja-participacion","tag-congreso","tag-desencanto-social","tag-distractor-oficialismo","tag-presupuesto-provincia","tag-sabrina-selva","tag-sergio-massa","tag-unidad-peronista"],"jetpack_publicize_connections":[],"_links":{"self":[{"href":"https:\/\/www.enorsai.com\/noticias\/wp-json\/wp\/v2\/posts\/8106","targetHints":{"allow":["GET"]}}],"collection":[{"href":"https:\/\/www.enorsai.com\/noticias\/wp-json\/wp\/v2\/posts"}],"about":[{"href":"https:\/\/www.enorsai.com\/noticias\/wp-json\/wp\/v2\/types\/post"}],"author":[{"embeddable":true,"href":"https:\/\/www.enorsai.com\/noticias\/wp-json\/wp\/v2\/users\/4"}],"replies":[{"embeddable":true,"href":"https:\/\/www.enorsai.com\/noticias\/wp-json\/wp\/v2\/comments?post=8106"}],"version-history":[{"count":1,"href":"https:\/\/www.enorsai.com\/noticias\/wp-json\/wp\/v2\/posts\/8106\/revisions"}],"predecessor-version":[{"id":8108,"href":"https:\/\/www.enorsai.com\/noticias\/wp-json\/wp\/v2\/posts\/8106\/revisions\/8108"}],"wp:featuredmedia":[{"embeddable":true,"href":"https:\/\/www.enorsai.com\/noticias\/wp-json\/wp\/v2\/media\/8107"}],"wp:attachment":[{"href":"https:\/\/www.enorsai.com\/noticias\/wp-json\/wp\/v2\/media?parent=8106"}],"wp:term":[{"taxonomy":"category","embeddable":true,"href":"https:\/\/www.enorsai.com\/noticias\/wp-json\/wp\/v2\/categories?post=8106"},{"taxonomy":"post_tag","embeddable":true,"href":"https:\/\/www.enorsai.com\/noticias\/wp-json\/wp\/v2\/tags?post=8106"}],"curies":[{"name":"wp","href":"https:\/\/api.w.org\/{rel}","templated":true}]}}