{"id":8102,"date":"2025-08-31T12:16:24","date_gmt":"2025-08-31T15:16:24","guid":{"rendered":"https:\/\/www.enorsai.com\/noticias\/?p=8102"},"modified":"2025-08-31T12:16:31","modified_gmt":"2025-08-31T15:16:31","slug":"ultra-de-rocco-carbone-capitalismo-mafioso-fascismo-sigiloso-y-la-lucha-por-la-emancipacion","status":"publish","type":"post","link":"https:\/\/www.enorsai.com\/noticias\/politica\/ultra-de-rocco-carbone-capitalismo-mafioso-fascismo-sigiloso-y-la-lucha-por-la-emancipacion\/","title":{"rendered":"Ultra, de Rocco Carbone: capitalismo mafioso, fascismo sigiloso y la lucha por la emancipaci\u00f3n"},"content":{"rendered":"\n<p>Por Redacci\u00f3n Enorsai<\/p>\n\n\n\n<p>En <strong>Ultra<\/strong>, el fil\u00f3sofo <strong>Rocco Carbone<\/strong> explora c\u00f3mo el fascismo contempor\u00e1neo emerge como <strong>herramienta del capitalismo en crisis<\/strong>, amparando a las elites mientras descarga el ajuste y la fragmentaci\u00f3n sobre la clase trabajadora. El libro conecta teor\u00eda y coyuntura argentina para pensar alternativas emancipatorias frente al poder tecno-financiero.<a href=\"https:\/\/www.penguinlibros.com\/ar\/1000020-rocco-carbone\" target=\"_blank\" rel=\"noreferrer noopener\">[Penguin]<\/a><\/p>\n\n\n\n<h2 class=\"wp-block-heading\">Capitalismo mafioso y fascismo del siglo XXI<\/h2>\n\n\n\n<p>Carbone argumenta que el <strong>capitalismo, cuando entra en crisis, recurre al fascismo para proteger a las burgues\u00edas y los grandes monopolios<\/strong>, perpetuando su propia dominaci\u00f3n. El modelo actual \u2014que denomina \u201caristocracia tecno-financiera\u201d\u2014 se encarna en \u00e9lites globales (como Musk, Bezos o Galperin) y en la <strong>colonizaci\u00f3n corporativa del Estado<\/strong>, siguiendo viejas y nuevas formas de supremacismo (\u00e9tnico, religioso, econ\u00f3mico).<a href=\"https:\/\/lateclaenerevista.com\/des-igualdad-por-rocco-carbone\/\" target=\"_blank\" rel=\"noreferrer noopener\">[La Tecl@ E\u00f1e]<\/a><\/p>\n\n\n\n<p>El fascismo del siglo XXI, insiste Carbone, <strong>ya no se presenta como dictadura cl\u00e1sica, sino como movilizaci\u00f3n fan\u00e1tica, discursos supremacistas y destrucci\u00f3n de la pluralidad<\/strong>. La democracia aparece cada vez m\u00e1s debilitada y el Estado social es reemplazado por una \u201cm\u00e1quina de exclusi\u00f3n\u201d bajo el relato de mercados libres y meritocracia.<a href=\"https:\/\/www.pagina12.com.ar\/781371-rocco-carbone-hay-que-organizar-una-fuerza-antifascista\" target=\"_blank\" rel=\"noreferrer noopener\">[P\u00e1gina12]<\/a> <\/p>\n\n\n\n<figure class=\"wp-block-embed is-type-wp-embed is-provider-incrustado wp-block-embed-incrustado\"><div class=\"wp-block-embed__wrapper\">\n<blockquote class=\"wp-embedded-content\" data-secret=\"RkGpCBqTwR\"><a href=\"https:\/\/www.enorsai.com\/noticias\/politica\/discapacidad-escandalo-judicial-entre-audios-inteligencia-ilegal-y-operaciones-mediaticas-mientras-la-justicia-busca-pruebas-firmes\/\">Discapacidad: esc\u00e1ndalo judicial entre audios, inteligencia ilegal y operaciones medi\u00e1ticas, mientras la Justicia busca pruebas firmes<\/a><\/blockquote><iframe loading=\"lazy\" class=\"wp-embedded-content\" sandbox=\"allow-scripts\" security=\"restricted\" style=\"position: absolute; visibility: hidden;\" title=\"\u00abDiscapacidad: esc\u00e1ndalo judicial entre audios, inteligencia ilegal y operaciones medi\u00e1ticas, mientras la Justicia busca pruebas firmes\u00bb \u2014 \" src=\"https:\/\/www.enorsai.com\/noticias\/politica\/discapacidad-escandalo-judicial-entre-audios-inteligencia-ilegal-y-operaciones-mediaticas-mientras-la-justicia-busca-pruebas-firmes\/embed\/#?secret=2HF2rI8GgV#?secret=RkGpCBqTwR\" data-secret=\"RkGpCBqTwR\" width=\"600\" height=\"338\" frameborder=\"0\" marginwidth=\"0\" marginheight=\"0\" scrolling=\"no\"><\/iframe>\n<\/div><\/figure>\n\n\n\n<h2 class=\"wp-block-heading\">Argentina, Milei y la l\u00f3gica del \u201cfascismo psicotizante\u201d<\/h2>\n\n\n\n<p>El libro advierte sobre el escenario argentino, donde el gobierno de La Libertad Avanza ensaya una <strong>privatizaci\u00f3n del Estado<\/strong> y un experimento de \u201cfascismo psicotizante y celular\u201d: desregulaci\u00f3n extrema, represi\u00f3n a la protesta, demonizaci\u00f3n de adversarios y concentraci\u00f3n del poder econ\u00f3mico.<a href=\"https:\/\/www.pagina12.com.ar\/781371-rocco-carbone-hay-que-organizar-una-fuerza-antifascista\" target=\"_blank\" rel=\"noreferrer noopener\">[P\u00e1gina12]<\/a><\/p>\n\n\n\n<p>Para Carbone, este modelo intenta \u201cenloquecer al pueblo\u201d, desmovilizar fuerzas emancipadoras y suprimir toda construcci\u00f3n pol\u00edtica popular. Hace eje en el presente argentino como laboratorio de un fascismo global, articulado con poderes mafiosos y una elite financiera transnacional.<a href=\"https:\/\/www.instagram.com\/p\/DNtAABT4nLL\/\" target=\"_blank\" rel=\"noreferrer noopener\">[Instagram]<\/a><\/p>\n\n\n\n<h2 class=\"wp-block-heading\">Lucha de clases, revoluci\u00f3n y emancipaci\u00f3n real<\/h2>\n\n\n\n<p>Ultra sostiene que la lucha de clases debe orientarse, no solo a reformas salariales, sino a una transformaci\u00f3n radical del Estado: <strong>la revoluci\u00f3n consiste en desplazar a la clase capitalista y ubicar a la clase trabajadora en el centro del poder<\/strong>. Carbone recupera el horizonte emancipador y la autonom\u00eda pol\u00edtica, \u00e9tica y laboral frente a la dominaci\u00f3n del capital.<a href=\"https:\/\/lateclaenerevista.com\/emancipacion-y-poder-por-rocco-carbone\/\" target=\"_blank\" rel=\"noreferrer noopener\">[La Tecl@ E\u00f1e]<\/a><\/p>\n\n\n\n<p><strong>Infograf\u00eda | Fascismo, capitalismo y el Estado seg\u00fan Carbone<\/strong><\/p>\n\n\n\n<figure class=\"wp-block-table\"><table class=\"has-fixed-layout\"><tbody><tr><th>Concepto<\/th><th>Definici\u00f3n en Ultra<\/th><\/tr><tr><td>Fascismo<\/td><td>Herramienta hist\u00f3rica del capitalismo en crisis; hoy, fen\u00f3meno sigiloso, psicotizante y digital<\/td><\/tr><tr><td>Aristocracia tecno-financiera<\/td><td>Elites globales con poder sobre mercados, pol\u00edtica y subjetividades<\/td><\/tr><tr><td>Capitalismo mafioso<\/td><td>Financiarizaci\u00f3n, control estatal y extorsi\u00f3n de intereses globales<\/td><\/tr><tr><td>Revoluci\u00f3n<\/td><td>Sustituir el poder burgu\u00e9s y colocar a la clase trabajadora en el Estado<\/td><\/tr><\/tbody><\/table><\/figure>\n\n\n\n<h2 class=\"wp-block-heading\">Borges, Horacio Gonz\u00e1lez y la potencia de la palabra<\/h2>\n\n\n\n<p>Carbone abre el libro citando a Borges (\u201cal destino le agradan las repeticiones&#8230;\u201d) y a Horacio Gonz\u00e1lez (\u201cla revoluci\u00f3n debe comenzar con la conquista de una frase\u201d), subrayando que la <strong>batalla cultural<\/strong> es tambi\u00e9n ling\u00fc\u00edstica y discursiva. Ultra invita a pensar la revoluci\u00f3n como una ruptura simb\u00f3lica y pol\u00edtica con la continuidad del orden burgu\u00e9s.<a href=\"https:\/\/pocketbook.es\/ultra-9789500773164\" target=\"_blank\" rel=\"noreferrer noopener\">[PocketBook]<\/a><\/p>\n\n\n\n<p>El ensayo termina como empieza: es una invitaci\u00f3n a organizar la esperanza, a rebelarse contra la resignaci\u00f3n y a construir autonom\u00eda, frente al avance del fascismo global y local.<\/p>\n\n\n\n<p>M\u00e1s an\u00e1lisis de Carbone en <a href=\"https:\/\/lateclaenerevista.com\/des-igualdad-por-rocco-carbone\/\" target=\"_blank\" rel=\"noreferrer noopener\">La Tecl@ E\u00f1e<\/a> y entrevistas recientes en <a href=\"https:\/\/www.pagina12.com.ar\/781371-rocco-carbone-hay-que-organizar-una-fuerza-antifascista\" target=\"_blank\" rel=\"noreferrer noopener\">P\u00e1gina12<\/a>.<\/p>\n\n\n\n<p><strong>Reflexi\u00f3n final:<\/strong> Ultra es un llamado urgente a comprender el neofascismo y a repolitizar la emancipaci\u00f3n; la revoluci\u00f3n \u2014simb\u00f3lica y social\u2014 sigue siendo necesaria frente al creciente avance del capital absoluto.<\/p>\n\n\n\n<p>Compart\u00ed tu opini\u00f3n debajo o envi\u00e1 un mail a <a href=\"mailto:enorsaionline@gmail.com\">enorsaionline@gmail.com<\/a><\/p>\n\n\n\n<h2 class=\"wp-block-heading\">Preguntas frecuentes sobre \u201cUltra\u201d y el pensamiento de Rocco Carbone<\/h2>\n\n\n\n<h3 class=\"wp-block-heading\">\u00bfCu\u00e1l es la tesis central de Ultra?<\/h3>\n\n\n\n<p>Carbone sostiene que el fascismo del siglo XXI es la herramienta que usa el capitalismo en crisis para proteger a la elite y someter a la clase trabajadora.<\/p>\n\n\n\n<h3 class=\"wp-block-heading\">\u00bfQu\u00e9 diferencia al fascismo actual del hist\u00f3rico?<\/h3>\n\n\n\n<p>Ya no es s\u00f3lo represi\u00f3n estatal: hoy se expresa en manipulaci\u00f3n digital, supremacismo cultural y poder corporativo que fragmenta y desmoviliza a la sociedad.<\/p>\n\n\n\n<h3 class=\"wp-block-heading\">\u00bfC\u00f3mo aporta Ultra al debate argentino?<\/h3>\n\n\n\n<p>Ofrece claves para entender fen\u00f3menos recientes como el avance de la ultraderecha, la privatizaci\u00f3n del Estado y el ataque sistem\u00e1tico contra movimientos populares.<\/p>\n\n\n\n<h3 class=\"wp-block-heading\">\u00bfQu\u00e9 propone Carbone frente al avance neofascista?<\/h3>\n\n\n\n<p>Reformular la lucha de clases, organizar una revoluci\u00f3n pol\u00edtica y cultural que ponga a los trabajadores y a la autonom\u00eda en el centro del poder.<\/p>\n\n\n\n<h3 class=\"wp-block-heading\">\u00bfD\u00f3nde leer o conseguir Ultra?<\/h3>\n\n\n\n<p>Est\u00e1 disponible en librer\u00edas, tiendas virtuales y editoriales independientes; rese\u00f1as y entrevistas pueden encontrarse en P\u00e1gina12, La Tecla E\u00f1e y Penguin Libros.<\/p>\n","protected":false},"excerpt":{"rendered":"<p>En Ultra, Rocco Carbone analiza el fascismo como herramienta del capitalismo en crisis, desmenuza la l\u00f3gica del poder mafioso y anima a una revoluci\u00f3n emancipatoria real.<\/p>\n","protected":false},"author":4,"featured_media":8103,"comment_status":"open","ping_status":"open","sticky":false,"template":"","format":"standard","meta":{"_monsterinsights_skip_tracking":false,"_monsterinsights_sitenote_active":false,"_monsterinsights_sitenote_note":"","_monsterinsights_sitenote_category":0,"footnotes":"","jetpack_publicize_message":"Ultra: Rocco Carbone desnuda el fascismo del capitalismo actual y llama a la emancipaci\u00f3n\n\n","jetpack_publicize_feature_enabled":true,"jetpack_social_post_already_shared":false,"jetpack_social_options":{"image_generator_settings":{"template":"highway","default_image_id":0,"font":"","enabled":false},"version":2}},"categories":[2,4],"tags":[3340,715,3341,136,3342,3343,45,1527,3339,3338],"class_list":["post-8102","post","type-post","status-publish","format-standard","has-post-thumbnail","hentry","category-politica","category-sociedad","tag-aristocracia-tecno-financiera","tag-capitalismo","tag-emancipacion","tag-fascismo","tag-filosofia-politica","tag-libro-ultra","tag-milei","tag-revolucion","tag-rocco-carbone","tag-ultra"],"jetpack_publicize_connections":[],"_links":{"self":[{"href":"https:\/\/www.enorsai.com\/noticias\/wp-json\/wp\/v2\/posts\/8102","targetHints":{"allow":["GET"]}}],"collection":[{"href":"https:\/\/www.enorsai.com\/noticias\/wp-json\/wp\/v2\/posts"}],"about":[{"href":"https:\/\/www.enorsai.com\/noticias\/wp-json\/wp\/v2\/types\/post"}],"author":[{"embeddable":true,"href":"https:\/\/www.enorsai.com\/noticias\/wp-json\/wp\/v2\/users\/4"}],"replies":[{"embeddable":true,"href":"https:\/\/www.enorsai.com\/noticias\/wp-json\/wp\/v2\/comments?post=8102"}],"version-history":[{"count":2,"href":"https:\/\/www.enorsai.com\/noticias\/wp-json\/wp\/v2\/posts\/8102\/revisions"}],"predecessor-version":[{"id":8118,"href":"https:\/\/www.enorsai.com\/noticias\/wp-json\/wp\/v2\/posts\/8102\/revisions\/8118"}],"wp:featuredmedia":[{"embeddable":true,"href":"https:\/\/www.enorsai.com\/noticias\/wp-json\/wp\/v2\/media\/8103"}],"wp:attachment":[{"href":"https:\/\/www.enorsai.com\/noticias\/wp-json\/wp\/v2\/media?parent=8102"}],"wp:term":[{"taxonomy":"category","embeddable":true,"href":"https:\/\/www.enorsai.com\/noticias\/wp-json\/wp\/v2\/categories?post=8102"},{"taxonomy":"post_tag","embeddable":true,"href":"https:\/\/www.enorsai.com\/noticias\/wp-json\/wp\/v2\/tags?post=8102"}],"curies":[{"name":"wp","href":"https:\/\/api.w.org\/{rel}","templated":true}]}}