{"id":8075,"date":"2025-08-30T16:00:47","date_gmt":"2025-08-30T19:00:47","guid":{"rendered":"https:\/\/www.enorsai.com\/noticias\/politica\/encuesta-nacional-el-70-de-los-argentinos-no-pondria-las-manos-en-el-fuego-por-karina-milei\/"},"modified":"2025-08-31T10:33:08","modified_gmt":"2025-08-31T13:33:08","slug":"encuesta-nacional-el-70-de-los-argentinos-no-pondria-las-manos-en-el-fuego-por-karina-milei","status":"publish","type":"post","link":"https:\/\/www.enorsai.com\/noticias\/politica\/encuesta-nacional-el-70-de-los-argentinos-no-pondria-las-manos-en-el-fuego-por-karina-milei\/","title":{"rendered":"Encuesta nacional: el 70% de los argentinos no pondr\u00eda las manos en el fuego por Karina Milei"},"content":{"rendered":"\n<p>El gobierno libertario atraviesa su crisis pol\u00edtica m\u00e1s grave desde que asumi\u00f3 y el epicentro tiene nombre y apellido: Karina Milei. Una encuesta nacional de Zuban C\u00f3rdoba y Asociados revel\u00f3 que el 65,5% de los argentinos cree que tanto la hermana del presidente como Mart\u00edn y Lule Menem deber\u00edan renunciar de inmediato a sus cargos y ponerse a disposici\u00f3n de la Justicia tras el esc\u00e1ndalo de las coimas revelado por los audios de Diego Spagnuolo. El dato es demoledor porque derrumba la idea de que el affaire pod\u00eda quedar encapsulado en los pasillos de la Casa Rosada: la sociedad ya asocia al gobierno con la palabra corrupci\u00f3n, y ese estigma dif\u00edcilmente se borre.<br><br>El impacto electoral es evidente. El 10,5% de los consultados asegur\u00f3 que pensaba votar al oficialismo en octubre, pero que ya no lo har\u00e1. En el caso espec\u00edfico de quienes acompa\u00f1aron a Javier Milei en el balotaje de 2023, el quiebre alcanza al 12,8%. El fen\u00f3meno no es menor: en un gobierno que se construy\u00f3 sobre la promesa de ser la ant\u00edtesis de la \u201ccasta\u201d, la percepci\u00f3n de corrupci\u00f3n cala m\u00e1s hondo que cualquier ajuste econ\u00f3mico. Las promesas de motosierra y honestidad se derrumban ante el olor a coima.<br><br>El sondeo muestra que el 62% de la poblaci\u00f3n considera improvisada la respuesta oficial, mientras que un 70% afirma que no pondr\u00eda las manos en el fuego ni por Karina ni por los Menem. La indulgencia presidencial hacia su hermana y sus aliados no solo alimenta la sospecha, sino que adem\u00e1s profundiza la grieta dentro del propio universo libertario, donde crece la furia de los militantes fundacionales que hoy la acusan de haber convertido un proyecto pol\u00edtico en un negocio personal.<br><br>La din\u00e1mica es conocida en la pol\u00edtica argentina: las crisis de corrupci\u00f3n nunca se resuelven con blindajes ni con voceros repitiendo un libreto. La encuesta es categ\u00f3rica al mostrar que m\u00e1s del 61% cree que este esc\u00e1ndalo impactar\u00e1 negativamente en los mercados y en la confianza de los inversores. La mancha de corrupci\u00f3n no solo es moral, sino tambi\u00e9n econ\u00f3mica.<br><br>La comparaci\u00f3n con otros episodios recientes es inevitable. Mientras el caso \u201clibra\u201d resultaba abstracto y dif\u00edcil de comprender para la mayor\u00eda de la sociedad, la palabra \u201ccoimas\u201d golpea directo en el sentido com\u00fan. El ciudadano de a pie no necesita mayores explicaciones para indignarse: entiende que detr\u00e1s de cada soborno se esconde un privilegio, una puerta giratoria de negocios oscuros y un saqueo al Estado.<br><br>El propio Milei se mostr\u00f3 atrapado en su doble discurso. Durante la campa\u00f1a juraba que \u201cal que roba, se le corta una mano\u201d. Hoy, ante la evidencia que salpica a su hermana, repite que se trata de una operaci\u00f3n y que sus funcionarios son intocables. El presidente que promet\u00eda dinamitar la casta se aferra a las m\u00e1s viejas pr\u00e1cticas de la casta: encubrir, negar y blindar. Esa contradicci\u00f3n erosiona su imagen con m\u00e1s fuerza que cualquier ataque opositor.<br><br>La encuesta confirma lo que ya se respira en la calle y en las redes: el esc\u00e1ndalo de las coimas no es un cap\u00edtulo aislado sino un punto de inflexi\u00f3n en la narrativa oficialista. De ahora en m\u00e1s, cada vez que Milei hable de honestidad y transparencia, una mayor\u00eda de argentinos recordar\u00e1 a Karina y a los Menem. La bandera anticorrupci\u00f3n, que fue clave para llegar al poder, est\u00e1 hecha jirones.<br><br>El caso desnuda la esencia de un gobierno que se jact\u00f3 de no tranzar con la pol\u00edtica tradicional y termin\u00f3 reproduciendo lo peor de ella en tiempo r\u00e9cord. Mientras el presidente se atrinchera en Casa Rosada y denuncia conspiraciones, la opini\u00f3n p\u00fablica ya dict\u00f3 sentencia: corrupci\u00f3n, coimas y encubrimiento. Y el da\u00f1o a su credibilidad es irreversible.<br><br>Fuente:<\/p>\n\n\n\n<ul class=\"wp-block-list\">\n<li>https:\/\/www.lapoliticaonline.com\/politica\/el-65-cree-que-karina-y-los-menem-deberian-renunciar-por-el-caso-de-las-coimas\/<\/li>\n<\/ul>\n","protected":false},"excerpt":{"rendered":"<p>El gobierno libertario atraviesa su crisis pol\u00edtica m\u00e1s grave desde que asumi\u00f3 y el epicentro tiene nombre y apellido: Karina Milei. Una encuesta nacional de Zuban C\u00f3rdoba y Asociados revel\u00f3 que el 65,5% de los argentinos cree que tanto la hermana del presidente como Mart\u00edn y Lule Menem deber\u00edan renunciar de inmediato a sus cargos&#8230;<\/p>\n","protected":false},"author":9,"featured_media":8074,"comment_status":"open","ping_status":"open","sticky":false,"template":"","format":"standard","meta":{"_monsterinsights_skip_tracking":false,"_monsterinsights_sitenote_active":false,"_monsterinsights_sitenote_note":"","_monsterinsights_sitenote_category":0,"footnotes":"","jetpack_publicize_message":"","jetpack_publicize_feature_enabled":true,"jetpack_social_post_already_shared":true,"jetpack_social_options":{"image_generator_settings":{"template":"highway","default_image_id":0,"font":"","enabled":false},"version":2}},"categories":[2],"tags":[625,75,190,843,635,174,605,3324,3323,45,3325],"class_list":["post-8075","post","type-post","status-publish","format-standard","has-post-thumbnail","hentry","category-politica","tag-coimas","tag-corrupcion","tag-elecciones","tag-encuesta","tag-karina","tag-karina-milei","tag-libertarios","tag-lulemenem","tag-martinmenem","tag-milei","tag-zubancordoba"],"jetpack_publicize_connections":[],"_links":{"self":[{"href":"https:\/\/www.enorsai.com\/noticias\/wp-json\/wp\/v2\/posts\/8075","targetHints":{"allow":["GET"]}}],"collection":[{"href":"https:\/\/www.enorsai.com\/noticias\/wp-json\/wp\/v2\/posts"}],"about":[{"href":"https:\/\/www.enorsai.com\/noticias\/wp-json\/wp\/v2\/types\/post"}],"author":[{"embeddable":true,"href":"https:\/\/www.enorsai.com\/noticias\/wp-json\/wp\/v2\/users\/9"}],"replies":[{"embeddable":true,"href":"https:\/\/www.enorsai.com\/noticias\/wp-json\/wp\/v2\/comments?post=8075"}],"version-history":[{"count":1,"href":"https:\/\/www.enorsai.com\/noticias\/wp-json\/wp\/v2\/posts\/8075\/revisions"}],"predecessor-version":[{"id":8093,"href":"https:\/\/www.enorsai.com\/noticias\/wp-json\/wp\/v2\/posts\/8075\/revisions\/8093"}],"wp:featuredmedia":[{"embeddable":true,"href":"https:\/\/www.enorsai.com\/noticias\/wp-json\/wp\/v2\/media\/8074"}],"wp:attachment":[{"href":"https:\/\/www.enorsai.com\/noticias\/wp-json\/wp\/v2\/media?parent=8075"}],"wp:term":[{"taxonomy":"category","embeddable":true,"href":"https:\/\/www.enorsai.com\/noticias\/wp-json\/wp\/v2\/categories?post=8075"},{"taxonomy":"post_tag","embeddable":true,"href":"https:\/\/www.enorsai.com\/noticias\/wp-json\/wp\/v2\/tags?post=8075"}],"curies":[{"name":"wp","href":"https:\/\/api.w.org\/{rel}","templated":true}]}}