{"id":8061,"date":"2025-08-30T10:22:50","date_gmt":"2025-08-30T13:22:50","guid":{"rendered":"https:\/\/www.enorsai.com\/noticias\/?p=8061"},"modified":"2025-08-30T10:22:54","modified_gmt":"2025-08-30T13:22:54","slug":"discapacidad-escandalo-judicial-entre-audios-inteligencia-ilegal-y-operaciones-mediaticas-mientras-la-justicia-busca-pruebas-firmes","status":"publish","type":"post","link":"https:\/\/www.enorsai.com\/noticias\/politica\/discapacidad-escandalo-judicial-entre-audios-inteligencia-ilegal-y-operaciones-mediaticas-mientras-la-justicia-busca-pruebas-firmes\/","title":{"rendered":"Discapacidad: esc\u00e1ndalo judicial entre audios, inteligencia ilegal y operaciones medi\u00e1ticas, mientras la Justicia busca pruebas firmes"},"content":{"rendered":"\n<p>Por Redacci\u00f3n Enorsai<\/p>\n\n\n\n<p>En pleno secreto de sumario, la causa de coimas en ANDIS avanza con <strong>allanamientos, audios filtrados y sospechas de inteligencia ilegal<\/strong>. Jueces y fiscales enfrentan dudas sobre la validez de las pruebas, mientras el principio de inocencia y la manipulaci\u00f3n medi\u00e1tica est\u00e1n en el centro del debate democr\u00e1tico.<\/p>\n\n\n\n<h2 class=\"wp-block-heading\">Allanamientos y pruebas: Casanello y Picardi buscan certezas<\/h2>\n\n\n\n<p>La investigaci\u00f3n por presuntos sobornos en la Agencia Nacional de Discapacidad (ANDIS) est\u00e1 en manos del juez Sebasti\u00e1n Casanello y el fiscal Franco Picardi, quienes ordenaron esta semana <strong>allanamientos simult\u00e1neos en la ANDIS y en la droguer\u00eda Suizo Argentina<\/strong>. En estos operativos se busca documentaci\u00f3n, tel\u00e9fonos y elementos que permitan respaldar o descartar los hechos surgidos de los audios y denuncias p\u00fablicas.<a href=\"https:\/\/www.perfil.com\/noticias\/politica\/allanamientos-en-la-andis-y-en-la-suizo-argentina.phtml\" target=\"_blank\" rel=\"noreferrer noopener\">[Perfil]<\/a><\/p>\n\n\n\n<p><strong>La causa se mantiene bajo secreto de sumario<\/strong>, pero fuentes judiciales confirmaron la entrega de celulares por parte de empresarios investigados y an\u00e1lisis t\u00e9cnico de los dispositivos de Diego Spagnuolo, principal implicado en los audios filtrados.<a href=\"https:\/\/www.cba24n.com.ar\/argentina\/causa-andis--allanamientos--entrega-del-celular-de-un-empresario-y-nuevos-audios_a68b21d61f6b04a00c3192d82\" target=\"_blank\" rel=\"noreferrer noopener\">[CBA24N]<\/a><\/p>\n\n\n\n<h2 class=\"wp-block-heading\">\u00bfMegaoperaci\u00f3n o causa nula? Legalidad de los audios y manipulaci\u00f3n<\/h2>\n\n\n\n<ul class=\"wp-block-list\">\n<li>En Comodoro Py circula la sospecha de una <strong>mega operaci\u00f3n de inteligencia ilegal<\/strong>: muchos creen que las grabaciones atribuidas a Spagnuolo fueron obtenidas sin aval judicial y por actores en disputa interna, lo que podr\u00eda anular la causa de origen.<a href=\"https:\/\/www.pagina12.com.ar\/853421-la-justicia-allana-la-andis-por-los-audios-de-diego-spagnuol\" target=\"_blank\" rel=\"noreferrer noopener\">[P\u00e1gina12]<\/a><\/li>\n\n\n\n<li>El debate legal gira en torno a si los audios son t\u00e9cnicamente v\u00e1lidos como prueba judicial, tema que divide a penalistas y desacredita parte de la cobertura medi\u00e1tica.<a href=\"https:\/\/www.pagina12.com.ar\/853373-coimas-en-andis-sirven-los-audios-de-spagnuolo-como-prueba-j\" target=\"_blank\" rel=\"noreferrer noopener\">[P\u00e1gina12]<\/a><\/li>\n\n\n\n<li>Los medios filtraron informaci\u00f3n reservada, generando confusi\u00f3n y dejando sin acceso a la defensa y a los propios operadores judiciales que no est\u00e1n en el expediente.<\/li>\n<\/ul>\n\n\n\n<p>Especialistas advierten que procesos judiciales sensibles pueden ser \u201coperados\u201d para fines pol\u00edticos, importando m\u00e1s la condena medi\u00e1tica que una sentencia firme.<a href=\"https:\/\/fuego24.com\/nacionales-e-internacionales\/audios-coimas-y-filtraciones-un-escandalo-que-surje-de-las-entranas-del-poder\/\" target=\"_blank\" rel=\"noreferrer noopener\">[Fuego24]<\/a><\/p>\n\n\n\n<h2 class=\"wp-block-heading\">Garantismo en debate: inocencia, justicia y opini\u00f3n p\u00fablica<\/h2>\n\n\n\n<p>Dar\u00edo Villarruel y referentes judiciales reclaman respetar el <strong>principio de inocencia para todos los implicados<\/strong>: ni Karina Milei, ni Javier Milei, ni Spagnuolo pueden ser condenados por informaci\u00f3n a\u00fan no validada en juicio. S\u00f3lo una investigaci\u00f3n seria y con derecho a defensa puede establecer responsabilidades y evitar juicios paralelos en los medios.<a href=\"https:\/\/www.pagina12.com.ar\/853373-coimas-en-andis-sirven-los-audios-de-spagnuolo-como-prueba-j\" target=\"_blank\" rel=\"noreferrer noopener\">[P\u00e1gina12]<\/a><\/p>\n\n\n\n<p>A pesar del esc\u00e1ndalo y de la presi\u00f3n social, el resultado judicial depender\u00e1 de la validez de las pruebas y del respeto por el debido proceso.<a href=\"https:\/\/www.pagina12.com.ar\/853421-la-justicia-allana-la-andis-por-los-audios-de-diego-spagnuol\" target=\"_blank\" rel=\"noreferrer noopener\">[P\u00e1gina12]<\/a><\/p>\n\n\n\n<p><strong>Infograf\u00eda | Cruce de versiones en Causa ANDIS<\/strong><\/p>\n\n\n\n<figure class=\"wp-block-table\"><table class=\"has-fixed-layout\"><tbody><tr><th>Sospecha\/Versi\u00f3n<\/th><th>Hechos<\/th><th>Consecuencias<\/th><\/tr><tr><td>Megaoperaci\u00f3n\/inteligencia ilegal<\/td><td>Audios posiblemente obtenidos sin orden, filtraciones de informaci\u00f3n reservada<\/td><td>Pone en riesgo la validez judicial de las pruebas, posible nulidad<\/td><\/tr><tr><td>Esc\u00e1ndalo real de corrupci\u00f3n<\/td><td>Allanamientos, decomiso de pruebas, entrega de celulares<\/td><td>Posible confirmaci\u00f3n judicial si se valida el material y testimonios<\/td><\/tr><tr><td>Condena medi\u00e1tica antes que judicial<\/td><td>Transcendencia p\u00fablica de los audios y testimonios<\/td><td>Sentencias sociales anticipadas, principio de inocencia en crisis<\/td><\/tr><\/tbody><\/table><\/figure>\n\n\n\n<h2 class=\"wp-block-heading\">La responsabilidad del periodismo y la justicia<\/h2>\n\n\n\n<p>Villarruel concluye que s\u00f3lo una Justicia aut\u00f3noma puede garantizar verdad y reparaci\u00f3n: el reto es que las causas no sean utilizadas como operaciones pol\u00edticas ni para justificar recortes o disputas internas, y que el juicio social no suplante las garant\u00edas procesales que necesita la democracia.<a href=\"https:\/\/www.pagina12.com.ar\/853373-coimas-en-andis-sirven-los-audios-de-spagnuolo-como-prueba-j\" target=\"_blank\" rel=\"noreferrer noopener\">[P\u00e1gina12]<\/a><\/p>\n\n\n\n<p>M\u00e1s contexto y seguimientos en <a href=\"https:\/\/www.pagina12.com.ar\/853421-la-justicia-allana-la-andis-por-los-audios-de-diego-spagnuol\" target=\"_blank\" rel=\"noreferrer noopener\">P\u00e1gina12<\/a> y <a href=\"https:\/\/www.enorsai.com.ar\/politica\/2025\/08\/30\/escandalo-audios-andis-inocencia-justicia-operacion.html\">Enorsai<\/a>.<\/p>\n\n\n\n<p><strong>Reflexi\u00f3n final:<\/strong> El caso ANDIS expone los l\u00edmites entre verdad, manipulaci\u00f3n pol\u00edtica y derecho. La sociedad reclama justicia sin atajos, y el garantismo democr\u00e1tico exige que s\u00f3lo las pruebas firmes -no los titulares ni los rumores- decidan el futuro de los acusados.<\/p>\n\n\n\n<p>Dejanos tu comentario debajo o escribinos a <a href=\"mailto:enorsaionline@gmail.com\">enorsaionline@gmail.com<\/a><\/p>\n\n\n\n<h2 class=\"wp-block-heading\">Preguntas frecuentes sobre la causa ANDIS y el esc\u00e1ndalo judicial<\/h2>\n\n\n\n<h3 class=\"wp-block-heading\">\u00bfCu\u00e1l es la principal sospecha sobre la validez de la causa?<\/h3>\n\n\n\n<p>Muchos juristas creen que los audios fueron obtenidos por inteligencia ilegal, lo que podr\u00eda anular la investigaci\u00f3n si no se confirma su origen legal.<\/p>\n\n\n\n<h3 class=\"wp-block-heading\">\u00bfQu\u00e9 evidencia rescat\u00f3 la Justicia en los allanamientos?<\/h3>\n\n\n\n<p>Se secuestraron documentos y dispositivos de la ANDIS y la Droguer\u00eda Suizo Argentina, y se est\u00e1 peritando el celular de Spagnuolo y otros empresarios.<\/p>\n\n\n\n<h3 class=\"wp-block-heading\">\u00bfPor qu\u00e9 hay tanta filtraci\u00f3n y cobertura medi\u00e1tica?<\/h3>\n\n\n\n<p>El manejo discrecional de la causa hace que s\u00f3lo dos funcionarios tengan acceso al expediente, proliferando las filtraciones interesadas a medios y periodistas.<\/p>\n\n\n\n<h3 class=\"wp-block-heading\">\u00bfC\u00f3mo afecta el caso al principio de inocencia?<\/h3>\n\n\n\n<p>El juicio medi\u00e1tico y la presi\u00f3n social llevaron a condenas anticipadas, mientras el derecho exige que s\u00f3lo un tribunal, con pruebas firmes, defina responsabilidades.<\/p>\n\n\n\n<h3 class=\"wp-block-heading\">\u00bfD\u00f3nde seguir las novedades de la causa?<\/h3>\n\n\n\n<p>Enorsai, P\u00e1gina12 y portales judiciales informan con detalle sobre el avance de la investigaci\u00f3n y el debate sobre la validez de pruebas.<\/p>\n\n\n\n<p><\/p>\n","protected":false},"excerpt":{"rendered":"<p>ANDIS, discapacidad, coimas, Casanello, Picardi, inteligencia ilegal, audios, operaci\u00f3n medi\u00e1tica, principio de inocencia, garantismo, justicia, filtraci\u00f3n<\/p>\n","protected":false},"author":4,"featured_media":8066,"comment_status":"open","ping_status":"open","sticky":false,"template":"","format":"standard","meta":{"_monsterinsights_skip_tracking":false,"_monsterinsights_sitenote_active":false,"_monsterinsights_sitenote_note":"","_monsterinsights_sitenote_category":0,"footnotes":"","jetpack_publicize_message":"Andis: causa judicial envuelta en filtraciones, audios dudosos y sospechas de inteligencia ilegal. Debate por el principio de inocencia y la validez de la prueba.","jetpack_publicize_feature_enabled":true,"jetpack_social_post_already_shared":false,"jetpack_social_options":{"image_generator_settings":{"template":"highway","default_image_id":0,"font":"","enabled":false},"version":2}},"categories":[17,2],"tags":[58,3248,93,3225,3310,625,75,43,900,1879,3312,3309,70,45,3313,3311,72,3314],"class_list":["post-8061","post","type-post","status-publish","format-standard","has-post-thumbnail","hentry","category-opinion","category-politica","tag-ajuste","tag-andis","tag-argentina","tag-audios","tag-casanello","tag-coimas","tag-corrupcion","tag-crisis","tag-discapacidad","tag-filtracion","tag-garantismo","tag-inteligencia-ilegal","tag-justicia","tag-milei","tag-operacion-mediatica","tag-picardi","tag-politica","tag-principio-de-inocencia"],"jetpack_publicize_connections":[],"_links":{"self":[{"href":"https:\/\/www.enorsai.com\/noticias\/wp-json\/wp\/v2\/posts\/8061","targetHints":{"allow":["GET"]}}],"collection":[{"href":"https:\/\/www.enorsai.com\/noticias\/wp-json\/wp\/v2\/posts"}],"about":[{"href":"https:\/\/www.enorsai.com\/noticias\/wp-json\/wp\/v2\/types\/post"}],"author":[{"embeddable":true,"href":"https:\/\/www.enorsai.com\/noticias\/wp-json\/wp\/v2\/users\/4"}],"replies":[{"embeddable":true,"href":"https:\/\/www.enorsai.com\/noticias\/wp-json\/wp\/v2\/comments?post=8061"}],"version-history":[{"count":1,"href":"https:\/\/www.enorsai.com\/noticias\/wp-json\/wp\/v2\/posts\/8061\/revisions"}],"predecessor-version":[{"id":8067,"href":"https:\/\/www.enorsai.com\/noticias\/wp-json\/wp\/v2\/posts\/8061\/revisions\/8067"}],"wp:featuredmedia":[{"embeddable":true,"href":"https:\/\/www.enorsai.com\/noticias\/wp-json\/wp\/v2\/media\/8066"}],"wp:attachment":[{"href":"https:\/\/www.enorsai.com\/noticias\/wp-json\/wp\/v2\/media?parent=8061"}],"wp:term":[{"taxonomy":"category","embeddable":true,"href":"https:\/\/www.enorsai.com\/noticias\/wp-json\/wp\/v2\/categories?post=8061"},{"taxonomy":"post_tag","embeddable":true,"href":"https:\/\/www.enorsai.com\/noticias\/wp-json\/wp\/v2\/tags?post=8061"}],"curies":[{"name":"wp","href":"https:\/\/api.w.org\/{rel}","templated":true}]}}