{"id":8056,"date":"2025-08-30T06:56:20","date_gmt":"2025-08-30T09:56:20","guid":{"rendered":"https:\/\/www.enorsai.com\/noticias\/?p=8056"},"modified":"2025-08-31T10:36:23","modified_gmt":"2025-08-31T13:36:23","slug":"corrupcion-en-la-rosada-los-audios-de-karina-milei-profundizan-la-crisis-libertaria","status":"publish","type":"post","link":"https:\/\/www.enorsai.com\/noticias\/sociedad\/corrupcion-en-la-rosada-los-audios-de-karina-milei-profundizan-la-crisis-libertaria\/","title":{"rendered":"Corrupci\u00f3n en la Rosada: los audios de Karina Milei profundizan la crisis libertaria"},"content":{"rendered":"\n<p>El gobierno de Javier Milei se hunde cada d\u00eda m\u00e1s en su propio laberinto de corrupci\u00f3n, desorden y peleas internas. La investigaci\u00f3n judicial por coimas en la Agencia Nacional de Discapacidad (Andis) y en la droguer\u00eda Suizo Argentina sum\u00f3 un cap\u00edtulo explosivo: allanamientos en las sedes de ambas instituciones, la incautaci\u00f3n de computadoras y documentaci\u00f3n sensible, y, sobre todo, nuevas grabaciones que comprometen directamente a Karina Milei.<\/p>\n\n\n\n<p>Los audios difundidos en las \u00faltimas horas no solo refuerzan las sospechas de recaudaci\u00f3n ilegal sino que confirman que la propia hermana del Presidente tambi\u00e9n est\u00e1 bajo la lupa. En las cintas, atribuidas a Karina, se la escucha hablar de su jornada en la Casa Rosada y de la necesidad de mantener la unidad en medio del caos interno. El detalle no menor es que el propio vocero presidencial, Manuel Adorni, admiti\u00f3 que las grabaciones habr\u00edan sido realizadas dentro de la sede gubernamental. Es decir, la principal funcionaria del c\u00edrculo \u00edntimo de Milei fue espiada en el coraz\u00f3n del poder.<\/p>\n\n\n\n<p>El fiscal Franco Picardi y el juez Sebasti\u00e1n Casanello avanzan contra viento y marea, mientras la familia Kovalivker \u2013accionistas de Suizo Argentina\u2013 intenta frenar la investigaci\u00f3n denunciando la supuesta ilegalidad de las grabaciones. Una jugada desesperada, mientras se niegan a entregar correos electr\u00f3nicos y ponen a sus abogados a bloquear el acceso a pruebas. La justicia, por su parte, orden\u00f3 secuestro de celulares, bloqueo de cajas de seguridad y levantamiento de secretos bancarios, buscando cercar a empresarios y funcionarios.<\/p>\n\n\n\n<p>La crisis golpea de lleno en el n\u00facleo duro libertario. Diego Spagnuolo, exjefe de la Andis y abogado de Milei, aparece en los audios denunciando que Karina y \u201cLule\u201d Menem se \u201cllevaban todo\u201d. Hoy se muestra abatido y con la posibilidad de convertirse en arrepentido, lo que abrir\u00eda un nuevo frente para el oficialismo. Mientras tanto, el celular que entreg\u00f3 \u201ccasualmente vac\u00edo\u201d alimenta m\u00e1s suspicacias sobre el encubrimiento oficial.<\/p>\n\n\n\n<p>En paralelo, el show del desconcierto oficial se repite. Milei primero valid\u00f3 a la empresa implicada, luego intent\u00f3 descalificar a Spagnuolo, despu\u00e9s amenaz\u00f3 con denuncias por calumnias que nunca present\u00f3. Adorni, en un lapsus monumental, termin\u00f3 reconociendo que las grabaciones ocurrieron en la mism\u00edsima Casa Rosada, lo que pulveriza la f\u00e1bula de la \u201coperaci\u00f3n kirchnerista\u201d.<\/p>\n\n\n\n<p>El Gobierno que prometi\u00f3 transparencia se hunde en la corrupci\u00f3n m\u00e1s burda y en una guerra interna que hace crujir a Balcarce 50. Con audios que comprometen a la propia hermana del Presidente, un fiscal que estrecha el cerco judicial y un clima de paranoia que desborda, la \u201ccasta\u201d result\u00f3 ser Milei y los suyos.<\/p>\n\n\n\n<p>Fuente<\/p>\n\n\n\n<ul class=\"wp-block-list\">\n<li><a href=\"https:\/\/www.pagina12.com.ar\/853621-allanamientos-sospechas-y-encima-nuevos-audios\">https:\/\/www.pagina12.com.ar\/853621-allanamientos-sospechas-y-encima-nuevos-audios<\/a><\/li>\n<\/ul>\n","protected":false},"excerpt":{"rendered":"<p>El gobierno de Javier Milei se hunde cada d\u00eda m\u00e1s en su propio laberinto de corrupci\u00f3n, desorden y peleas internas. La investigaci\u00f3n judicial por coimas en la Agencia Nacional de Discapacidad (Andis) y en la droguer\u00eda Suizo Argentina sum\u00f3 un cap\u00edtulo explosivo: allanamientos en las sedes de ambas instituciones, la incautaci\u00f3n de computadoras y documentaci\u00f3n&#8230;<\/p>\n","protected":false},"author":12,"featured_media":3306,"comment_status":"open","ping_status":"open","sticky":false,"template":"","format":"standard","meta":{"_monsterinsights_skip_tracking":false,"_monsterinsights_sitenote_active":false,"_monsterinsights_sitenote_note":"","_monsterinsights_sitenote_category":0,"footnotes":"","jetpack_publicize_message":"","jetpack_publicize_feature_enabled":true,"jetpack_social_post_already_shared":true,"jetpack_social_options":{"image_generator_settings":{"template":"highway","default_image_id":0,"font":"","enabled":false},"version":2}},"categories":[4],"tags":[3334,3248,3225,625,75,635,174,45,72,3333,3209],"class_list":["post-8056","post","type-post","status-publish","format-standard","has-post-thumbnail","hentry","category-sociedad","tag-allanamiento","tag-andis","tag-audios","tag-coimas","tag-corrupcion","tag-karina","tag-karina-milei","tag-milei","tag-politica","tag-rosada","tag-suizo"],"jetpack_publicize_connections":[],"_links":{"self":[{"href":"https:\/\/www.enorsai.com\/noticias\/wp-json\/wp\/v2\/posts\/8056","targetHints":{"allow":["GET"]}}],"collection":[{"href":"https:\/\/www.enorsai.com\/noticias\/wp-json\/wp\/v2\/posts"}],"about":[{"href":"https:\/\/www.enorsai.com\/noticias\/wp-json\/wp\/v2\/types\/post"}],"author":[{"embeddable":true,"href":"https:\/\/www.enorsai.com\/noticias\/wp-json\/wp\/v2\/users\/12"}],"replies":[{"embeddable":true,"href":"https:\/\/www.enorsai.com\/noticias\/wp-json\/wp\/v2\/comments?post=8056"}],"version-history":[{"count":2,"href":"https:\/\/www.enorsai.com\/noticias\/wp-json\/wp\/v2\/posts\/8056\/revisions"}],"predecessor-version":[{"id":8059,"href":"https:\/\/www.enorsai.com\/noticias\/wp-json\/wp\/v2\/posts\/8056\/revisions\/8059"}],"wp:featuredmedia":[{"embeddable":true,"href":"https:\/\/www.enorsai.com\/noticias\/wp-json\/wp\/v2\/media\/3306"}],"wp:attachment":[{"href":"https:\/\/www.enorsai.com\/noticias\/wp-json\/wp\/v2\/media?parent=8056"}],"wp:term":[{"taxonomy":"category","embeddable":true,"href":"https:\/\/www.enorsai.com\/noticias\/wp-json\/wp\/v2\/categories?post=8056"},{"taxonomy":"post_tag","embeddable":true,"href":"https:\/\/www.enorsai.com\/noticias\/wp-json\/wp\/v2\/tags?post=8056"}],"curies":[{"name":"wp","href":"https:\/\/api.w.org\/{rel}","templated":true}]}}