{"id":8051,"date":"2025-08-30T00:09:52","date_gmt":"2025-08-30T03:09:52","guid":{"rendered":"https:\/\/www.enorsai.com\/noticias\/?p=8051"},"modified":"2025-08-30T00:10:23","modified_gmt":"2025-08-30T03:10:23","slug":"violencia-acusaciones-y-apatia-electoral-bianco-exige-pruebas-y-defiende-el-modelo-bonaerense-frente-al-avance-de-discursos-de-odio","status":"publish","type":"post","link":"https:\/\/www.enorsai.com\/noticias\/politica\/violencia-acusaciones-y-apatia-electoral-bianco-exige-pruebas-y-defiende-el-modelo-bonaerense-frente-al-avance-de-discursos-de-odio\/","title":{"rendered":"Violencia, acusaciones y apat\u00eda electoral: Bianco exige pruebas y defiende el modelo bonaerense frente al avance de discursos de odio"},"content":{"rendered":"\n<p>Por Redacci\u00f3n Enorsai<\/p>\n\n\n\n<p>Carlos Bianco, ministro de Gobierno bonaerense, apunt\u00f3 contra las imputaciones sin pruebas de la ministra Bullrich y Espert tras el episodio de violencia en campa\u00f1a. Conden\u00f3 las agresiones y los discursos de odio y advirti\u00f3 sobre la creciente apat\u00eda y desmovilizaci\u00f3n social de cara a la elecci\u00f3n.<\/p>\n\n\n\n<h2 class=\"wp-block-heading\">Cruz de acusaciones tras los incidentes en Lomas de Zamora<\/h2>\n\n\n\n<p>Bianco destac\u00f3 que la **provincia de Buenos Aires condena toda forma de violencia, tanto f\u00edsica como verbal o argumental**, tras los disturbios en la caravana presidencial en Lomas. Insisti\u00f3 en que la polic\u00eda bonaerense cumpli\u00f3 su funci\u00f3n y que la ministra Bullrich reconoci\u00f3 su actuaci\u00f3n, mientras la Casa Militar y las fuerzas federales quedaron bajo escrutinio.<a href=\"https:\/\/www.tiempoar.com.ar\/ta_article\/eleccion-bonaerense-descomposicion\/\" target=\"_blank\" rel=\"noreferrer noopener\">[Tiempo Argentino]<\/a><\/p>\n\n\n\n<p>\u201cSi hay denuncias, que las prueben y act\u00faen en la Justicia. Las acusaciones al voleo tienen tufillo electoral\u201d, afirm\u00f3. Tambi\u00e9n rechaz\u00f3 la imputaci\u00f3n de Espert al intendente local, enfatizando que no hubo organizaci\u00f3n pol\u00edtica detr\u00e1s del episodio.<a href=\"https:\/\/am530somosradio.com\/caso-alexia-repudio-a-la-persecucion-politica-que-impulsan-espert-bullrich-y-la-justicia-federal\/\" target=\"_blank\" rel=\"noreferrer noopener\">[AM 530]<\/a><\/p>\n\n\n\n<h2 class=\"wp-block-heading\">Bullrich, el operativo y la seguridad en campa\u00f1a<\/h2>\n\n\n\n<ul class=\"wp-block-list\">\n<li>Patricia Bullrich admiti\u00f3 p\u00fablicamente la correcta actuaci\u00f3n de la polic\u00eda provincial, pero present\u00f3 denuncias por intimidaci\u00f3n en la justicia federal.<a href=\"https:\/\/www.tiempoar.com.ar\/ta_article\/eleccion-bonaerense-descomposicion\/\" target=\"_blank\" rel=\"noreferrer noopener\">[Tiempo Argentino]<\/a><\/li>\n\n\n\n<li>Kicillof record\u00f3 que la provincia reforz\u00f3 la seguridad del presidente por encima de lo solicitado, mientras Bianco defendi\u00f3 la neutralidad y cobertura plena de todos los actos pol\u00edticos.<a href=\"https:\/\/www.pagina12.com.ar\/853513-axel-kicillof-contra-javier-milei-una-pelea-de-modelos\" target=\"_blank\" rel=\"noreferrer noopener\">[P\u00e1gina12]<\/a><\/li>\n<\/ul>\n\n\n\n<p>De cara a los \u00faltimos d\u00edas de campa\u00f1a, Bianco remarc\u00f3 que todas las fuerzas pol\u00edticas deben notificar sus actos y contar\u00e1n con cobertura policial neutral: \u201cLa pol\u00edtica se hace con argumentos y respeto, no con insultos ni miedo\u201d.<\/p>\n\n\n\n<h2 class=\"wp-block-heading\">Apat\u00eda, discursos de odio y clima electoral enrarecido<\/h2>\n\n\n\n<p>Bianco alert\u00f3 sobre los riesgos de estimular la apat\u00eda y el abstencionismo: \u201cLa violencia y los discursos de odio alimentan la desmovilizaci\u00f3n ciudadana\u201d. Asoci\u00f3 el clima actual a los 90 y subray\u00f3 que la democracia se define en las urnas, no en las denuncias medi\u00e1ticas ni la intimidaci\u00f3n.<a href=\"https:\/\/agenda4p.com.ar\/2025\/08\/11\/legislativas-bonaerenses-bianco-contrasto-la-campana-genuina-del-pj-con-la-de-fake-news-de-la-derecha-libertaria\/\" target=\"_blank\" rel=\"noreferrer noopener\">[Agenda4P]<\/a><\/p>\n\n\n\n<p>El ministro defendi\u00f3 la pol\u00edtica bonaerense de universalidad en la gesti\u00f3n, frente a la \u201cvisi\u00f3n sectaria\u201d nacional: \u201cKicillof gobierna para todos, sin discriminar, con inversi\u00f3n y servicios. No como Milei, que s\u00f3lo representa a sus votantes\u201d.<\/p>\n\n\n\n<p><strong>Infograf\u00eda | Claves del clima de campa\u00f1a bonaerense<\/strong><\/p>\n\n\n\n<figure class=\"wp-block-table\"><table class=\"has-fixed-layout\"><tbody><tr><th>Tema<\/th><th>Posici\u00f3n PBA<\/th><th>Controversia Naci\u00f3n<\/th><\/tr><tr><td>Violencia en actos<\/td><td>Repudio total y operativo reforzado<\/td><td>Acusaciones cruzadas y denuncias pol\u00edticas<\/td><\/tr><tr><td>Seguridad<\/td><td>Polic\u00eda provincial actu\u00f3 de acuerdo a protocolo<\/td><td>Bullrich admiti\u00f3 correcto despliegue, critica fuerzas federales<\/td><\/tr><tr><td>Clima social<\/td><td>Preocupaci\u00f3n por apat\u00eda y discursos de odio<\/td><td>Narrativa de conflicto y polarizaci\u00f3n<\/td><\/tr><\/tbody><\/table><\/figure>\n\n\n\n<h2 class=\"wp-block-heading\">Elecciones y el modelo bonaerense frente al dilema Milei<\/h2>\n\n\n\n<p>Con la recta final de la campa\u00f1a, Bianco insiste en reconstruir esperanza y participaci\u00f3n: \u201cLas urnas definir\u00e1n si la sociedad apoya el odio, el ajuste y la violencia, o el modelo de inclusi\u00f3n y Estado presente\u201d. Calific\u00f3 de \u201cdist\u00f3pico\u201d un triunfo libertario en la provincia por los riesgos sobre salud, educaci\u00f3n y obra p\u00fablica.<\/p>\n\n\n\n<p>Profundiz\u00e1 el debate electoral y de seguridad con <a href=\"https:\/\/www.pagina12.com.ar\/853513-axel-kicillof-contra-javier-milei-una-pelea-de-modelos\" target=\"_blank\" rel=\"noreferrer noopener\">P\u00e1gina12<\/a> y la cobertura de campa\u00f1a en <a href=\"https:\/\/www.enorsai.com.ar\/politica\/2025\/08\/29\/eleccion-campana-violencia-discursos-bianco.html\">Enorsai<\/a>.<\/p>\n\n\n\n<p><strong>Reflexi\u00f3n final:<\/strong> Bianco pide terminar con la violencia, la estigmatizaci\u00f3n pol\u00edtica y la manipulaci\u00f3n de la agenda. El desaf\u00edo es recuperar una democracia con respeto, votos y un Estado bonaerense presente para todos.<\/p>\n\n\n\n<p>Dejanos tu comentario debajo o escribinos a <a href=\"mailto:enorsaionline@gmail.com\">enorsaionline@gmail.com<\/a><\/p>\n\n\n\n<h2 class=\"wp-block-heading\">Preguntas frecuentes sobre violencia electoral y el modelo bonaerense<\/h2>\n\n\n\n<h3 class=\"wp-block-heading\">\u00bfQu\u00e9 postura toma Bianco sobre la violencia en campa\u00f1a?<\/h3>\n\n\n\n<p>Bianco condena toda violencia, f\u00edsica o verbal, y exige que cualquier acusaci\u00f3n sea demostrada judicialmente, no usada como herramienta electoral.<\/p>\n\n\n\n<h3 class=\"wp-block-heading\">\u00bfQu\u00e9 dice sobre la actuaci\u00f3n de la polic\u00eda provincial?<\/h3>\n\n\n\n<p>Tanto Bianco como Bullrich reconocen que la polic\u00eda bonaerense actu\u00f3 correctamente y que reforzaron su papel mientras cuestionan el accionar federal.<\/p>\n\n\n\n<h3 class=\"wp-block-heading\">\u00bfC\u00f3mo afecta la violencia y la apat\u00eda electoral?<\/h3>\n\n\n\n<p>Fomenta abstenci\u00f3n y desmovilizaci\u00f3n, por eso Bianco insiste en reconstruir la esperanza y la participaci\u00f3n en las urnas.<\/p>\n\n\n\n<h3 class=\"wp-block-heading\">\u00bfPor qu\u00e9 Bianco critica el modelo libertario de Milei?<\/h3>\n\n\n\n<p>Afirma que el ajuste, la discriminaci\u00f3n y el abandono estatal son peligrosos. Defiende gesti\u00f3n bonaerense basada en inclusi\u00f3n y servicios p\u00fablicos.<\/p>\n\n\n\n<h3 class=\"wp-block-heading\">\u00bfD\u00f3nde consultar m\u00e1s sobre seguridad y elecciones en la PBA?<\/h3>\n\n\n\n<p>Recomendamos seguir coberturas en Enorsai, P\u00e1gina12 y medios provinciales para informaci\u00f3n electoral y an\u00e1lisis de seguridad.<\/p>\n","protected":false},"excerpt":{"rendered":"<p>Por Redacci\u00f3n Enorsai Carlos Bianco, ministro de Gobierno bonaerense, apunt\u00f3 contra las imputaciones sin pruebas de la ministra Bullrich y Espert tras el episodio de violencia en campa\u00f1a. Conden\u00f3 las agresiones y los discursos de odio y advirti\u00f3 sobre la creciente apat\u00eda y desmovilizaci\u00f3n social de cara a la elecci\u00f3n. Cruz de acusaciones tras los&#8230;<\/p>\n","protected":false},"author":4,"featured_media":8054,"comment_status":"open","ping_status":"open","sticky":false,"template":"","format":"standard","meta":{"_monsterinsights_skip_tracking":false,"_monsterinsights_sitenote_active":false,"_monsterinsights_sitenote_note":"","_monsterinsights_sitenote_category":0,"footnotes":"","jetpack_publicize_message":"Violencia, demagogia y miedo: Bianco exige pruebas y defiende la campa\u00f1a bonaerense sin odio\n\n","jetpack_publicize_feature_enabled":true,"jetpack_social_post_already_shared":false,"jetpack_social_options":{"image_generator_settings":{"template":"highway","default_image_id":0,"font":"","enabled":false},"version":2}},"categories":[2],"tags":[262,3307,155,1411,923,104,3306,86,3305],"class_list":["post-8051","post","type-post","status-publish","format-standard","has-post-thumbnail","hentry","category-politica","tag-bullrich","tag-carlos-bianco","tag-discurso-de-odio","tag-elecciones-2025","tag-espert","tag-kicillof","tag-provincia-buenos-aires","tag-seguridad","tag-violencia-campana"],"jetpack_publicize_connections":[],"_links":{"self":[{"href":"https:\/\/www.enorsai.com\/noticias\/wp-json\/wp\/v2\/posts\/8051","targetHints":{"allow":["GET"]}}],"collection":[{"href":"https:\/\/www.enorsai.com\/noticias\/wp-json\/wp\/v2\/posts"}],"about":[{"href":"https:\/\/www.enorsai.com\/noticias\/wp-json\/wp\/v2\/types\/post"}],"author":[{"embeddable":true,"href":"https:\/\/www.enorsai.com\/noticias\/wp-json\/wp\/v2\/users\/4"}],"replies":[{"embeddable":true,"href":"https:\/\/www.enorsai.com\/noticias\/wp-json\/wp\/v2\/comments?post=8051"}],"version-history":[{"count":1,"href":"https:\/\/www.enorsai.com\/noticias\/wp-json\/wp\/v2\/posts\/8051\/revisions"}],"predecessor-version":[{"id":8055,"href":"https:\/\/www.enorsai.com\/noticias\/wp-json\/wp\/v2\/posts\/8051\/revisions\/8055"}],"wp:featuredmedia":[{"embeddable":true,"href":"https:\/\/www.enorsai.com\/noticias\/wp-json\/wp\/v2\/media\/8054"}],"wp:attachment":[{"href":"https:\/\/www.enorsai.com\/noticias\/wp-json\/wp\/v2\/media?parent=8051"}],"wp:term":[{"taxonomy":"category","embeddable":true,"href":"https:\/\/www.enorsai.com\/noticias\/wp-json\/wp\/v2\/categories?post=8051"},{"taxonomy":"post_tag","embeddable":true,"href":"https:\/\/www.enorsai.com\/noticias\/wp-json\/wp\/v2\/tags?post=8051"}],"curies":[{"name":"wp","href":"https:\/\/api.w.org\/{rel}","templated":true}]}}