{"id":805,"date":"2025-02-07T08:50:38","date_gmt":"2025-02-07T11:50:38","guid":{"rendered":"https:\/\/www.enorsai.com\/noticias\/?p=805"},"modified":"2025-02-07T09:01:56","modified_gmt":"2025-02-07T12:01:56","slug":"la-quita-de-fondos-de-milei-un-ataque-a-la-seguridad-y-los-servicios-publicos","status":"publish","type":"post","link":"https:\/\/www.enorsai.com\/noticias\/sociedad\/la-quita-de-fondos-de-milei-un-ataque-a-la-seguridad-y-los-servicios-publicos\/","title":{"rendered":"La quita de fondos de Milei: \u00bfun ataque a la seguridad y los servicios p\u00fablicos?"},"content":{"rendered":"\n<h3 class=\"wp-block-heading\">Intendentes bonaerenses denuncian el recorte ilegal de fondos y advierten sobre el impacto en la seguridad, la salud y la educaci\u00f3n.<\/h3>\n\n\n\n<h2 class=\"wp-block-heading\"><\/h2>\n\n\n\n<p>El gobierno de Javier Milei contin\u00faa con su pol\u00edtica de ajuste, afectando directamente a los municipios bonaerenses. Intendentes de diversos partidos pol\u00edticos denuncian la quita de fondos y advierten sobre las consecuencias para la seguridad, la salud y la educaci\u00f3n.<\/p>\n\n\n\n<h2 class=\"wp-block-heading\"><\/h2>\n\n\n\n<p>La situaci\u00f3n en la provincia de Buenos Aires se torna cada vez m\u00e1s cr\u00edtica. El ajuste implementado por el gobierno de Javier Milei, a trav\u00e9s del recorte de fondos, pone en jaque la gesti\u00f3n de los municipios y amenaza con profundizar la crisis social.<\/p>\n\n\n\n<p><a href=\"https:\/\/www.enorsai.com\/noticias\/sociedad\/milei-vs-kicillof-el-ajuste-que-desangra-la-seguridad-y-las-rutas-bonaerenses\/\"><strong>Milei vs. Kicillof: el ajuste que desangra la seguridad y las rutas bonaerenses<\/strong><\/a><\/p>\n\n\n\n<p>En di\u00e1logo con Radio 10, el intendente de Castelli, Francisco Echarren, denunci\u00f3 la ilegalidad de la quita de fondos y advirti\u00f3 sobre el impacto negativo en la seguridad, la salud y la educaci\u00f3n. \u00abEsta quita de fondos que hace el presidente Milei es ilegal\u00bb, afirm\u00f3 Echarren, \u00abson fondos que le corresponden por ley a la provincia de Buenos Aires\u00bb.<\/p>\n\n\n\n<p>El intendente de Castelli no dud\u00f3 en calificar de \u00abhip\u00f3crita\u00bb la actitud del presidente Milei, quien por un lado exige resultados en materia de seguridad y por otro lado \u00abquita recursos\u00bb a la provincia. \u00abCon una mano nos quita recursos y con la otra nos exige resultados\u00bb, sentenci\u00f3 Echarren.<\/p>\n\n\n\n<p>La preocupaci\u00f3n de los intendentes es compartida por diversos sectores de la sociedad. El recorte de fondos afecta directamente a los servicios p\u00fablicos, como la seguridad, la salud y la educaci\u00f3n. \u00abNos preocupa mucho porque no es algo que solamente se circunscribe a la seguridad hoy\u00bb, expres\u00f3 Echarren, \u00abse traslada tambi\u00e9n a la salud, se traslada a la educaci\u00f3n\u00bb.<\/p>\n\n\n\n<p>La situaci\u00f3n se agrava a\u00fan m\u00e1s con la eliminaci\u00f3n de programas sociales y la desfinanciaci\u00f3n de \u00e1reas clave como el PAMI. \u00abNosotros triplicamos la entrega de medicamentos producto del vaciamiento que est\u00e1 haciendo Milei del PAMI y de todos los programas sociales\u00bb, denunci\u00f3 Echarren.<\/p>\n\n\n\n<p>Ante este panorama, los intendentes bonaerenses se ven obligados a \u00abusar la imaginaci\u00f3n y trabajar much\u00edsimo\u00bb para amortiguar el impacto del ajuste en la poblaci\u00f3n. Sin embargo, la tarea se torna cada vez m\u00e1s dif\u00edcil ante la \u00abdemolici\u00f3n\u00bb del Estado por parte del gobierno nacional.<\/p>\n\n\n\n<h2 class=\"wp-block-heading\"><a href=\"https:\/\/www.enorsai.com\/noticias\/politica\/la-inesperada-protesta-de-gendarmeria-el-ajuste-de-milei-golpea-a-quienes-sostienen-su-represion\/\">La inesperada protesta de gendarmer\u00eda: El ajuste de Milei golpea a quienes sostienen su represi\u00f3n<\/a><\/h2>\n\n\n\n<p>La nota de Radio 10 tambi\u00e9n destaca la preocupaci\u00f3n de los intendentes por el aumento de la desocupaci\u00f3n y la pobreza, factores que inciden directamente en la inseguridad. \u00abEstad\u00edsticamente cuanto hay mayor pobreza el \u00edndice de delitos aumenta\u00bb, afirm\u00f3 Echarren.<\/p>\n\n\n\n<p>La situaci\u00f3n en la provincia de Buenos Aires es un claro ejemplo de los efectos negativos del ajuste implementado por el gobierno de Javier Milei. Los intendentes, de diversos partidos pol\u00edticos, se unen para denunciar la quita de fondos y advertir sobre las consecuencias para la sociedad.<\/p>\n\n\n\n<h2 class=\"wp-block-heading\">Cierre<\/h2>\n\n\n\n<p>La quita de fondos a los municipios bonaerenses es un ataque directo a la provincia y a sus habitantes. El gobierno de Javier Milei profundiza el ajuste, afectando los servicios p\u00fablicos y aumentando la vulnerabilidad social. Los intendentes, en conjunto, se plantan ante esta pol\u00edtica de \u00abdemolici\u00f3n\u00bb y exigen la restituci\u00f3n de los recursos que le corresponden por ley a la provincia de Buenos Aires.<\/p>\n\n\n\n<p><\/p>\n","protected":false},"excerpt":{"rendered":"<p>La quita de fondos a los municipios bonaerenses es un ataque directo a la provincia y a sus habitantes<\/p>\n","protected":false},"author":4,"featured_media":806,"comment_status":"open","ping_status":"open","sticky":false,"template":"","format":"standard","meta":{"_monsterinsights_skip_tracking":false,"_monsterinsights_sitenote_active":false,"_monsterinsights_sitenote_note":"","_monsterinsights_sitenote_category":0,"footnotes":"","jetpack_publicize_message":"","jetpack_publicize_feature_enabled":true,"jetpack_social_post_already_shared":true,"jetpack_social_options":{"image_generator_settings":{"template":"highway","default_image_id":0,"font":"","enabled":false},"version":2}},"categories":[4],"tags":[58,287,286,63,60,106,104,285,284],"class_list":["post-805","post","type-post","status-publish","format-standard","has-post-thumbnail","hentry","category-sociedad","tag-ajuste","tag-castelli","tag-franciscoecharrenintendente","tag-intendentes-peronismo-kicillof","tag-intendentesconkicillof","tag-javier-milei","tag-kicillof","tag-provincia-de-buenos-aires","tag-quita-de-fondos"],"jetpack_publicize_connections":[],"_links":{"self":[{"href":"https:\/\/www.enorsai.com\/noticias\/wp-json\/wp\/v2\/posts\/805","targetHints":{"allow":["GET"]}}],"collection":[{"href":"https:\/\/www.enorsai.com\/noticias\/wp-json\/wp\/v2\/posts"}],"about":[{"href":"https:\/\/www.enorsai.com\/noticias\/wp-json\/wp\/v2\/types\/post"}],"author":[{"embeddable":true,"href":"https:\/\/www.enorsai.com\/noticias\/wp-json\/wp\/v2\/users\/4"}],"replies":[{"embeddable":true,"href":"https:\/\/www.enorsai.com\/noticias\/wp-json\/wp\/v2\/comments?post=805"}],"version-history":[{"count":3,"href":"https:\/\/www.enorsai.com\/noticias\/wp-json\/wp\/v2\/posts\/805\/revisions"}],"predecessor-version":[{"id":819,"href":"https:\/\/www.enorsai.com\/noticias\/wp-json\/wp\/v2\/posts\/805\/revisions\/819"}],"wp:featuredmedia":[{"embeddable":true,"href":"https:\/\/www.enorsai.com\/noticias\/wp-json\/wp\/v2\/media\/806"}],"wp:attachment":[{"href":"https:\/\/www.enorsai.com\/noticias\/wp-json\/wp\/v2\/media?parent=805"}],"wp:term":[{"taxonomy":"category","embeddable":true,"href":"https:\/\/www.enorsai.com\/noticias\/wp-json\/wp\/v2\/categories?post=805"},{"taxonomy":"post_tag","embeddable":true,"href":"https:\/\/www.enorsai.com\/noticias\/wp-json\/wp\/v2\/tags?post=805"}],"curies":[{"name":"wp","href":"https:\/\/api.w.org\/{rel}","templated":true}]}}