{"id":8038,"date":"2025-08-29T19:54:41","date_gmt":"2025-08-29T22:54:41","guid":{"rendered":"https:\/\/www.enorsai.com\/noticias\/?p=8038"},"modified":"2025-08-31T10:40:09","modified_gmt":"2025-08-31T13:40:09","slug":"galmarini-acuso-a-scioli-de-desviar-una-conexion-de-gas-de-una-escuela-para-su-casa-y-lo-califico-de-mal-gobernador","status":"publish","type":"post","link":"https:\/\/www.enorsai.com\/noticias\/politica\/galmarini-acuso-a-scioli-de-desviar-una-conexion-de-gas-de-una-escuela-para-su-casa-y-lo-califico-de-mal-gobernador\/","title":{"rendered":"Galmarini acus\u00f3 a Scioli de desviar una conexi\u00f3n de gas de una escuela para su casa y lo calific\u00f3 de \u00abmal gobernador\u00bb"},"content":{"rendered":"\n<p><strong>Malena Galmarini volvi\u00f3 a encender la interna con Daniel Scioli. En una entrevista radial, la ex titular de AySA denunci\u00f3 que, cuando era gobernador bonaerense, el ahora funcionario de Milei desvi\u00f3 una conexi\u00f3n de gas destinada a una escuela para abastecer su residencia en Villa La \u00d1ata.<\/strong><\/p>\n\n\n\n<p>Malena Galmarini, candidata a diputada provincial por Fuerza Patria en la Primera Secci\u00f3n electoral, desempolv\u00f3 viejas historias para retratar a Daniel Scioli como \u201cun mal gobernador\u201d y un pol\u00edtico que, lejos de velar por el inter\u00e9s p\u00fablico, prioriz\u00f3 su propio beneficio.<\/p>\n\n\n\n<p>En di\u00e1logo con <strong>FutuRock<\/strong>, la dirigente record\u00f3 que mientras estaba a cargo del \u00e1rea de Educaci\u00f3n del municipio de Tigre, Scioli habr\u00eda desviado una conexi\u00f3n de gas que deb\u00eda abastecer a la Escuela N\u00ba 10 del barrio Isla para llevarla directamente a su casa en Villa La \u00d1ata.<\/p>\n\n\n\n<blockquote class=\"wp-block-quote is-layout-flow wp-block-quote-is-layout-flow\">\n<p>\u201cSe hab\u00eda hecho la licitaci\u00f3n, lleg\u00f3 el ca\u00f1o, pero la escuela no estaba conectada. El gas se hab\u00eda derivado hacia la casa de Scioli\u201d, denunci\u00f3 Galmarini.<\/p>\n<\/blockquote>\n\n\n\n<p>Seg\u00fan relat\u00f3, el episodio se convirti\u00f3 en un reclamo constante de las familias que exig\u00edan la obra para cubrir los 500 metros de ca\u00f1er\u00eda necesarios. Sin embargo, el ex gobernador nunca resolvi\u00f3 el problema y los alumnos siguieron sin acceso al servicio b\u00e1sico.<\/p>\n\n\n\n<figure class=\"wp-block-embed is-type-rich is-provider-twitter wp-block-embed-twitter\"><div class=\"wp-block-embed__wrapper\">\n<blockquote class=\"twitter-tweet\" data-width=\"550\" data-dnt=\"true\"><p lang=\"es\" dir=\"ltr\">Una an\u00e9cdota para conocer mejor a Daniel Scioli, el converso mile\u00edsta. Lo cuenta Malena Galmarini. <a href=\"https:\/\/t.co\/QSC84S49cl\">pic.twitter.com\/QSC84S49cl<\/a><\/p>&mdash; El Profe Romero (@romerodiario) <a href=\"https:\/\/twitter.com\/romerodiario\/status\/1961464187181265380?ref_src=twsrc%5Etfw\">August 29, 2025<\/a><\/blockquote><script async src=\"https:\/\/platform.twitter.com\/widgets.js\" charset=\"utf-8\"><\/script>\n<\/div><\/figure>\n\n\n\n<p>Pero la acusaci\u00f3n no qued\u00f3 all\u00ed. Galmarini tambi\u00e9n sostuvo que Scioli bloque\u00f3 hasta <strong>tres licitaciones distintas<\/strong> para reparar el frente del edificio escolar porque \u201cno combinaba con el frente de su casa\u201d. \u201cAs\u00ed como te lo cuento, tengo papeles\u201d, remarc\u00f3, se\u00f1alando que sus advertencias de entonces jam\u00e1s fueron escuchadas.<\/p>\n\n\n\n<p>La ex titular de AySA fue m\u00e1s all\u00e1 y acus\u00f3 al actual secretario de Turismo, Ambiente y Deporte de Javier Milei de haber <strong>\u201cprivatizado\u201d el club Villa La \u00d1ata<\/strong>, emblema del futsal en la provincia y espacio que Scioli utiliz\u00f3 para proyectarse como figura p\u00fablica bajo su apodo deportivo, \u201cEl Pichichi\u201d.<\/p>\n\n\n\n<p>Galmarini record\u00f3 adem\u00e1s que durante una inundaci\u00f3n en Tigre, mientras los vecinos padec\u00edan el agua dentro de sus casas, Scioli organizaba partidos de f\u00fatbol en su residencia con jugadores que llegaban en camionetas 4&#215;4 y m\u00f3viles de la Polic\u00eda Bonaerense. \u201cEl pueblo bajo el agua y \u00e9l jugando a la pelota\u201d, lanz\u00f3 con iron\u00eda.<\/p>\n\n\n\n<p>La disputa entre ambos no es nueva: se remonta al 2013, cuando en plena campa\u00f1a electoral un robo en la casa de Sergio Massa desat\u00f3 versiones pol\u00edticas que Scioli dej\u00f3 correr como maniobra de prensa. Desde entonces, los cruces se volvieron cada vez m\u00e1s \u00e1speros, con un hist\u00f3rico intercambio televisivo en el que Galmarini no dud\u00f3 en espetarle: <em>\u201cCon vos, para el orto. \u00bfC\u00f3mo voy a estar, pedazo de forro?\u201d<\/em><\/p>\n\n\n\n<p>Hoy, con Scioli alineado al gobierno libertario de Javier Milei y Galmarini disputando un lugar en la Legislatura bonaerense, la vieja pelea se reaviva con nuevas denuncias que no solo exponen miserias personales, sino que tambi\u00e9n refuerzan la imagen de un dirigente que nunca dej\u00f3 de mezclar la pol\u00edtica con sus intereses privados.<\/p>\n\n\n\n<p>Fuente:<\/p>\n\n\n\n<ul class=\"wp-block-list\">\n<li><a href=\"https:\/\/www.pagina12.com.ar\/853514-galmarini-denuncio-a-scioli-por-desviar-una-conexion-de-gas-\">https:\/\/www.pagina12.com.ar\/853514-galmarini-denuncio-a-scioli-por-desviar-una-conexion-de-gas-<\/a><\/li>\n<\/ul>\n","protected":false},"excerpt":{"rendered":"<p>Malena Galmarini volvi\u00f3 a encender la interna con Daniel Scioli. En una entrevista radial, la ex titular de AySA denunci\u00f3 que, cuando era gobernador bonaerense, el ahora funcionario de Milei desvi\u00f3 una conexi\u00f3n de gas destinada a una escuela para abastecer su residencia en Villa La \u00d1ata. Malena Galmarini, candidata a diputada provincial por Fuerza&#8230;<\/p>\n","protected":false},"author":12,"featured_media":8039,"comment_status":"open","ping_status":"open","sticky":false,"template":"","format":"standard","meta":{"_monsterinsights_skip_tracking":false,"_monsterinsights_sitenote_active":false,"_monsterinsights_sitenote_note":"","_monsterinsights_sitenote_category":0,"footnotes":"","jetpack_publicize_message":"","jetpack_publicize_feature_enabled":true,"jetpack_social_post_already_shared":true,"jetpack_social_options":{"image_generator_settings":{"template":"highway","default_image_id":0,"font":"","enabled":false},"version":2}},"categories":[2],"tags":[75,276,981,747,1189,45,72,671,370,3337],"class_list":["post-8038","post","type-post","status-publish","format-standard","has-post-thumbnail","hentry","category-politica","tag-corrupcion","tag-educacion","tag-escuela","tag-galmarini","tag-gas","tag-milei","tag-politica","tag-privatizacion","tag-scioli","tag-tigre"],"jetpack_publicize_connections":[],"_links":{"self":[{"href":"https:\/\/www.enorsai.com\/noticias\/wp-json\/wp\/v2\/posts\/8038","targetHints":{"allow":["GET"]}}],"collection":[{"href":"https:\/\/www.enorsai.com\/noticias\/wp-json\/wp\/v2\/posts"}],"about":[{"href":"https:\/\/www.enorsai.com\/noticias\/wp-json\/wp\/v2\/types\/post"}],"author":[{"embeddable":true,"href":"https:\/\/www.enorsai.com\/noticias\/wp-json\/wp\/v2\/users\/12"}],"replies":[{"embeddable":true,"href":"https:\/\/www.enorsai.com\/noticias\/wp-json\/wp\/v2\/comments?post=8038"}],"version-history":[{"count":2,"href":"https:\/\/www.enorsai.com\/noticias\/wp-json\/wp\/v2\/posts\/8038\/revisions"}],"predecessor-version":[{"id":8042,"href":"https:\/\/www.enorsai.com\/noticias\/wp-json\/wp\/v2\/posts\/8038\/revisions\/8042"}],"wp:featuredmedia":[{"embeddable":true,"href":"https:\/\/www.enorsai.com\/noticias\/wp-json\/wp\/v2\/media\/8039"}],"wp:attachment":[{"href":"https:\/\/www.enorsai.com\/noticias\/wp-json\/wp\/v2\/media?parent=8038"}],"wp:term":[{"taxonomy":"category","embeddable":true,"href":"https:\/\/www.enorsai.com\/noticias\/wp-json\/wp\/v2\/categories?post=8038"},{"taxonomy":"post_tag","embeddable":true,"href":"https:\/\/www.enorsai.com\/noticias\/wp-json\/wp\/v2\/tags?post=8038"}],"curies":[{"name":"wp","href":"https:\/\/api.w.org\/{rel}","templated":true}]}}