{"id":8020,"date":"2025-08-29T06:16:19","date_gmt":"2025-08-29T09:16:19","guid":{"rendered":"https:\/\/www.enorsai.com\/noticias\/?p=8020"},"modified":"2025-08-29T06:16:24","modified_gmt":"2025-08-29T09:16:24","slug":"diputados-avanzan-con-la-causa-libra-dejando-en-evidencia-a-los-libertarios-que-se-retiraron-antes-de-la-votacion-en-comision","status":"publish","type":"post","link":"https:\/\/www.enorsai.com\/noticias\/politica\/diputados-avanzan-con-la-causa-libra-dejando-en-evidencia-a-los-libertarios-que-se-retiraron-antes-de-la-votacion-en-comision\/","title":{"rendered":"Diputados avanzan con la causa Libra dejando en evidencia a los libertarios que se retiraron antes de la votaci\u00f3n en comisi\u00f3n"},"content":{"rendered":"\n<p>La oposici\u00f3n en Diputados impuso la designaci\u00f3n de Maximiliano Ferraro al frente de la comisi\u00f3n investigadora de la causa Libra. El oficialismo se retir\u00f3 antes de la votaci\u00f3n y dej\u00f3 vacante la vicepresidencia, en un nuevo cap\u00edtulo de tensiones que revelan la fragilidad del poder pol\u00edtico de Javier Milei.<\/p>\n\n\n\n<p>Despu\u00e9s de cuatro meses de par\u00e1lisis, idas y vueltas y un silencio que parec\u00eda funcional al Gobierno, la C\u00e1mara de Diputados finalmente destrab\u00f3 la comisi\u00f3n investigadora de la causa Libra, el esc\u00e1ndalo que pone contra las cuerdas al oficialismo libertario. La oposici\u00f3n logr\u00f3 reunir los votos suficientes para designar como presidente al diputado de la Coalici\u00f3n C\u00edvica, Maximiliano Ferraro, con respaldo un\u00e1nime de todos los bloques no oficialistas. El gesto fue contundente: frente a la retirada de La Libertad Avanza, que abandon\u00f3 el recinto antes de la votaci\u00f3n, el Congreso decidi\u00f3 avanzar sin el Gobierno en una investigaci\u00f3n que amenaza con destapar m\u00e1s de lo que el propio Milei quiere admitir.<\/p>\n\n\n\n<p>La situaci\u00f3n fue tan tensa como reveladora. La vicepresidencia, que correspond\u00eda al oficialismo, qued\u00f3 vacante debido a la ausencia deliberada de sus representantes, mientras que la secretar\u00eda recay\u00f3 en Juan Marino, de Uni\u00f3n por la Patria. La foto de la jornada es la de un oficialismo en fuga, incapaz de dar la cara y defender sus posiciones, y de una oposici\u00f3n heterog\u00e9nea pero cohesionada por un objetivo com\u00fan: desnudar las inconsistencias y posibles responsabilidades pol\u00edticas detr\u00e1s del entramado Libra.<\/p>\n\n\n\n<p>Lo cierto es que el nombre de Karina Milei, la hermana y principal operadora pol\u00edtica del Presidente, aparece mencionado con insistencia en los pasillos del Congreso. Legisladores opositores reconocen lo obvio: resulta casi imposible no citar a la secretaria General de la Presidencia en una investigaci\u00f3n donde la trama digital y financiera ya la tiene en el radar p\u00fablico. Pero, como se\u00f1al\u00f3 un diputado provincialista, el desaf\u00edo es avanzar en serio y no caer en la caricatura de ver \u201cuna foto de Karina Milei en un patrullero\u201d. La investigaci\u00f3n pretende ser m\u00e1s que una an\u00e9cdota judicial: se trata de poner en juego la responsabilidad pol\u00edtica de quienes hoy concentran el poder en la Casa Rosada.<\/p>\n\n\n\n<p>El oficialismo, por supuesto, reaccion\u00f3 con acusaciones. Gabriel Bornoroni, jefe del bloque de La Libertad Avanza en Diputados, anunci\u00f3 que impugnar\u00e1 la conformaci\u00f3n de la comisi\u00f3n, denunciando supuestas violaciones a los derechos de las mayor\u00edas y minor\u00edas parlamentarias. El argumento libertario es que la resoluci\u00f3n original establec\u00eda un plazo de tres meses para emitir un informe final, per\u00edodo que, seg\u00fan sostienen, ya venci\u00f3 en julio. La oposici\u00f3n, con un razonamiento mucho m\u00e1s s\u00f3lido, sostiene que el reloj reci\u00e9n empieza a correr una vez que la comisi\u00f3n tiene presidente, lo cual hasta ahora no hab\u00eda ocurrido. En otras palabras, el oficialismo quiso matar el expediente en la cuna y se qued\u00f3 sin excusas cuando el Congreso volvi\u00f3 a ponerlo en marcha.<\/p>\n\n\n\n<p>La decisi\u00f3n de que Ferraro encabece la comisi\u00f3n no fue casual. La oposici\u00f3n busc\u00f3 un perfil que no contamine la investigaci\u00f3n con la disputa electoral, y el hecho de que el diputado no tenga una candidatura vigente permiti\u00f3 bajar el nivel de confrontaci\u00f3n partidaria. Sin embargo, ser\u00eda ingenuo pensar que el clima pol\u00edtico se apaciguar\u00e1: lo que est\u00e1 en juego no es una interna menor, sino una trama de estafa digital que ya sacude los cimientos del oficialismo.<\/p>\n\n\n\n<p>El cronograma de la comisi\u00f3n es claro: se reunir\u00e1 cada martes a las 16 horas hasta el 10 de noviembre. Y, m\u00e1s all\u00e1 de Libra, la oposici\u00f3n se entusiasma con extender esta din\u00e1mica a otros esc\u00e1ndalos que salpican al Gobierno, como el tr\u00e1fico de fentanilo y las coimas en la Agencia Nacional de Discapacidad. Se trata, en definitiva, de una ofensiva legislativa que busca abrir grietas en la narrativa oficialista del \u201ccambio\u201d y dejar expuesta la contradicci\u00f3n entre el discurso moralizador y la realidad de un Gobierno que convive con denuncias de corrupci\u00f3n en su c\u00edrculo \u00edntimo.<\/p>\n\n\n\n<p>La nueva comisi\u00f3n cuenta con una representaci\u00f3n diversa, que abarca desde Uni\u00f3n por la Patria hasta el Frente de Izquierda, pasando por la Coalici\u00f3n C\u00edvica, el PRO, la UCR, Encuentro Federal, Innovaci\u00f3n Federal, Democracia para Siempre, la Liga del Interior y representantes provinciales. Incluso La Libertad Avanza mantiene a sus propios legisladores en la n\u00f3mina formal \u2014Bornoroni, Nadia M\u00e1rquez, Nicol\u00e1s Mayoraz y Paula Omodeo\u2014, aunque en los hechos hayan decidido retirarse de la din\u00e1mica de trabajo. Este dato es quiz\u00e1s el m\u00e1s revelador: el oficialismo aparece en la lista, pero no en la discusi\u00f3n.<\/p>\n\n\n\n<p>El trasfondo pol\u00edtico es evidente. En medio de una campa\u00f1a marcada por el ajuste, la ca\u00edda del poder adquisitivo y las crecientes tensiones sociales, la causa Libra amenaza con convertirse en un boomerang para Javier Milei. El Presidente, que se presenta como abanderado de la \u201chonestidad brutal\u201d y la \u201ctransparencia sin compromisos\u201d, enfrenta ahora el costo pol\u00edtico de un caso que, aunque no lo involucre directamente, arrastra a su c\u00edrculo de m\u00e1xima confianza. Y si el Congreso logra avanzar con seriedad, el discurso de la pureza libertaria quedar\u00e1 herido de muerte.<\/p>\n\n\n\n<p>Lo que sucedi\u00f3 en Diputados marca un punto de inflexi\u00f3n. La oposici\u00f3n demostr\u00f3 que, cuando se articula con inteligencia, puede poner en aprietos a un Gobierno que se sostiene m\u00e1s en la ret\u00f3rica de los gritos que en la fortaleza institucional. La retirada del oficialismo de la votaci\u00f3n fue un s\u00edntoma inequ\u00edvoco: Milei y su bloque prefieren abandonar el juego antes que enfrentar las preguntas inc\u00f3modas que esta comisi\u00f3n traer\u00e1. Pero la pol\u00edtica, como la vida, no se detiene porque alguien d\u00e9 un portazo. La maquinaria parlamentaria est\u00e1 en marcha y, con ella, la posibilidad de iluminar los rincones oscuros de un Gobierno que se cre\u00eda intocable.<\/p>\n\n\n\n<p>En definitiva, lo que est\u00e1 en juego no es solo el futuro de la causa Libra, sino la credibilidad de un oficialismo que ya no puede seguir escondi\u00e9ndose detr\u00e1s del relato de la victimizaci\u00f3n. La oposici\u00f3n, con todos sus matices, encontr\u00f3 un punto de unidad para abrir esta caja de Pandora. Y si algo qued\u00f3 claro despu\u00e9s de la jornada en Diputados es que el Congreso no est\u00e1 dispuesto a dejar pasar una oportunidad hist\u00f3rica para desenmascarar las contradicciones del mile\u00edsmo en el poder.<\/p>\n\n\n\n<p>Fuente: <\/p>\n\n\n\n<p><a href=\"https:\/\/www.canal12misiones.com\/noticias-de-misiones\/politica-politica\/diputados-reactivo-la-comision-investigadora-por-la-causa-libra?utm_source=chatgpt.com\">https:\/\/www.canal12misiones.com\/noticias-de-misiones\/politica-politica\/diputados-reactivo-la-comision-investigadora-por-la-causa-libra<\/a> &#8211; <\/p>\n\n\n\n<p><a href=\"https:\/\/laletrachica.com.ar\/nota\/23396\/diputados-la-oposicion-destrabo-la-comision-investigadora-de-libra-y-eligio-presidente\/?utm_source=chatgpt.com\">https:\/\/laletrachica.com.ar\/nota\/23396\/diputados-la-oposicion-destrabo-la-comision-investigadora-de-libra-y-eligio-presidente\/<\/a> <\/p>\n\n\n\n<p><a href=\"https:\/\/www.ambito.com\/politica\/se-destrabo-la-comision-investigadora-libra-diputados-el-oficialismo-se-retiro-antes-la-votacion-n6183900?utm_source=chatgpt.com\">https:\/\/www.ambito.com\/politica\/se-destrabo-la-comision-investigadora-libra-diputados-el-oficialismo-se-retiro-antes-la-votacion-n6183900<\/a><\/p>\n","protected":false},"excerpt":{"rendered":"<p>La oposici\u00f3n en Diputados reactiv\u00f3 la comisi\u00f3n investigadora de la causa Libra tras cuatro meses de par\u00e1lisis. Con Maximiliano Ferraro designado presidente y el oficialismo retirado de la votaci\u00f3n, se abre un proceso que incomoda a Javier Milei y que podr\u00eda exponer contradicciones profundas en el coraz\u00f3n del Gobierno libertario.<\/p>\n","protected":false},"author":13,"featured_media":8021,"comment_status":"open","ping_status":"open","sticky":false,"template":"","format":"standard","meta":{"_monsterinsights_skip_tracking":false,"_monsterinsights_sitenote_active":false,"_monsterinsights_sitenote_note":"","_monsterinsights_sitenote_category":0,"footnotes":"","jetpack_publicize_message":"","jetpack_publicize_feature_enabled":true,"jetpack_social_post_already_shared":true,"jetpack_social_options":{"image_generator_settings":{"template":"highway","default_image_id":0,"font":"","enabled":false},"version":2}},"categories":[1956,2],"tags":[3292,75,260,3288,635,797,45,1044,985,72],"class_list":["post-8020","post","type-post","status-publish","format-standard","has-post-thumbnail","hentry","category-libra","category-politica","tag-comision","tag-corrupcion","tag-diputados","tag-ferraro","tag-karina","tag-libra-2","tag-milei","tag-oficialismo","tag-oposicion","tag-politica"],"jetpack_publicize_connections":[],"_links":{"self":[{"href":"https:\/\/www.enorsai.com\/noticias\/wp-json\/wp\/v2\/posts\/8020","targetHints":{"allow":["GET"]}}],"collection":[{"href":"https:\/\/www.enorsai.com\/noticias\/wp-json\/wp\/v2\/posts"}],"about":[{"href":"https:\/\/www.enorsai.com\/noticias\/wp-json\/wp\/v2\/types\/post"}],"author":[{"embeddable":true,"href":"https:\/\/www.enorsai.com\/noticias\/wp-json\/wp\/v2\/users\/13"}],"replies":[{"embeddable":true,"href":"https:\/\/www.enorsai.com\/noticias\/wp-json\/wp\/v2\/comments?post=8020"}],"version-history":[{"count":1,"href":"https:\/\/www.enorsai.com\/noticias\/wp-json\/wp\/v2\/posts\/8020\/revisions"}],"predecessor-version":[{"id":8022,"href":"https:\/\/www.enorsai.com\/noticias\/wp-json\/wp\/v2\/posts\/8020\/revisions\/8022"}],"wp:featuredmedia":[{"embeddable":true,"href":"https:\/\/www.enorsai.com\/noticias\/wp-json\/wp\/v2\/media\/8021"}],"wp:attachment":[{"href":"https:\/\/www.enorsai.com\/noticias\/wp-json\/wp\/v2\/media?parent=8020"}],"wp:term":[{"taxonomy":"category","embeddable":true,"href":"https:\/\/www.enorsai.com\/noticias\/wp-json\/wp\/v2\/categories?post=8020"},{"taxonomy":"post_tag","embeddable":true,"href":"https:\/\/www.enorsai.com\/noticias\/wp-json\/wp\/v2\/tags?post=8020"}],"curies":[{"name":"wp","href":"https:\/\/api.w.org\/{rel}","templated":true}]}}