{"id":8017,"date":"2025-08-29T05:49:12","date_gmt":"2025-08-29T08:49:12","guid":{"rendered":"https:\/\/www.enorsai.com\/noticias\/?p=8017"},"modified":"2025-08-29T05:49:18","modified_gmt":"2025-08-29T08:49:18","slug":"milei-en-su-peor-momento-envuelto-en-corrupcion-se-desplome-en-las-encuestas-y-no-puede-caminar-las-calles","status":"publish","type":"post","link":"https:\/\/www.enorsai.com\/noticias\/politica\/milei-en-su-peor-momento-envuelto-en-corrupcion-se-desplome-en-las-encuestas-y-no-puede-caminar-las-calles\/","title":{"rendered":"Milei en su peor momento: Envuelto en corrupci\u00f3n se desplome en las encuestas y no puede caminar las calles"},"content":{"rendered":"\n<p><strong><em>El esc\u00e1ndalo de las coimas en la Agencia Nacional de Discapacidad golpea el coraz\u00f3n del oficialismo y arrastra a Karina Milei al centro de la escena. A esto se suma la ca\u00edda en los \u00edndices de confianza, derrotas legislativas y un clima social que estalla en plena campa\u00f1a.<\/em><\/strong><\/p>\n\n\n\n<p>En Argentina, la pol\u00edtica siempre tiene un componente de dramatismo que parece sacado de una novela de enredos, pero lo que est\u00e1 viviendo Javier Milei en estas \u00faltimas semanas supera cualquier guion de ficci\u00f3n. Un presidente que hace apenas unos meses se jactaba de haber domado la inflaci\u00f3n y de mantener al d\u00f3lar relativamente controlado, hoy se encuentra atrapado en una tormenta perfecta: esc\u00e1ndalos de corrupci\u00f3n que tocan a su entorno m\u00e1s \u00edntimo, desplome de su imagen p\u00fablica y actos de campa\u00f1a que terminan en violencia y caos.<\/p>\n\n\n\n<p>La escena m\u00e1s brutal se dio en la provincia de Buenos Aires, donde Milei debi\u00f3 ser evacuado de urgencia luego de que manifestantes rodearan su comitiva y la lluvia de piedras hiciera imposible continuar con el acto. El mandatario, que atribuy\u00f3 el ataque al kirchnerismo, busc\u00f3 mostrarse desafiante, pero la realidad es que el episodio termin\u00f3 de confirmar que el clima social est\u00e1 lejos de ser un campo f\u00e9rtil para su proyecto pol\u00edtico. En lugar de aplausos, el Presidente cosech\u00f3 insultos y proyectiles.<\/p>\n\n\n\n<p>Este hecho no fue un episodio aislado, sino el punto c\u00falmine de semanas signadas por la filtraci\u00f3n de unos audios devastadores para su gobierno. En esas grabaciones, Diego Spagnuolo, exdirector de la Agencia Nacional de Discapacidad, asegura que Karina Milei \u2014hermana del Presidente y pieza clave en la toma de decisiones\u2014 recib\u00eda sobornos del tres por ciento en el pago de medicamentos. La gravedad de la acusaci\u00f3n no solo est\u00e1 en la presunta corrupci\u00f3n, sino en el lugar en el que ubica a la figura m\u00e1s cercana al jefe de Estado, alguien que no tiene un cargo electivo, pero que ejerce un poder descomunal desde las sombras de la Casa Rosada.<\/p>\n\n\n\n<figure class=\"wp-block-image\"><img decoding=\"async\" src=\"https:\/\/images.pagina12.com.ar\/styles\/width960\/public\/2025-08\/966816-encuesta-20shila-20vilker.jpeg?itok=fxtgkW8h\" alt=\"\"\/><\/figure>\n\n\n\n<p>Las encuestas, implacables, no tardaron en reflejar el impacto. Seg\u00fan datos de la Universidad Torcuato di Tella, el \u00cdndice de Confianza en el Gobierno cay\u00f3 un 13,6% en apenas un mes, alcanzando su nivel m\u00e1s bajo desde que Milei asumi\u00f3. Y si esto fuera poco, la consultora Trespuntoszero revela que m\u00e1s del 62% de los argentinos cree que los audios filtrados reflejan hechos graves de corrupci\u00f3n, mientras que apenas un tercio compra la versi\u00f3n oficialista de que se trata de una \u201coperaci\u00f3n pol\u00edtica\u201d. Lo m\u00e1s demoledor es que casi el 58% responsabiliza directamente al propio Presidente y un 59% apunta a su hermana Karina como la verdadera engrampada en la maniobra.<\/p>\n\n\n\n<p>Lo que alguna vez se mostr\u00f3 como el capital m\u00e1s s\u00f3lido de Milei, su popularidad personal, se est\u00e1 erosionando a una velocidad sorprendente. La misma encuesta indica que su imagen positiva cay\u00f3 por debajo del 40% y lo ubica en el tercer puesto, detr\u00e1s de Axel Kicillof y Cristina Fern\u00e1ndez de Kirchner, dos opositores que hace apenas meses parec\u00edan debilitados. En otras palabras, Milei pas\u00f3 de liderar el ranking a estar relegado, cargando adem\u00e1s con la etiqueta de presidente impopular en pleno proceso electoral.<\/p>\n\n\n\n<p>El da\u00f1o no es solo simb\u00f3lico. En el Congreso, la realidad golpea con fuerza. La C\u00e1mara Baja anul\u00f3 el veto presidencial a una ley que declara la emergencia en discapacidad y asigna fondos al sector, mientras que el Senado rechaz\u00f3 sus decretos de ajuste y aprob\u00f3 aumentos para salud y universidades. El analista Andr\u00e9s Malamud lo sintetiz\u00f3 de forma lapidaria: de 34 votaciones legislativas, el oficialismo perdi\u00f3 16 desde abril. Un r\u00e9cord que desnuda un gobierno sin capacidad de negociaci\u00f3n ni mu\u00f1eca pol\u00edtica, condenado a acumular derrotas autoinfligidas.<\/p>\n\n\n\n<figure class=\"wp-block-image\"><img decoding=\"async\" src=\"https:\/\/images.pagina12.com.ar\/styles\/width960\/public\/2025-08\/966816-imagen-20de-20pol-c3-adticos.png?itok=KRqhXh_C\" alt=\"\"\/><\/figure>\n\n\n\n<p>En este contexto, el riesgo pa\u00eds volvi\u00f3 a dispararse hasta niveles que no se ve\u00edan desde abril, complicando todav\u00eda m\u00e1s la posibilidad de conseguir financiamiento internacional para afrontar la deuda del pr\u00f3ximo a\u00f1o. Los mercados, que al comienzo de su mandato le dieron un margen de confianza, ahora reaccionan con desconfianza creciente, interpretando que el gobierno libertario no solo est\u00e1 jaqueado pol\u00edticamente, sino tambi\u00e9n en su viabilidad econ\u00f3mica.<\/p>\n\n\n\n<p>Milei intenta contrarrestar la tormenta con su estilo provocador y estridente. Mientras la justicia avanza con allanamientos y secuestros de tel\u00e9fonos vinculados al caso Spagnuolo, \u00e9l redobla la apuesta en campa\u00f1a acusando a la oposici\u00f3n de preparar fraude electoral con boletas \u201cen cadena\u201d y compra de votos. En paralelo, se da el lujo de desviar la atenci\u00f3n hacia su obsesi\u00f3n futbolera, criticando nuevamente a Juan Rom\u00e1n Riquelme y hasta ironizando con que su elecci\u00f3n como presidente de Boca fue obra de \u201cun hincha de River\u201d. Un discurso que en otro contexto podr\u00eda sonar pintoresco, pero que hoy solo resalta la desconexi\u00f3n de un mandatario que parece hablar de todo menos de lo que realmente preocupa a los argentinos.<\/p>\n\n\n\n<p>Porque las encuestas son claras: la corrupci\u00f3n aparece como el principal problema se\u00f1alado por la poblaci\u00f3n, incluso por encima de la pobreza, la inseguridad y el desempleo. Este dato golpea de lleno en la narrativa oficialista, que intentaba instalar que el ajuste era doloroso pero necesario, y que los sacrificios se justificaban con la promesa de un futuro mejor. Cuando la corrupci\u00f3n escala al primer lugar en las preocupaciones ciudadanas y adem\u00e1s involucra directamente al c\u00edrculo presidencial, la credibilidad del discurso se derrumba como un castillo de naipes.<\/p>\n\n\n\n<p>La oposici\u00f3n aprovecha la debilidad, pero no hace falta demasiado esfuerzo: es el propio Milei quien alimenta la hoguera. Sus denuncias de conspiraciones, sus ataques verbales y sus comparaciones futbol\u00edsticas parecen un intento desesperado de correr el eje del esc\u00e1ndalo, aunque lo \u00fanico que logra es profundizar la imagen de un gobierno err\u00e1tico. Incluso entre sus propios votantes, la palabra que m\u00e1s se repite cuando se menciona el caso Spagnuolo es \u201ccorrupci\u00f3n\u201d. Ni siquiera su base dura logra sostener el relato de la \u201copereta\u201d.<\/p>\n\n\n\n<p>As\u00ed, el Presidente que lleg\u00f3 con la promesa de arrasar con la \u201ccasta\u201d hoy aparece enredado en los mismos vicios que denunciaba. El que dec\u00eda combatir la corrupci\u00f3n ahora carga con encuestas que lo se\u00f1alan como responsable de un caso que huele a negocio turbio con los m\u00e1s vulnerables. Y el que se presentaba como el abanderado de la libertad se muestra cada vez m\u00e1s acorralado por derrotas pol\u00edticas, judiciales y sociales.<\/p>\n\n\n\n<p>Las pr\u00f3ximas elecciones, lejos de ser un trampol\u00edn para su reelecci\u00f3n, se convirtieron en un examen que Milei llega con la materia reprobada. Ni los gritos ni las acusaciones de fraude alcanzan para revertir un humor social que ya lo castig\u00f3 en las calles a piedrazos y en las encuestas con desplomes in\u00e9ditos. Lo que era promesa se transform\u00f3 en decepci\u00f3n y lo que era esperanza hoy parece naufragio. Milei, que hizo de la confrontaci\u00f3n un estilo, ahora enfrenta la confrontaci\u00f3n m\u00e1s dif\u00edcil: la de un pueblo que empieza a darle la espalda.<\/p>\n\n\n\n<p><strong>Fuente<\/strong>:<\/p>\n\n\n\n<ul class=\"wp-block-list\">\n<li><a href=\"https:\/\/www.bbc.com\/mundo\/articles\/cx29zwj95lno -\">https:\/\/www.bbc.com\/mundo\/articles\/cx29zwj95lno &#8211; <\/a><\/li>\n\n\n\n<li><a href=\"https:\/\/www.pagina12.com.ar\/852983-solo-pesimas-noticias-para-javier-milei?utm_source=chatgpt.com\">https:\/\/www.pagina12.com.ar\/852983-solo-pesimas-noticias-para-javier-milei<\/a> <\/li>\n\n\n\n<li><a href=\"https:\/\/www.ambito.com\/politica\/javier-milei-volvio-criticar-la-gestion-juan-roman-riquelme-boca-lo-eligio-un-hincha-river-n6184060?utm_source=chatgpt.com\">https:\/\/www.ambito.com\/politica\/javier-milei-volvio-criticar-la-gestion-juan-roman-riquelme-boca-lo-eligio-un-hincha-river-n6184060<\/a><\/li>\n<\/ul>\n","protected":false},"excerpt":{"rendered":"<p>Javier Milei atraviesa sus peores semanas: un esc\u00e1ndalo de corrupci\u00f3n que involucra a su hermana, una ca\u00edda hist\u00f3rica en la confianza ciudadana y un acto de campa\u00f1a que termin\u00f3 entre piedras e insultos. A las derrotas parlamentarias y el alza del riesgo pa\u00eds se suma el derrumbe de su imagen pol\u00edtica.<\/p>\n","protected":false},"author":11,"featured_media":8018,"comment_status":"open","ping_status":"open","sticky":false,"template":"","format":"standard","meta":{"_monsterinsights_skip_tracking":false,"_monsterinsights_sitenote_active":false,"_monsterinsights_sitenote_note":"","_monsterinsights_sitenote_category":0,"footnotes":"","jetpack_publicize_message":"","jetpack_publicize_feature_enabled":true,"jetpack_social_post_already_shared":true,"jetpack_social_options":{"image_generator_settings":{"template":"highway","default_image_id":0,"font":"","enabled":false},"version":2}},"categories":[2],"tags":[1438,3291,257,75,190,1047,635,45,1233,3213],"class_list":["post-8017","post","type-post","status-publish","format-standard","has-post-thumbnail","hentry","category-politica","tag-campana","tag-confianza","tag-congreso","tag-corrupcion","tag-elecciones","tag-encuestas","tag-karina","tag-milei","tag-riesgo","tag-spagnuolo"],"jetpack_publicize_connections":[],"_links":{"self":[{"href":"https:\/\/www.enorsai.com\/noticias\/wp-json\/wp\/v2\/posts\/8017","targetHints":{"allow":["GET"]}}],"collection":[{"href":"https:\/\/www.enorsai.com\/noticias\/wp-json\/wp\/v2\/posts"}],"about":[{"href":"https:\/\/www.enorsai.com\/noticias\/wp-json\/wp\/v2\/types\/post"}],"author":[{"embeddable":true,"href":"https:\/\/www.enorsai.com\/noticias\/wp-json\/wp\/v2\/users\/11"}],"replies":[{"embeddable":true,"href":"https:\/\/www.enorsai.com\/noticias\/wp-json\/wp\/v2\/comments?post=8017"}],"version-history":[{"count":1,"href":"https:\/\/www.enorsai.com\/noticias\/wp-json\/wp\/v2\/posts\/8017\/revisions"}],"predecessor-version":[{"id":8019,"href":"https:\/\/www.enorsai.com\/noticias\/wp-json\/wp\/v2\/posts\/8017\/revisions\/8019"}],"wp:featuredmedia":[{"embeddable":true,"href":"https:\/\/www.enorsai.com\/noticias\/wp-json\/wp\/v2\/media\/8018"}],"wp:attachment":[{"href":"https:\/\/www.enorsai.com\/noticias\/wp-json\/wp\/v2\/media?parent=8017"}],"wp:term":[{"taxonomy":"category","embeddable":true,"href":"https:\/\/www.enorsai.com\/noticias\/wp-json\/wp\/v2\/categories?post=8017"},{"taxonomy":"post_tag","embeddable":true,"href":"https:\/\/www.enorsai.com\/noticias\/wp-json\/wp\/v2\/tags?post=8017"}],"curies":[{"name":"wp","href":"https:\/\/api.w.org\/{rel}","templated":true}]}}