{"id":8014,"date":"2025-08-29T05:30:17","date_gmt":"2025-08-29T08:30:17","guid":{"rendered":"https:\/\/www.enorsai.com\/noticias\/?p=8014"},"modified":"2025-08-29T05:30:22","modified_gmt":"2025-08-29T08:30:22","slug":"caos-audios-explosivos-y-sospechas-de-corrupcion-el-accidentado-cierre-de-campana-de-karina-milei-en-corrientes","status":"publish","type":"post","link":"https:\/\/www.enorsai.com\/noticias\/politica\/caos-audios-explosivos-y-sospechas-de-corrupcion-el-accidentado-cierre-de-campana-de-karina-milei-en-corrientes\/","title":{"rendered":"Caos, audios explosivos y sospechas de corrupci\u00f3n: el accidentado cierre de campa\u00f1a de Karina Milei en Corrientes"},"content":{"rendered":"\n<p>La hermana del Presidente debi\u00f3 huir en camioneta en medio de incidentes con militantes opositores, mientras nuevos audios de Diego Spagnuolo apuntan contra ella y Lule Menem, acrecentando el olor a podredumbre alrededor del oficialismo.<\/p>\n\n\n\n<p>La caravana libertaria en Corrientes termin\u00f3 en golpes, corridas y dos detenidos. En paralelo, siguen filtr\u00e1ndose grabaciones que exhiben una trama de negocios turbios en la Agencia Nacional de Discapacidad. Karina Milei, en el ojo del hurac\u00e1n, queda cada vez m\u00e1s expuesta como el verdadero engranaje del poder libertario.<\/p>\n\n\n\n<p>La imagen que La Libertad Avanza so\u00f1aba para cerrar la campa\u00f1a en Corrientes qued\u00f3 sepultada bajo escenas de violencia, gritos y corridas. Lo que deb\u00eda ser una caminata ordenada y triunfal encabezada por Karina Milei, Mart\u00edn Menem y el candidato libertario Lisandro Almir\u00f3n se transform\u00f3 en un bochorno pol\u00edtico que termin\u00f3 con evacuaciones de urgencia, dos detenidos y un vendaval medi\u00e1tico que vuelve a poner en cuesti\u00f3n la supuesta capacidad de este gobierno para manejar el descontento social.<\/p>\n\n\n\n<p>El episodio ocurri\u00f3 en pleno centro correntino, en la peatonal Jun\u00edn, donde la comitiva libertaria hab\u00eda decidido mostrarse en contacto directo con la gente. Karina, autoproclamada arquitecta de la estructura pol\u00edtica oficialista y protectora del c\u00edrculo de hierro presidencial, intent\u00f3 caminar abrazada a Menem y Almir\u00f3n. Apenas alcanz\u00f3 a dar unos pasos. Entre empujones, insultos y forcejeos, la situaci\u00f3n se descontrol\u00f3. Lo que parec\u00eda un acto breve y simb\u00f3lico termin\u00f3 en batalla campal.<\/p>\n\n\n\n<p>La polic\u00eda provincial, que hab\u00eda prometido garantizar el orden, se mantuvo al margen hasta que la tensi\u00f3n se volvi\u00f3 insostenible. Entonces aparecieron corridas, palos y finalmente dos detenciones. Karina Milei, apurada por no perder el vuelo de regreso desde Resistencia, se meti\u00f3 a toda prisa en una camioneta negra y escap\u00f3 del lugar, escoltada por custodios. A su paso, quedaban militantes lastimados, pancartas pisoteadas y la sensaci\u00f3n de que el supuesto \u201corden libertario\u201d no alcanza para evitar la improvisaci\u00f3n ni el caos.<\/p>\n\n\n\n<p>No fue un hecho aislado. Apenas un d\u00eda antes, en Lomas de Zamora, el propio Javier Milei hab\u00eda sufrido una agresi\u00f3n con piedras que oblig\u00f3 a interrumpir otra caravana electoral. Las comparaciones resultan inevitables: dos actos consecutivos, dos esc\u00e1ndalos de seguridad, dos im\u00e1genes de fuga que dejan m\u00e1s preguntas que respuestas.<\/p>\n\n\n\n<p>En Corrientes, los manifestantes opositores se hicieron sentir con fuerza. Algunos llegaron con carteles escritos en violeta y consignas acusatorias: \u201cesta se\u00f1ora le roba a los jubilados\u201d, gritaban. Otros improvisaron pancartas m\u00e1s directas, como la que rezaba \u201cpersona no grata\u201d. La reacci\u00f3n de los libertarios fue inmediata: insultos cruzados, empujones y acusaciones mutuas. La postal que pretend\u00eda transmitir esperanza y libertad termin\u00f3 convertida en un choque de facciones que mostr\u00f3 la fragilidad del experimento libertario en las calles.<\/p>\n\n\n\n<p>La versi\u00f3n oficialista intent\u00f3 responsabilizar al peronismo local y al gobernador radical Gustavo Vald\u00e9s. Sin embargo, desde esos espacios desmintieron cualquier v\u00ednculo y hablaron de \u201cautoconvocados\u201d. La disputa pol\u00edtica por el relato no logr\u00f3 ocultar la evidencia: la presencia libertaria en Corrientes no gener\u00f3 entusiasmo ciudadano sino rechazo abierto, con vecinos gritando \u201cchorizo\u201d mientras el operativo policial desbordado apenas conten\u00eda la tensi\u00f3n.<\/p>\n\n\n\n<p>Como si no bastara con la violencia en la calle, otro frente de tormenta golpeaba al coraz\u00f3n del oficialismo. Ese mismo d\u00eda, un nuevo audio del exdirector de la Agencia Nacional de Discapacidad, Diego Spagnuolo, se filtraba a la prensa y agitaba a\u00fan m\u00e1s el avispero. En la grabaci\u00f3n, Spagnuolo hablaba sin filtros: \u201calrededor de Karina hay olor a podrido\u201d. La frase, lapidaria, se sumaba a una serie de denuncias sobre un presunto entramado de coimas en la ANDIS que involucra a proveedores, empresarios y funcionarios.<\/p>\n\n\n\n<p>Los audios no son inocuos. All\u00ed se describe un esquema de repartija de contratos y sobornos, con menciones directas a Eduardo \u201cLule\u201d Menem, se\u00f1alado como cerebro de los negocios turbios en nombre de la hermana del Presidente. Spagnuolo, que hoy enfrenta a la Justicia y ya se present\u00f3 con abogado en Comodoro Py, detalla con crudeza c\u00f3mo se manejaban porcentajes, privilegios de venta y favoritismos con la droguer\u00eda Suizo Argentina. En ese circuito, seg\u00fan su voz, \u201cun 3% era para Karina\u201d.<\/p>\n\n\n\n<p>El gobierno, por supuesto, sali\u00f3 a desmentir todo. Javier Milei se mostr\u00f3 desafiante y asegur\u00f3 que llevar\u00e1n a Spagnuolo a la Justicia. Pero las grabaciones siguen apareciendo, cada una m\u00e1s comprometedora que la anterior, y la estrategia de negaci\u00f3n pierde fuerza frente al hedor de corrupci\u00f3n que rodea a la Secretar\u00eda General de la Presidencia. La frase de Spagnuolo es brutal pero dif\u00edcil de ignorar: \u201cnos est\u00e1 cogiendo a todos con la pija de Karina, no con la de \u00e9l\u201d, en referencia a Lule Menem. Una vulgaridad que revela no s\u00f3lo bronca personal, sino la percepci\u00f3n de que el poder libertario opera con m\u00e9todos torpes, dejando rastros demasiado visibles.<\/p>\n\n\n\n<p>Mientras tanto, Karina Milei intenta mostrarse como una dirigente de cercan\u00eda, viajando en clase turista y sonriendo en selfies con pasajeros de Aeroparque. El oficialismo amplifica esas im\u00e1genes como prueba de austeridad. Sin embargo, el contraste con los incidentes en Corrientes y con los audios de corrupci\u00f3n es demasiado evidente. La narrativa de la \u201cciudadana com\u00fan que lidera el cambio\u201d se derrumba frente a la cruda realidad: el poder libertario no logra controlar ni las calles ni sus propios esc\u00e1ndalos internos.<\/p>\n\n\n\n<p>Lo que debi\u00f3 ser un cierre de campa\u00f1a se convirti\u00f3 en un bochorno amplificado. La oposici\u00f3n celebra cada traspi\u00e9, los vecinos se animan a confrontar, los jueces reciben nuevas pruebas y el oficialismo corre detr\u00e1s de los hechos. La figura de Karina, central en la construcci\u00f3n del proyecto mile\u00edsta, queda cada vez m\u00e1s asociada a sospechas, improvisaci\u00f3n y rechazo social. El interrogante es inevitable: \u00bfqu\u00e9 tan largo ser\u00e1 el recorrido de este poder si sus cimientos se apoyan en la violencia callejera y en la podredumbre administrativa?<\/p>\n\n\n\n<p>La campa\u00f1a en Corrientes termin\u00f3 abruptamente, con dos detenidos y una dirigencia libertaria refugiada en camionetas oficiales. Los audios de Spagnuolo siguen filtr\u00e1ndose y huelen cada vez peor. Y la ciudadan\u00eda, lejos de comprar la \u00e9pica libertaria, responde con pancartas que hablan de robo, con gritos de \u201cchorizo\u201d y con el rechazo expl\u00edcito a quienes se presentan como salvadores pero cargan el fardo de la corrupci\u00f3n. El domingo habr\u00e1 elecciones en Corrientes, pero la verdadera batalla se libra en otro terreno: el de la credibilidad. Y esa, hoy, parece estar perdida.<\/p>\n\n\n\n<p><strong>Fuente:<\/strong><br><a href=\"https:\/\/www.lanacion.com.ar\/politica\/con-incidentes-la-libertad-avanza-cierra-la-campana-en-corrientes-con-karina-milei-al-frente-de-una-nid28082025\/?utm_source=chatgpt.com\">https:\/\/www.lanacion.com.ar\/politica\/con-incidentes-la-libertad-avanza-cierra-la-campana-en-corrientes-con-karina-milei-al-frente-de-una-nid28082025\/<\/a><br><a href=\"https:\/\/www.infobae.com\/politica\/2025\/08\/28\/karina-milei-y-martin-menem-cerraron-la-campana-en-corrientes-y-otra-vez-hubo-incidentes-en-la-caravana\/?utm_source=chatgpt.com\">https:\/\/www.infobae.com\/politica\/2025\/08\/28\/karina-milei-y-martin-menem-cerraron-la-campana-en-corrientes-y-otra-vez-hubo-incidentes-en-la-caravana\/<\/a><br><a href=\"https:\/\/www.clarin.com\/politica\/audio-diego-spagnuolo-dijo-alrededor-karina-milei-olor-podrido_0_npeSpyyNLR.html?utm_source=chatgpt.com\">https:\/\/www.clarin.com\/politica\/audio-diego-spagnuolo-dijo-alrededor-karina-milei-olor-podrido_0_npeSpyyNLR.html<\/a><\/p>\n\n\n\n<p><\/p>\n\n\n\n<p><\/p>\n","protected":false},"excerpt":{"rendered":"<p>El cierre de campa\u00f1a de Karina Milei en Corrientes termin\u00f3 en violencia, con corridas, insultos y dos detenidos. A la par, nuevos audios de Diego Spagnuolo denuncian un entramado de corrupci\u00f3n que involucra a la hermana del Presidente y a Lule Menem. Entre caos y sospechas, el oficialismo queda cada vez m\u00e1s expuesto.<\/p>\n","protected":false},"author":9,"featured_media":8015,"comment_status":"open","ping_status":"open","sticky":false,"template":"","format":"standard","meta":{"_monsterinsights_skip_tracking":false,"_monsterinsights_sitenote_active":false,"_monsterinsights_sitenote_note":"","_monsterinsights_sitenote_category":0,"footnotes":"","jetpack_publicize_message":"","jetpack_publicize_feature_enabled":true,"jetpack_social_post_already_shared":true,"jetpack_social_options":{"image_generator_settings":{"template":"highway","default_image_id":0,"font":"","enabled":false},"version":2}},"categories":[2],"tags":[3248,1438,478,75,635,605,903,45,3213,711],"class_list":["post-8014","post","type-post","status-publish","format-standard","has-post-thumbnail","hentry","category-politica","tag-andis","tag-campana","tag-corrientes","tag-corrupcion","tag-karina","tag-libertarios","tag-menem","tag-milei","tag-spagnuolo","tag-violencia"],"jetpack_publicize_connections":[],"_links":{"self":[{"href":"https:\/\/www.enorsai.com\/noticias\/wp-json\/wp\/v2\/posts\/8014","targetHints":{"allow":["GET"]}}],"collection":[{"href":"https:\/\/www.enorsai.com\/noticias\/wp-json\/wp\/v2\/posts"}],"about":[{"href":"https:\/\/www.enorsai.com\/noticias\/wp-json\/wp\/v2\/types\/post"}],"author":[{"embeddable":true,"href":"https:\/\/www.enorsai.com\/noticias\/wp-json\/wp\/v2\/users\/9"}],"replies":[{"embeddable":true,"href":"https:\/\/www.enorsai.com\/noticias\/wp-json\/wp\/v2\/comments?post=8014"}],"version-history":[{"count":1,"href":"https:\/\/www.enorsai.com\/noticias\/wp-json\/wp\/v2\/posts\/8014\/revisions"}],"predecessor-version":[{"id":8016,"href":"https:\/\/www.enorsai.com\/noticias\/wp-json\/wp\/v2\/posts\/8014\/revisions\/8016"}],"wp:featuredmedia":[{"embeddable":true,"href":"https:\/\/www.enorsai.com\/noticias\/wp-json\/wp\/v2\/media\/8015"}],"wp:attachment":[{"href":"https:\/\/www.enorsai.com\/noticias\/wp-json\/wp\/v2\/media?parent=8014"}],"wp:term":[{"taxonomy":"category","embeddable":true,"href":"https:\/\/www.enorsai.com\/noticias\/wp-json\/wp\/v2\/categories?post=8014"},{"taxonomy":"post_tag","embeddable":true,"href":"https:\/\/www.enorsai.com\/noticias\/wp-json\/wp\/v2\/tags?post=8014"}],"curies":[{"name":"wp","href":"https:\/\/api.w.org\/{rel}","templated":true}]}}