{"id":8008,"date":"2025-08-28T20:24:26","date_gmt":"2025-08-28T23:24:26","guid":{"rendered":"https:\/\/www.enorsai.com\/noticias\/?p=8008"},"modified":"2025-08-28T20:24:34","modified_gmt":"2025-08-28T23:24:34","slug":"comision-libra-oposicion-logra-el-avance-historico-en-diputados-y-pone-bajo-la-lupa-a-karina-milei-los-menem-y-el-recorte-a-discapacidad","status":"publish","type":"post","link":"https:\/\/www.enorsai.com\/noticias\/politica\/corrupcion\/libra\/comision-libra-oposicion-logra-el-avance-historico-en-diputados-y-pone-bajo-la-lupa-a-karina-milei-los-menem-y-el-recorte-a-discapacidad\/","title":{"rendered":"Comisi\u00f3n Libra: oposici\u00f3n logra el avance hist\u00f3rico en Diputados y pone bajo la lupa a Karina Milei, los Menem y el recorte a discapacidad"},"content":{"rendered":"\n<p>Por Redacci\u00f3n Enorsai<\/p>\n\n\n\n<p>Por primera vez desde su creaci\u00f3n, la comisi\u00f3n investigadora de la causa Libra <strong>comenz\u00f3 a sesionar en la C\u00e1mara de Diputados<\/strong>. El qu\u00f3rum opositor destrab\u00f3 meses de bloqueo: Maximiliano Ferraro fue designado presidente, Juan Marino secretario y ya se fij\u00f3 la primera agenda para investigar la red de corrupci\u00f3n pol\u00edtica, contratos y el impacto social sobre personas con discapacidad.<\/p>\n\n\n\n<h2 class=\"wp-block-heading\">Quiebre del empate: c\u00f3mo la oposici\u00f3n reactiv\u00f3 la comisi\u00f3n Libra<\/h2>\n\n\n\n<p>La comisi\u00f3n especial sobre la criptomoneda $Libra, votada en abril pero paralizada por un empate perfecto entre oficialismo y oposici\u00f3n, pudo ayer definir sus autoridades y empezar a funcionar formalmente. <strong>Ferraro (Coalici\u00f3n C\u00edvica) obtuvo 14 votos positivos para la presidencia<\/strong> y <strong>Juan Marino (Uni\u00f3n por la Patria) la secretar\u00eda<\/strong>, aplicando una modificaci\u00f3n votada en la \u00faltima sesi\u00f3n que establece que, en caso de empate, define la mayor\u00eda parlamentaria de las fuerzas presentes. La vicepresidencia qued\u00f3 vacante por desacuerdo de bloques. <a href=\"https:\/\/www.hcdn.gob.ar\/prensa\/noticia\/LA-COMISION-INVESTIGADORA-SOBRE-LA-CRIPTOMONEDA-LIBRA-DESIGNO-A-MAXIMILIANO-FERRARO-COMO-PRESIDENTE\/\" target=\"_blank\" rel=\"noreferrer noopener\">[C\u00e1mara de Diputados]<\/a> <a href=\"https:\/\/www.tiempoar.com.ar\/ta_article\/comision-investigadora-del-caso-libra-definio-sus-autoridades-y-comenzara-a-funcionar\/\" target=\"_blank\" rel=\"noreferrer noopener\">[Tiempo Argentino]<\/a><\/p>\n\n\n\n<ul class=\"wp-block-list\">\n<li>El PRO y La Libertad Avanza se retiraron, denunciando cambios reglamentarios y la \u201cilegalidad\u201d de la sesi\u00f3n.<\/li>\n\n\n\n<li>El martes a las 16 hs, se votar\u00e1 el reglamento y se librar\u00e1n oficios para citar testimonios clave.<\/li>\n<\/ul>\n\n\n\n<h2 class=\"wp-block-heading\">\u00bfQu\u00e9 investigar\u00e1 la Comisi\u00f3n Libra? Corrupci\u00f3n pol\u00edtica, contratos y ajuste social<\/h2>\n\n\n\n<p>Fuentes legislativas y testimonios (Mart\u00edn Paredes, Radio 10) confirman que la comisi\u00f3n tiene mandato para investigar:<\/p>\n\n\n\n<ul class=\"wp-block-list\">\n<li>La <strong>estafa con la cripto Libra<\/strong> y las derivaciones pol\u00edtico-empresariales que vinculan a Karina Milei, Mart\u00edn y Lule Menem y referentes gubernamentales.<\/li>\n\n\n\n<li>Pruebas sobre presunto cobro de retornos: audios de Diego Spagnuolo, reuniones en la Quinta de Olivos y la Casa Rosada, y testimonios de empresarios que aseguran haber pagado a Karina para tener acceso directo a decisiones o contratos.<\/li>\n\n\n\n<li>Contratos multimillonarios de droguer\u00edas \u2014como la suizo argentina\u2014 en la provisi\u00f3n de medicamentos y servicios a provincias.<\/li>\n\n\n\n<li>El nexo con otros esc\u00e1ndalos conexos: la caja de la Agencia Nacional de Discapacidad, las coimas denunciadas en ANDIS y los recortes a pensiones y tratamientos m\u00e9dicos.<\/li>\n<\/ul>\n\n\n\n<p><strong>Juan Marino<\/strong> (UP) remarc\u00f3 que el avance de la comisi\u00f3n es un paso clave para \u201ciluminar la red de corrupci\u00f3n, pero tambi\u00e9n para defender a los m\u00e1s vulnerables: las personas con discapacidad sufren los robos y los recortes como nadie\u201d.<\/p>\n\n\n\n<p><strong>Infograf\u00eda | Claves de la comisi\u00f3n investigadora Libra 2025<\/strong><\/p>\n\n\n\n<figure class=\"wp-block-table\"><table class=\"has-fixed-layout\"><tbody><tr><th>Fecha<\/th><th>Hecho<\/th><\/tr><tr><td>Abril<\/td><td>Se aprueba la creaci\u00f3n. Oficialismo y oposici\u00f3n empatan fuerzas, la comisi\u00f3n no avanza.<\/td><\/tr><tr><td>24-27 agosto<\/td><td>Oposici\u00f3n modifica reglamento, bloquea maniobras y asume conducci\u00f3n.<\/td><\/tr><tr><td>Pr\u00f3ximo martes<\/td><td>Reglamento, oficios para citaciones y primer debate de fondo.<\/td><\/tr><\/tbody><\/table><\/figure>\n\n\n\n<h2 class=\"wp-block-heading\">Rechazo y bloqueo: estrategia del oficialismo, impugnaci\u00f3n y denuncia<\/h2>\n\n\n\n<p>Desde La Libertad Avanza y el PRO, el rechazo a la designaci\u00f3n de autoridades fue tajante: <strong>Gabriel Bornoroni<\/strong> anticip\u00f3 que \u201cimpugnar\u00e1n el proceso\u201d y acusan de cambiar reglas para asegurar mayor\u00eda opositora, en lo que definen como un \u201cprecedente grave para el trabajo en comisiones\u201d (<a href=\"https:\/\/www.infobae.com\/politica\/2025\/08\/28\/la-oposicion-puso-en-funcionamiento-la-comision-libra-lla-se-retiro-y-anuncio-que-no-participara\/\" target=\"_blank\" rel=\"noreferrer noopener\">Infobae<\/a>).<\/p>\n\n\n\n<p>La oposici\u00f3n argumenta que la prioridad es \u201cromper la impunidad institucional\u201d: el bloqueo deliberado buscaba tapar conexiones entre negocios cripto, contratos estatales y el ajuste a personas con discapacidad.<\/p>\n\n\n\n<h2 class=\"wp-block-heading\">\u00bfPor qu\u00e9 este esc\u00e1ndalo es clave? Del show medi\u00e1tico al drama social<\/h2>\n\n\n\n<p>El avance de la causa Libra conecta el show medi\u00e1tico de la alta corrupci\u00f3n \u2014audios, videos, operaciones de lobby\u2014 con el impacto real en la p\u00e9rdida de derechos: <strong>recortes masivos en pensiones por discapacidad, exclusi\u00f3n de remedios y tratamientos, y el aumento de la vulnerabilidad social<\/strong>.<\/p>\n\n\n\n<p>Marino subraya: \u201cEstamos para que no ganen los especuladores del Estado, ni los corruptos de corbata: queremos salvar un pedazo de justicia para los m\u00e1s desprotegidos.\u201d<\/p>\n\n\n\n<p>Lee el an\u00e1lisis ampliado en <a href=\"https:\/\/www.enorsai.com.ar\/sociedad\/2025\/08\/20\/ley-discapacidad-diputados-veto-prestadores-senado.html\">Enorsai: todo sobre pensiones y emergencia discapacidad<\/a> y <a href=\"https:\/\/www.pagina12.com.ar\/853156-milei-suma-una-preocupacion-se-reactivo-la-comision-de-la-cr\" target=\"_blank\" rel=\"noreferrer noopener\">P\u00e1gina 12<\/a>.<\/p>\n\n\n\n<p><strong>Reflexi\u00f3n final:<\/strong> La Comisi\u00f3n Libra es hoy el s\u00edmbolo de la reacci\u00f3n democr\u00e1tica frente a la impunidad estructural: si logra abrir los secretos del caso, podr\u00e1 tambi\u00e9n marcar l\u00edmites al despojo de derechos sociales y la apropiaci\u00f3n de fondos p\u00fablicos. La sociedad espera justicia y verdad, no otro show sin consecuencias.<\/p>\n\n\n\n<p>Dejanos tu comentario debajo o escribinos a <a href=\"mailto:enorsaionline@gmail.com\">enorsaionline@gmail.com<\/a><\/p>\n\n\n\n<h2 class=\"wp-block-heading\">Preguntas frecuentes sobre la Comisi\u00f3n Libra y esc\u00e1ndalos en Diputados<\/h2>\n\n\n\n<h3 class=\"wp-block-heading\">\u00bfQui\u00e9nes lideran la Comisi\u00f3n Libra en Diputados?<\/h3>\n\n\n\n<p>Maximiliano Ferraro fue elegido presidente y Juan Marino secretario. El PRO y LLA se retiraron rechazando la designaci\u00f3n. <a href=\"https:\/\/www.hcdn.gob.ar\/prensa\/noticia\/LA-COMISION-INVESTIGADORA-SOBRE-LA-CRIPTOMONEDA-LIBRA-DESIGNO-A-MAXIMILIANO-FERRARO-COMO-PRESIDENTE\/\" target=\"_blank\" rel=\"noreferrer noopener\">Ver fuente oficial<\/a>.<\/p>\n\n\n\n<h3 class=\"wp-block-heading\">\u00bfQu\u00e9 temas investigar\u00e1 la comisi\u00f3n?<\/h3>\n\n\n\n<p>Se centra en la estafa con la cripto Libra, contratos a farmac\u00e9uticas, la relaci\u00f3n con Karina y Mart\u00edn Menem y la vinculaci\u00f3n con recortes a discapacidad. <a href=\"https:\/\/www.tiempoar.com.ar\/ta_article\/comision-investigadora-del-caso-libra-definio-sus-autoridades-y-comenzara-a-funcionar\/\" target=\"_blank\" rel=\"noreferrer noopener\">Tiempo Argentino<\/a>.<\/p>\n\n\n\n<h3 class=\"wp-block-heading\">\u00bfPor qu\u00e9 estuvo empantanada la comisi\u00f3n?<\/h3>\n\n\n\n<p>El empate entre oficialismo y oposici\u00f3n hizo imposible elegir autoridades durante meses. La oposici\u00f3n forz\u00f3 una redefinici\u00f3n reglamentaria para poder avanzar.<\/p>\n\n\n\n<h3 class=\"wp-block-heading\">\u00bfCu\u00e1l es el v\u00ednculo entre Libra y los recortes en discapacidad?<\/h3>\n\n\n\n<p>Ambos casos revelan una trama de recaudaci\u00f3n y desv\u00edo de fondos p\u00fablicos, con consecuencias directas sobre los m\u00e1s vulnerables: cortes de pensiones y de tratamientos m\u00e9dicos.<\/p>\n\n\n\n<h3 class=\"wp-block-heading\">\u00bfCu\u00e1ndo volver\u00e1 a reunirse la comisi\u00f3n y cu\u00e1les ser\u00e1n los pr\u00f3ximos pasos?<\/h3>\n\n\n\n<p>El martes a las 16h se vota el reglamento, se definen los primeros citados y se libran pedidos de informe y documentaci\u00f3n. La investigaci\u00f3n ya est\u00e1 en marcha.<\/p>\n\n\n\n<p><\/p>\n","protected":false},"excerpt":{"rendered":"<p>Ferraro y Marino lideran la Comisi\u00f3n Libra que investiga corrupci\u00f3n y contratos bajo el gobierno de Milei: claves, nombres, y c\u00f3mo afecta a las personas con discapacidad.<\/p>\n","protected":false},"author":4,"featured_media":8009,"comment_status":"open","ping_status":"open","sticky":false,"template":"","format":"standard","meta":{"_monsterinsights_skip_tracking":false,"_monsterinsights_sitenote_active":false,"_monsterinsights_sitenote_note":"","_monsterinsights_sitenote_category":0,"footnotes":"","jetpack_publicize_message":"Comisi\u00f3n Libra: la oposici\u00f3n arranca la investigaci\u00f3n sobre los negocios de Karina Milei y el ajuste en discapacidad","jetpack_publicize_feature_enabled":true,"jetpack_social_post_already_shared":false,"jetpack_social_options":{"image_generator_settings":{"template":"highway","default_image_id":0,"font":"","enabled":false},"version":2}},"categories":[1956],"tags":[3286,3285,3287,75,260,900,3288,3289,174,903,2543,3213],"class_list":["post-8008","post","type-post","status-publish","format-standard","has-post-thumbnail","hentry","category-libra","tag-causas-libra","tag-comision-libra","tag-contratos-medicamentos","tag-corrupcion","tag-diputados","tag-discapacidad","tag-ferraro","tag-juan-marino","tag-karina-milei","tag-menem","tag-recorte-social","tag-spagnuolo"],"jetpack_publicize_connections":[],"_links":{"self":[{"href":"https:\/\/www.enorsai.com\/noticias\/wp-json\/wp\/v2\/posts\/8008","targetHints":{"allow":["GET"]}}],"collection":[{"href":"https:\/\/www.enorsai.com\/noticias\/wp-json\/wp\/v2\/posts"}],"about":[{"href":"https:\/\/www.enorsai.com\/noticias\/wp-json\/wp\/v2\/types\/post"}],"author":[{"embeddable":true,"href":"https:\/\/www.enorsai.com\/noticias\/wp-json\/wp\/v2\/users\/4"}],"replies":[{"embeddable":true,"href":"https:\/\/www.enorsai.com\/noticias\/wp-json\/wp\/v2\/comments?post=8008"}],"version-history":[{"count":1,"href":"https:\/\/www.enorsai.com\/noticias\/wp-json\/wp\/v2\/posts\/8008\/revisions"}],"predecessor-version":[{"id":8010,"href":"https:\/\/www.enorsai.com\/noticias\/wp-json\/wp\/v2\/posts\/8008\/revisions\/8010"}],"wp:featuredmedia":[{"embeddable":true,"href":"https:\/\/www.enorsai.com\/noticias\/wp-json\/wp\/v2\/media\/8009"}],"wp:attachment":[{"href":"https:\/\/www.enorsai.com\/noticias\/wp-json\/wp\/v2\/media?parent=8008"}],"wp:term":[{"taxonomy":"category","embeddable":true,"href":"https:\/\/www.enorsai.com\/noticias\/wp-json\/wp\/v2\/categories?post=8008"},{"taxonomy":"post_tag","embeddable":true,"href":"https:\/\/www.enorsai.com\/noticias\/wp-json\/wp\/v2\/tags?post=8008"}],"curies":[{"name":"wp","href":"https:\/\/api.w.org\/{rel}","templated":true}]}}