{"id":7989,"date":"2025-08-28T10:28:11","date_gmt":"2025-08-28T13:28:11","guid":{"rendered":"https:\/\/www.enorsai.com\/noticias\/?p=7989"},"modified":"2025-08-28T10:28:16","modified_gmt":"2025-08-28T13:28:16","slug":"viva-la-libertad-la-tv-publica-ya-no-transmitira-el-mundial-si-no-tenes-plata-no-podras-ver-a-la-seleccion-de-futbol-de-tu-pais","status":"publish","type":"post","link":"https:\/\/www.enorsai.com\/noticias\/politica\/viva-la-libertad-la-tv-publica-ya-no-transmitira-el-mundial-si-no-tenes-plata-no-podras-ver-a-la-seleccion-de-futbol-de-tu-pais\/","title":{"rendered":"\u00bfViva la Libertad? la TV P\u00fablica ya no transmitir\u00e1 el Mundial: Si no tenes plata no podr\u00e1s ver a la selecci\u00f3n de f\u00fatbol de tu pa\u00eds"},"content":{"rendered":"\n<p>Por Redacci\u00f3n Enorsai<\/p>\n\n\n\n<p>El Gobierno confirm\u00f3 que la TV P\u00fablica <strong>no transmitir\u00e1 el Mundial 2026<\/strong> tras 52 a\u00f1os de cobertura ininterrumpida. Argumentan un \u201cgasto innecesario\u201d, pero la decisi\u00f3n enciende el debate sobre recortes, acceso universal y cultura popular. Aumentan las cr\u00edticas y los interrogantes hacia el ajuste en medios estatales.<\/p>\n\n\n\n<h2 class=\"wp-block-heading\">El fin de una tradici\u00f3n: la TV P\u00fablica deja el Mundial<\/h2>\n\n\n\n<p>Por primera vez desde <strong>Alemania 1974<\/strong>, la emisora estatal no estar\u00e1 al frente de la pantalla durante la m\u00e1xima cita del f\u00fatbol global. El Gobierno oficializ\u00f3 que <strong>no comprar\u00e1 los derechos de transmisi\u00f3n<\/strong> del certamen que se disputar\u00e1 en Estados Unidos, M\u00e9xico y Canad\u00e1, alegando que ser\u00edan necesarios al menos <strong>7 millones de d\u00f3lares<\/strong> para asegurar la emisi\u00f3n. <a href=\"https:\/\/www.ambito.com\/deportes\/por-primera-vez-52-anos-la-tv-publica-no-transmitira-el-mundial-futbol-n6183151\" target=\"_blank\" rel=\"noreferrer noopener\">[\u00c1mbito]<\/a><\/p>\n\n\n\n<p>La Casa Rosada insiste: \u201cNo vamos a gastar millones en f\u00fatbol, la TV P\u00fablica arrastra d\u00e9ficit y hay prioridades sociales\u201d. Sin embargo, el \u00faltimo Mundial Qatar 2022 no solo recuper\u00f3 la inversi\u00f3n con ingresos publicitarios (m\u00e1s de u$s12 millones por una inversi\u00f3n de u$s10 millones), sino que garantiz\u00f3 acceso gratuito y federal a los partidos de la selecci\u00f3n con Lionel Messi campe\u00f3n. <a href=\"https:\/\/www.tiempoar.com.ar\/ta_article\/por-primera-vez-en-52-anos-la-tv-publica-no-transmitira-el-mundial\/\" target=\"_blank\" rel=\"noreferrer noopener\">[Tiempo Argentino]<\/a> <\/p>\n\n\n\n<figure class=\"wp-block-embed is-type-wp-embed is-provider-incrustado wp-block-embed-incrustado\"><div class=\"wp-block-embed__wrapper\">\n<blockquote class=\"wp-embedded-content\" data-secret=\"IypYOUeKFd\"><a href=\"https:\/\/www.enorsai.com\/noticias\/politica\/nuevo-caso-de-corrupcion-libertaria-en-pami-le-exigieron-el-25-del-sueldo-a-la-exdirectora\/\">Nuevo caso de Corrupci\u00f3n Libertaria en PAMI: le exigieron el 25% del sueldo a la exdirectora<\/a><\/blockquote><iframe loading=\"lazy\" class=\"wp-embedded-content\" sandbox=\"allow-scripts\" security=\"restricted\" style=\"position: absolute; visibility: hidden;\" title=\"\u00abNuevo caso de Corrupci\u00f3n Libertaria en PAMI: le exigieron el 25% del sueldo a la exdirectora\u00bb \u2014 \" src=\"https:\/\/www.enorsai.com\/noticias\/politica\/nuevo-caso-de-corrupcion-libertaria-en-pami-le-exigieron-el-25-del-sueldo-a-la-exdirectora\/embed\/#?secret=rNMVwuwFC8#?secret=IypYOUeKFd\" data-secret=\"IypYOUeKFd\" width=\"600\" height=\"338\" frameborder=\"0\" marginwidth=\"0\" marginheight=\"0\" scrolling=\"no\"><\/iframe>\n<\/div><\/figure>\n\n\n\n<h2 class=\"wp-block-heading\">Recortes, cierres y el efecto sobre los medios p\u00fablicos<\/h2>\n\n\n\n<ul class=\"wp-block-list\">\n<li>La decisi\u00f3n se da en el marco de un <strong>ajuste masivo en los medios estatales<\/strong>: retiros, despidos y reducci\u00f3n de horarios en TV P\u00fablica, Radio Nacional y se\u00f1ales educativas y culturales como Encuentro, Pakapaka y Deportv.<\/li>\n\n\n\n<li>Se suma a \u201cantecedentes\u201d: en septiembre de 2024, el canal estatal ya hab\u00eda dejado de transmitir el partido de Eliminatorias entre Argentina y Chile, por no acordar con TyC y Telefe.<\/li>\n\n\n\n<li>La TV P\u00fablica podr\u00eda enfrentar una auditor\u00eda y hasta cierre de se\u00f1ales anexas como parte del \u201cplan de eficiencia\u201d estatal.<\/li>\n<\/ul>\n\n\n\n<p>Los gremios advierten sobre <strong>p\u00e9rdida de acceso universal<\/strong>, empleo y pluralidad; expertos en comunicaci\u00f3n se\u00f1alan que la pantalla vac\u00eda del Mundial significa \u201cun golpe cultural y una ruptura del derecho social al f\u00fatbol\u201d.<\/p>\n\n\n\n<h2 class=\"wp-block-heading\">\u00bfEs solo una decisi\u00f3n econ\u00f3mica?<\/h2>\n\n\n\n<p>Fuentes oficiales recalcan que no hay motivaci\u00f3n pol\u00edtica, pero los 7 millones de d\u00f3lares requeridos son menos de lo que gener\u00f3 la TV P\u00fablica la \u00faltima vez con publicidad, adem\u00e1s de los aportes de provincias y organismos p\u00fablicos (<strong>el 20%<\/strong> de esos ingresos). Los defensores del ajuste subrayan que \u201clos recursos son finitos y el Estado no puede subsidiar todo\u201d; los cr\u00edticos argumentan que la decisi\u00f3n \u201cdeja afuera a millones, ataca la identidad popular y privatiza una pantalla hist\u00f3ricamente federal\u201d. <a href=\"https:\/\/www.pagina12.com.ar\/852765-el-gobierno-no-comprara-los-derechos-de-transmision-del-mund\" target=\"_blank\" rel=\"noreferrer noopener\">[P\u00e1gina 12]<\/a><\/p>\n\n\n\n<p><strong>Infograf\u00eda | TV P\u00fablica y Mundiales F\u00fatbol 1974-2026<\/strong><\/p>\n\n\n\n<figure class=\"wp-block-table\"><table class=\"has-fixed-layout\"><tbody><tr><th>A\u00f1o<\/th><th>Transmisi\u00f3n estatal<\/th><\/tr><tr><td>1970 (M\u00e9xico)<\/td><td>No (privada)<\/td><\/tr><tr><td>1974 (Alemania)\u20132022 (Qatar)<\/td><td>S\u00ed<\/td><\/tr><tr><td>2026 (EEUU, Canad\u00e1, M\u00e9xico)<\/td><td>No<\/td><\/tr><\/tbody><\/table><\/figure>\n\n\n\n<h2 class=\"wp-block-heading\">Debate social y precedentes internacionales<\/h2>\n\n\n\n<p>Referentes, periodistas y organizaciones de usuarios advierten que Argentina se suma a pa\u00edses de la regi\u00f3n que han achicado o privatizado la TV estatal, mientras en Europa el f\u00fatbol sigue siendo eje de pantallas p\u00fablicas. El reclamo por el \u201cacceso gratuito\u201d y la \u201cpantalla de todos\u201d escala junto a la pol\u00e9mica por los derechos culturales y el rol del Estado.<\/p>\n\n\n\n<p>\u00bfEl Gobierno podr\u00eda revertir la decisi\u00f3n? T\u00e9cnicamente s\u00ed, ya que hay plazo hasta diciembre para negociar los derechos, pero la decisi\u00f3n pol\u00edtica parece firme salvo presi\u00f3n social y movilizaci\u00f3n.<\/p>\n\n\n\n<p>Ampl\u00eda el debate y contexto en <a href=\"https:\/\/www.enorsai.com.ar\/politica\/2025\/08\/14\/recortes-ajuste-rta-medios-publicos.html\">Enorsai: ajuste y recorte en medios p\u00fablicos<\/a>.<\/p>\n\n\n\n<p><strong>Reflexi\u00f3n final:<\/strong> La TV P\u00fablica, emblema de acceso igualitario al f\u00fatbol, pierde el Mundial. El ajuste redefine prioridades, pero el debate sobre cultura, identidad y derechos federales reci\u00e9n empieza. \u00bfDebe el Estado garantizar el partido de todos?<\/p>\n\n\n\n<p>Dejanos tu comentario debajo o escribinos a <a href=\"mailto:enorsaionline@gmail.com\">enorsaionline@gmail.com<\/a><\/p>\n\n\n\n<h2 class=\"wp-block-heading\">Preguntas frecuentes sobre la TV P\u00fablica y el Mundial 2026<\/h2>\n\n\n\n<h3 class=\"wp-block-heading\">\u00bfPor qu\u00e9 la TV P\u00fablica no transmitir\u00e1 el Mundial 2026?<\/h3>\n\n\n\n<p>El Gobierno confirm\u00f3 que no adquirir\u00e1 derechos, alegando motivos econ\u00f3micos y una pol\u00edtica de ajuste de gastos. La inversi\u00f3n estimada es de 7 millones de d\u00f3lares, aunque Qatar 2022 dej\u00f3 saldo positivo en publicidad. <a href=\"https:\/\/www.ambito.com\/deportes\/por-primera-vez-52-anos-la-tv-publica-no-transmitira-el-mundial-futbol-n6183151\" target=\"_blank\" rel=\"noreferrer noopener\">Lee m\u00e1s en \u00c1mbito<\/a>.<\/p>\n\n\n\n<h3 class=\"wp-block-heading\">\u00bfCu\u00e1ndo fue la \u00faltima vez que la TV P\u00fablica no transmiti\u00f3 un Mundial?<\/h3>\n\n\n\n<p>En 1970 la cobertura fue solo privada; desde 1974 hasta 2022 hubo transmisi\u00f3n estatal, aunque con excepciones parciales como en 1998 y 2022 seg\u00fan licencias.<\/p>\n\n\n\n<h3 class=\"wp-block-heading\">\u00bfEl Mundial ser\u00e1 transmitido gratis en otros canales?<\/h3>\n\n\n\n<p>A\u00fan no est\u00e1 confirmado qu\u00e9 se\u00f1al abierta, si alguna, tendr\u00e1 los derechos y podr\u00e1 garantizar acceso gratuito. Podr\u00edan ser absorbidos 100% por cadenas privadas y plataformas de streaming.<\/p>\n\n\n\n<h3 class=\"wp-block-heading\">\u00bfLa TV P\u00fablica puede revertir la decisi\u00f3n?<\/h3>\n\n\n\n<p>El Gobierno tiene plazo hasta diciembre para negociar y revertir el ajuste, pero fuentes oficiales dicen que la decisi\u00f3n es firme salvo presi\u00f3n social y pol\u00edtica.<\/p>\n\n\n\n<h3 class=\"wp-block-heading\">\u00bfQu\u00e9 impacto tiene la medida en la cultura popular?<\/h3>\n\n\n\n<p>Expertos advierten que se pierde un derecho social y se profundiza la brecha de acceso, excluyendo a millones del mayor espect\u00e1culo del planeta. <a href=\"https:\/\/www.pagina12.com.ar\/852765-el-gobierno-no-comprara-los-derechos-de-transmision-del-mund\" target=\"_blank\" rel=\"noreferrer noopener\">Ver an\u00e1lisis en P\u00e1gina 12<\/a>.<\/p>\n","protected":false},"excerpt":{"rendered":"<p>Hist\u00f3rico: la TV P\u00fablica no transmitir\u00e1 el Mundial por primera vez en 52 a\u00f1os. El ajuste del gobierno priva de acceso gratuito al f\u00fatbol a millones de argentinos.<\/p>\n","protected":false},"author":4,"featured_media":7990,"comment_status":"open","ping_status":"open","sticky":false,"template":"","format":"standard","meta":{"_monsterinsights_skip_tracking":false,"_monsterinsights_sitenote_active":false,"_monsterinsights_sitenote_note":"","_monsterinsights_sitenote_category":0,"footnotes":"","jetpack_publicize_message":"Hist\u00f3rico: la TV P\u00fablica se queda afuera del Mundial y crece la pol\u00e9mica por el derecho a ver f\u00fatbol","jetpack_publicize_feature_enabled":true,"jetpack_social_post_already_shared":false,"jetpack_social_options":{"image_generator_settings":{"template":"highway","default_image_id":0,"font":"","enabled":false},"version":2}},"categories":[2,4],"tags":[3279,3274,3278,774,895,3280,3275,3276,3281,3277,3273,3272],"class_list":["post-7989","post","type-post","status-publish","format-standard","has-post-thumbnail","hentry","category-politica","category-sociedad","tag-acceso-gratuito","tag-ajuste-estatal","tag-derechos-culturales","tag-futbol","tag-gobierno-milei","tag-messi","tag-mundial-2026","tag-recorte-medios-publicos","tag-seleccion-argentina-de-futbol","tag-transmision-futbol","tag-tv-publica","tag-tv-publica-mundial-messi-futbol-jpg"],"jetpack_publicize_connections":[],"_links":{"self":[{"href":"https:\/\/www.enorsai.com\/noticias\/wp-json\/wp\/v2\/posts\/7989","targetHints":{"allow":["GET"]}}],"collection":[{"href":"https:\/\/www.enorsai.com\/noticias\/wp-json\/wp\/v2\/posts"}],"about":[{"href":"https:\/\/www.enorsai.com\/noticias\/wp-json\/wp\/v2\/types\/post"}],"author":[{"embeddable":true,"href":"https:\/\/www.enorsai.com\/noticias\/wp-json\/wp\/v2\/users\/4"}],"replies":[{"embeddable":true,"href":"https:\/\/www.enorsai.com\/noticias\/wp-json\/wp\/v2\/comments?post=7989"}],"version-history":[{"count":1,"href":"https:\/\/www.enorsai.com\/noticias\/wp-json\/wp\/v2\/posts\/7989\/revisions"}],"predecessor-version":[{"id":7991,"href":"https:\/\/www.enorsai.com\/noticias\/wp-json\/wp\/v2\/posts\/7989\/revisions\/7991"}],"wp:featuredmedia":[{"embeddable":true,"href":"https:\/\/www.enorsai.com\/noticias\/wp-json\/wp\/v2\/media\/7990"}],"wp:attachment":[{"href":"https:\/\/www.enorsai.com\/noticias\/wp-json\/wp\/v2\/media?parent=7989"}],"wp:term":[{"taxonomy":"category","embeddable":true,"href":"https:\/\/www.enorsai.com\/noticias\/wp-json\/wp\/v2\/categories?post=7989"},{"taxonomy":"post_tag","embeddable":true,"href":"https:\/\/www.enorsai.com\/noticias\/wp-json\/wp\/v2\/tags?post=7989"}],"curies":[{"name":"wp","href":"https:\/\/api.w.org\/{rel}","templated":true}]}}