{"id":7984,"date":"2025-08-28T09:27:09","date_gmt":"2025-08-28T12:27:09","guid":{"rendered":"https:\/\/www.enorsai.com\/noticias\/?p=7984"},"modified":"2025-08-28T11:33:57","modified_gmt":"2025-08-28T14:33:57","slug":"crisis-total-y-pelea-en-economia-caputo-busca-culpables-y-el-ajuste-ya-no-tiene-fusible","status":"publish","type":"post","link":"https:\/\/www.enorsai.com\/noticias\/economia\/crisis-total-y-pelea-en-economia-caputo-busca-culpables-y-el-ajuste-ya-no-tiene-fusible\/","title":{"rendered":"Crisis total y pelea en Econom\u00eda: Caputo busca culpables y el ajuste ya no tiene fusible"},"content":{"rendered":"\n<p>Por Redacci\u00f3n Enorsai<\/p>\n\n\n\n<p>La crisis financiera suma cap\u00edtulos: <strong>Alfredo Zaiat analiza c\u00f3mo Caputo ya empez\u00f3 a despegarse del desastre econ\u00f3mico<\/strong> y apunta directamente a Milei como responsable, mientras el c\u00edrculo rojo y los mercados piden recambio y autonom\u00eda en Econom\u00eda. Un ajuste sin plan, fuga de fusibles y cada vez m\u00e1s incertidumbre.<\/p>\n\n\n\n<h2 class=\"wp-block-heading\">Un \u00abdesastre\u00bb con responsables que se buscan<\/h2>\n\n\n\n<p>La econom\u00eda argentina transita <strong>tensiones de tasas r\u00e9cord, d\u00f3lar inestable, ca\u00edda de empleo y un marcado deterioro del poder adquisitivo<\/strong>. Para Zaiat, el \u00abdesorden monetario y cambiario\u00bb es ahora una papa caliente entre Caputo\u2014ministro de Econom\u00eda\u2014y el propio Milei, apuntado por tomar las decisiones m\u00e1s riesgosas e intervencionistas. Caputo, ya en modo salida, filtra a la prensa amiga que \u00e9l \u00abno fue\u00bb, que el problema es Milei y su dogmatismo. <\/p>\n\n\n\n<figure class=\"wp-block-embed is-type-wp-embed is-provider-incrustado wp-block-embed-incrustado\"><div class=\"wp-block-embed__wrapper\">\n<blockquote class=\"wp-embedded-content\" data-secret=\"ssKM2cZNTa\"><a href=\"https:\/\/www.enorsai.com\/noticias\/economia\/festejan-endeudarse-milei-celebra-tasas-impagables-como-si-fueran-un-triunfo\/\">Festejan endeudarse: Milei celebra tasas impagables como si fueran un triunfo<\/a><\/blockquote><iframe loading=\"lazy\" class=\"wp-embedded-content\" sandbox=\"allow-scripts\" security=\"restricted\" style=\"position: absolute; visibility: hidden;\" title=\"\u00abFestejan endeudarse: Milei celebra tasas impagables como si fueran un triunfo\u00bb \u2014 \" src=\"https:\/\/www.enorsai.com\/noticias\/economia\/festejan-endeudarse-milei-celebra-tasas-impagables-como-si-fueran-un-triunfo\/embed\/#?secret=IOkiu1U1Ms#?secret=ssKM2cZNTa\" data-secret=\"ssKM2cZNTa\" width=\"600\" height=\"338\" frameborder=\"0\" marginwidth=\"0\" marginheight=\"0\" scrolling=\"no\"><\/iframe>\n<\/div><\/figure>\n\n\n\n<h2 class=\"wp-block-heading\">Milei se puso la banda: el verdadero ministro es el Presidente<\/h2>\n\n\n\n<ul class=\"wp-block-list\">\n<li><strong>Las principales decisiones econ\u00f3micas y monetarias las toma Milei en persona<\/strong>, desde el crawling peg al 1% hasta la eliminaci\u00f3n de las Leliqs y el esquema de tasas.<\/li>\n\n\n\n<li>Caputo intent\u00f3 frenar medidas y reclama que nunca se lo escuch\u00f3.<\/li>\n\n\n\n<li>El Banco Central fue forzado a no comprar d\u00f3lares cuando deb\u00eda; se perdi\u00f3 el momento de mayor liquidaci\u00f3n del a\u00f1o.<\/li>\n\n\n\n<li>La eliminaci\u00f3n de las LEFI (letras de liquidez) deterior\u00f3 la capacidad de ajuste y confianza bancaria, aumentando el riesgo de default futuro.<\/li>\n<\/ul>\n\n\n\n<p>El saldo es un esquema dogm\u00e1tico, \u00abfundamentalista\u00bb y de resultados cada vez m\u00e1s cr\u00edticos, con inflaci\u00f3n que no baja y reservas que no logran consolidarse.<\/p>\n\n\n\n<h2 class=\"wp-block-heading\">\u00bfQui\u00e9n paga el ajuste? \u00bfQui\u00e9n salta primero?<\/h2>\n\n\n\n<p>Zaiat advierte: <strong>los ministros de Econom\u00eda siempre fueron el fusible del poder real<\/strong>. Pero con un Milei hiperprotag\u00f3nico y sin autonom\u00eda en el gabinete, la pregunta del c\u00edrculo rojo es <strong>qui\u00e9n har\u00e1 el ajuste terminal y qui\u00e9n ser\u00e1 el pr\u00f3ximo \u201cfusible\u201d al explotar la bomba econ\u00f3mica<\/strong>. Caputo se despega hoy, pero todo indica que la salida ser\u00eda inminente tras las elecciones, habilitando un \u201creset\u201d de gabinete a medida del Fondo Monetario.<\/p>\n\n\n\n<ul class=\"wp-block-list\">\n<li>Los bancos y el mercado ya descuentan el cambio de ministro y la llegada de un nuevo plan que ataque la volatilidad cambiaria y fiscal.<\/li>\n\n\n\n<li>El propio Fondo Monetario Internacional pide una pol\u00edtica econ\u00f3mica m\u00e1s \u201caut\u00f3noma\u201d y negociada, que Milei por ahora rechaza.<\/li>\n<\/ul>\n\n\n\n<h2 class=\"wp-block-heading\">Recetas de crisis: default, ajuste brutal y pelea sin sutilezas<\/h2>\n\n\n\n<p>En la pr\u00e1ctica, la interna ya se juega en voz alta. Zaiat recuerda que Caputo fue el arquitecto de la fuga y el default en la era Macri, y hoy repite el ciclo con nuevas letras y \u00abpromesas de ajuste\u00bb inalcanzables. La herencia es una inflaci\u00f3n sin tregua, una recesi\u00f3n ya palpable en la econom\u00eda real\u2014y una transferencia extraordinaria de ingresos a una elite financiera mientras el resto de la poblaci\u00f3n se empobrece velozmente.<\/p>\n\n\n\n<p>\u201cEl final est\u00e1 abierto\u201d, cierra el economista: no solo por la magnitud del desastre, sino porque nadie sabe c\u00f3mo, ni qui\u00e9n, ordenar\u00e1 el caos despu\u00e9s del pr\u00f3ximo gran estallido financiero y pol\u00edtico.<\/p>\n\n\n\n<p><strong>Infograf\u00eda | Errores econ\u00f3micos y consecuencias<\/strong><\/p>\n\n\n\n<figure class=\"wp-block-table\"><table class=\"has-fixed-layout\"><tbody><tr><th>Decisi\u00f3n<\/th><th>Autor<\/th><th>Consecuencia<\/th><\/tr><tr><td>Crawling peg al 1%<\/td><td>Milei<\/td><td>Inflaci\u00f3n alta, atraso cambiario<\/td><\/tr><tr><td>No compra de d\u00f3lares<\/td><td>Milei<\/td><td>Reservas sin acumular<\/td><\/tr><tr><td>Eliminaci\u00f3n de Leliqs<\/td><td>Milei-Caputo<\/td><td>Riesgo bancario, default<\/td><\/tr><tr><td>Banda cambiaria r\u00edgida<\/td><td>Milei<\/td><td>M\u00e1s volatilidad y crisis de confianza<\/td><\/tr><\/tbody><\/table><\/figure>\n\n\n\n<h2 class=\"wp-block-heading\">Para profundizar y comparar<\/h2>\n\n\n\n<p>M\u00e1s an\u00e1lisis de la crisis y el ajuste en <a href=\"https:\/\/www.enorsai.com.ar\/economia\/2025\/08\/26\/reperfilamiento-lecap-bancos-liquidez.html\">Enorsai: bancos, Lecap y el riesgo de default<\/a> y el especial sobre econom\u00eda argentina en <a href=\"https:\/\/www.pagina12.com.ar\/diario\/economia\/index.html\" target=\"_blank\" rel=\"noreferrer noopener\">P\u00e1gina 12<\/a>.<\/p>\n\n\n\n<p><strong>Reflexi\u00f3n final:<\/strong> La econom\u00eda cruje, el oficialismo cruza culpas y el futuro del plan es una inc\u00f3gnita. El ajuste, una vez m\u00e1s, lo pagan los de abajo. \u00bfCu\u00e1nto falta para el pr\u00f3ximo fusible?<\/p>\n\n\n\n<p>Dejanos tu comentario debajo o escribinos a <a href=\"mailto:enorsaionline@gmail.com\">enorsaionline@gmail.com<\/a><\/p>\n\n\n\n<h2 class=\"wp-block-heading\">Preguntas frecuentes sobre la crisis de Caputo, Milei y la econom\u00eda<\/h2>\n\n\n\n<h3 class=\"wp-block-heading\">\u00bfPor qu\u00e9 Caputo responsabiliza a Milei por la crisis?<\/h3>\n\n\n\n<p>Caputo filtra a medios que las decisiones centrales\u2014compra de d\u00f3lares, crawling peg al 1%, eliminaci\u00f3n de Leliqs\u2014las ordena Milei. As\u00ed busca despegarse del costo del ajuste y preparar su salida.<\/p>\n\n\n\n<h3 class=\"wp-block-heading\">\u00bfQu\u00e9 errores econ\u00f3micos se\u00f1ala Zaiat?<\/h3>\n\n\n\n<p>No acumular reservas, congelar tipo de cambio, eliminar instrumentos bancarios clave y someter la econom\u00eda a la volatilidad del mercado. <a href=\"https:\/\/www.pagina12.com.ar\/diario\/economia\/index.html\" target=\"_blank\" rel=\"noreferrer noopener\">P\u00e1gina 12<\/a> lo detalla en profundidad.<\/p>\n\n\n\n<h3 class=\"wp-block-heading\">\u00bfQui\u00e9n paga el ajuste en este esquema?<\/h3>\n\n\n\n<p>La transferencia de ingresos va de la mayor\u00eda a una elite financiera beneficiada por la pol\u00edtica, mientras la recesi\u00f3n y la ca\u00edda de empleo golpean al resto.<\/p>\n\n\n\n<h3 class=\"wp-block-heading\">\u00bfVa a cambiar el ministro despu\u00e9s de las elecciones?<\/h3>\n\n\n\n<p>El c\u00edrculo rojo y el Fondo Monetario reclaman recambio y un plan econ\u00f3mico aut\u00f3nomo. Tras las elecciones, se espera que Caputo sea reemplazado y haya nuevo rumbo.<\/p>\n\n\n\n<h3 class=\"wp-block-heading\">\u00bfD\u00f3nde leer m\u00e1s an\u00e1lisis sobre la crisis y el ajuste?<\/h3>\n\n\n\n<p>Enorsai publica seguimientos, infograf\u00edas y an\u00e1lisis cr\u00edticos de la crisis y el ajuste. Tambi\u00e9n se recomienda <a href=\"https:\/\/www.pagina12.com.ar\/diario\/economia\/index.html\" target=\"_blank\" rel=\"noreferrer noopener\">P\u00e1gina 12<\/a> y El Destape.<\/p>\n","protected":false},"excerpt":{"rendered":"<p>Zaiat: Caputo responsabiliza a Milei por la crisis financiera y crecimiento de la pobreza. El ajuste no frena la recesi\u00f3n; los mercados exigen recambio urgente.<\/p>\n","protected":false},"author":4,"featured_media":7506,"comment_status":"open","ping_status":"open","sticky":false,"template":"","format":"standard","meta":{"_monsterinsights_skip_tracking":false,"_monsterinsights_sitenote_active":false,"_monsterinsights_sitenote_note":"","_monsterinsights_sitenote_category":0,"footnotes":"","jetpack_publicize_message":"Crisis, ajuste y pelea: Zaiat revela la interna Caputo-Milei","jetpack_publicize_feature_enabled":true,"jetpack_social_post_already_shared":false,"jetpack_social_options":{"image_generator_settings":{"template":"highway","default_image_id":0,"font":"","enabled":false},"version":2}},"categories":[3],"tags":[],"class_list":["post-7984","post","type-post","status-publish","format-standard","has-post-thumbnail","hentry","category-economia"],"jetpack_publicize_connections":[],"_links":{"self":[{"href":"https:\/\/www.enorsai.com\/noticias\/wp-json\/wp\/v2\/posts\/7984","targetHints":{"allow":["GET"]}}],"collection":[{"href":"https:\/\/www.enorsai.com\/noticias\/wp-json\/wp\/v2\/posts"}],"about":[{"href":"https:\/\/www.enorsai.com\/noticias\/wp-json\/wp\/v2\/types\/post"}],"author":[{"embeddable":true,"href":"https:\/\/www.enorsai.com\/noticias\/wp-json\/wp\/v2\/users\/4"}],"replies":[{"embeddable":true,"href":"https:\/\/www.enorsai.com\/noticias\/wp-json\/wp\/v2\/comments?post=7984"}],"version-history":[{"count":1,"href":"https:\/\/www.enorsai.com\/noticias\/wp-json\/wp\/v2\/posts\/7984\/revisions"}],"predecessor-version":[{"id":7985,"href":"https:\/\/www.enorsai.com\/noticias\/wp-json\/wp\/v2\/posts\/7984\/revisions\/7985"}],"wp:featuredmedia":[{"embeddable":true,"href":"https:\/\/www.enorsai.com\/noticias\/wp-json\/wp\/v2\/media\/7506"}],"wp:attachment":[{"href":"https:\/\/www.enorsai.com\/noticias\/wp-json\/wp\/v2\/media?parent=7984"}],"wp:term":[{"taxonomy":"category","embeddable":true,"href":"https:\/\/www.enorsai.com\/noticias\/wp-json\/wp\/v2\/categories?post=7984"},{"taxonomy":"post_tag","embeddable":true,"href":"https:\/\/www.enorsai.com\/noticias\/wp-json\/wp\/v2\/tags?post=7984"}],"curies":[{"name":"wp","href":"https:\/\/api.w.org\/{rel}","templated":true}]}}