{"id":7976,"date":"2025-08-28T08:23:38","date_gmt":"2025-08-28T11:23:38","guid":{"rendered":"https:\/\/www.enorsai.com\/noticias\/?p=7976"},"modified":"2025-08-28T08:24:35","modified_gmt":"2025-08-28T11:24:35","slug":"hoy-se-activa-la-comision-del-caso-libra-y-karina-milei-esta-muy-complicada","status":"publish","type":"post","link":"https:\/\/www.enorsai.com\/noticias\/politica\/hoy-se-activa-la-comision-del-caso-libra-y-karina-milei-esta-muy-complicada\/","title":{"rendered":"Hoy se activa la comisi\u00f3n del caso LIBRA y Karina Milei est\u00e1 muy complicada"},"content":{"rendered":"\n<p><strong><em>La C\u00e1mara de Diputados este jueves reactivar\u00e1 la comisi\u00f3n Investigadora por el caso $LIBRA, que involucra al presidente Javier Milei. Todos los detalles.<\/em><\/strong><\/p>\n\n\n\n<p>La C\u00e1mara de Diputados confirm\u00f3 que este jueves 28 de agosto a las 14 horas se reunir\u00e1 por primera vez la Comisi\u00f3n Investigadora sobre la criptomoneda $LIBRA, en el Anexo \u201cC\u201d. El encuentro tendr\u00e1 como objetivo definir autoridades y aprobar un calendario de trabajo, luego de m\u00e1s de cuatro meses de par\u00e1lisis provocada por las maniobras dilatorias del oficialismo.<\/p>\n\n\n\n<p>La conformaci\u00f3n de la comisi\u00f3n estuvo frenada en dos oportunidades por empates 14 a 14 en la votaci\u00f3n para designar a sus autoridades. Sin embargo, la semana pasada la oposici\u00f3n logr\u00f3 destrabar el proceso con la aprobaci\u00f3n de una resoluci\u00f3n que fija que, en caso de empate, la presidencia quedar\u00e1 en manos del bloque con mayor representaci\u00f3n parlamentaria.<\/p>\n\n\n\n<p>De esta manera, la conducci\u00f3n del cuerpo recaer\u00e1 casi con seguridad en Sabrina Selva de Uni\u00f3n por la Patria, quien ya anticip\u00f3 que buscar\u00e1 convocar a secretaria General de Presidencia y figura clave en el entorno libertario, Karina Milei. \u201cQueremos que venga la hermana del Presidente\u201d, asegur\u00f3 la legisladora opositora, en un gesto que incomoda a la Casa Rosada.<\/p>\n\n\n\n<p>La investigaci\u00f3n sobre la criptomoneda $LIBRA apunta directamente a Javier Milei y a funcionarios de su entorno por la presunta promoci\u00f3n de un esquema financiero fraudulento desde la cuenta personal de X (ex Twitter) del propio mandatario. En la causa tambi\u00e9n figuran los nombres del empresario Hayden Davis, se\u00f1alado como creador de la moneda digital, y Mauricio Novelli, un trader vinculado a Olivos.<\/p>\n\n\n\n<p>El avance parlamentario llega en simult\u00e1neo con el esc\u00e1ndalo de corrupci\u00f3n en la Agencia Nacional de Discapacidad (ANDIS), que estall\u00f3 tras la difusi\u00f3n de audios del desplazado director Diego Spagnuolo. En esas grabaciones se mencionan presuntos pedidos de sobornos en la compra de medicamentos y se nombra a Karina Milei y a Eduardo \u201cLule\u201d Menem.<\/p>\n\n\n\n<p>La C\u00e1mara de Diputados confirm\u00f3 que el pr\u00f3ximo jueves 28 de agosto a las 14 horas se reunir\u00e1 por primera vez la Comisi\u00f3n Investigadora sobre LIBRA.<\/p>\n\n\n\n<p>El jefe de Gabinete, Guillermo Francos, reconoci\u00f3 p\u00fablicamente el impacto de la crisis y marc\u00f3 distancia de los funcionarios salpicados por los audios. \u201cNo pongo las manos en el fuego por ning\u00fan funcionario\u201d, sostuvo. Sin embargo, desde el oficialismo intentan instalar la versi\u00f3n de que las acusaciones responden a una \u201cmaniobra pol\u00edtica en plena campa\u00f1a electoral\u201d.<\/p>\n\n\n\n<p>La oposici\u00f3n celebr\u00f3 la convocatoria como una oportunidad de reflotar un caso que parec\u00eda enterrado. Si la comisi\u00f3n se constituye formalmente el jueves, tendr\u00e1 tiempo hasta noviembre para avanzar en la investigaci\u00f3n, en plena campa\u00f1a electoral, lo que podr\u00eda abrir un nuevo frente de conflicto para Milei en el peor momento de su gesti\u00f3n.<\/p>\n\n\n\n<p><strong>El fallo a favor de Hayden Davis dispar\u00f3 la cotizaci\u00f3n de LIBRA<\/strong><\/p>\n\n\n\n<p>Mientras tanto, en el frente judicial internacional, la criptomoneda $LIBRA protagoniz\u00f3 un repunte extraordinario tras el fallo que levant\u00f3 el embargo sobre las cuentas de Hayden Davis en Estados Unidos. La resoluci\u00f3n permiti\u00f3 descongelar activos por u$s57 millones, lo que gener\u00f3 un alza del 527% en pocas horas.<\/p>\n\n\n\n<p>Medios especializados como CoinoMedia destacaron que la medida revitaliz\u00f3 la confianza de algunos inversores, al permitir que el equipo del proyecto avance en la hoja de ruta pendiente. Sin embargo, la reacci\u00f3n alcista dur\u00f3 poco: el token lleg\u00f3 a cotizar a u$s0,55, pero en menos de 24 horas retrocedi\u00f3 a valores cercanos a u$s0,009, lo que evidenci\u00f3 la fragilidad del esquema.<\/p>\n\n\n\n<p>La C\u00e1mara de Diputados confirm\u00f3 que el pr\u00f3ximo jueves 28 de agosto a las 14 horas se reunir\u00e1 por primera vez la Comisi\u00f3n Investigadora sobre LIBRA.<\/p>\n\n\n\n<p>El derrumbe dej\u00f3 en claro que la volatilidad sigue dominando el proyecto, incluso despu\u00e9s de la resoluci\u00f3n favorable a Davis. La Justicia estadounidense tambi\u00e9n revel\u00f3 que la billetera del empresario continuaba operando de forma autom\u00e1tica pese a la orden de bloqueo vigente desde mayo.<\/p>\n\n\n\n<p>En este contexto, la investigaci\u00f3n parlamentaria en Argentina cobra mayor relevancia. Los diputados opositores remarcan que el caso no solo expone un posible fraude financiero, sino que tambi\u00e9n podr\u00eda comprometer al Presidente y a su c\u00edrculo \u00edntimo por el uso de sus redes sociales oficiales en la difusi\u00f3n del esquema.<\/p>\n\n\n\n<p>Por Diputados Bonaerenses<\/p>\n","protected":false},"excerpt":{"rendered":"<p>La C\u00e1mara de Diputados este jueves reactivar\u00e1 la comisi\u00f3n Investigadora por el caso $LIBRA, que involucra al presidente Javier Milei. Todos los detalles. La C\u00e1mara de Diputados confirm\u00f3 que este jueves 28 de agosto a las 14 horas se reunir\u00e1 por primera vez la Comisi\u00f3n Investigadora sobre la criptomoneda $LIBRA, en el Anexo \u201cC\u201d. El&#8230;<\/p>\n","protected":false},"author":5,"featured_media":3306,"comment_status":"open","ping_status":"open","sticky":false,"template":"","format":"standard","meta":{"_monsterinsights_skip_tracking":false,"_monsterinsights_sitenote_active":false,"_monsterinsights_sitenote_note":"","_monsterinsights_sitenote_category":0,"footnotes":"","jetpack_publicize_message":"","jetpack_publicize_feature_enabled":true,"jetpack_social_post_already_shared":true,"jetpack_social_options":{"image_generator_settings":{"template":"highway","default_image_id":0,"font":"","enabled":false},"version":2}},"categories":[1956,2],"tags":[75,797,45],"class_list":["post-7976","post","type-post","status-publish","format-standard","has-post-thumbnail","hentry","category-libra","category-politica","tag-corrupcion","tag-libra-2","tag-milei"],"jetpack_publicize_connections":[],"_links":{"self":[{"href":"https:\/\/www.enorsai.com\/noticias\/wp-json\/wp\/v2\/posts\/7976","targetHints":{"allow":["GET"]}}],"collection":[{"href":"https:\/\/www.enorsai.com\/noticias\/wp-json\/wp\/v2\/posts"}],"about":[{"href":"https:\/\/www.enorsai.com\/noticias\/wp-json\/wp\/v2\/types\/post"}],"author":[{"embeddable":true,"href":"https:\/\/www.enorsai.com\/noticias\/wp-json\/wp\/v2\/users\/5"}],"replies":[{"embeddable":true,"href":"https:\/\/www.enorsai.com\/noticias\/wp-json\/wp\/v2\/comments?post=7976"}],"version-history":[{"count":2,"href":"https:\/\/www.enorsai.com\/noticias\/wp-json\/wp\/v2\/posts\/7976\/revisions"}],"predecessor-version":[{"id":7979,"href":"https:\/\/www.enorsai.com\/noticias\/wp-json\/wp\/v2\/posts\/7976\/revisions\/7979"}],"wp:featuredmedia":[{"embeddable":true,"href":"https:\/\/www.enorsai.com\/noticias\/wp-json\/wp\/v2\/media\/3306"}],"wp:attachment":[{"href":"https:\/\/www.enorsai.com\/noticias\/wp-json\/wp\/v2\/media?parent=7976"}],"wp:term":[{"taxonomy":"category","embeddable":true,"href":"https:\/\/www.enorsai.com\/noticias\/wp-json\/wp\/v2\/categories?post=7976"},{"taxonomy":"post_tag","embeddable":true,"href":"https:\/\/www.enorsai.com\/noticias\/wp-json\/wp\/v2\/tags?post=7976"}],"curies":[{"name":"wp","href":"https:\/\/api.w.org\/{rel}","templated":true}]}}