{"id":7975,"date":"2025-08-28T08:24:58","date_gmt":"2025-08-28T11:24:58","guid":{"rendered":"https:\/\/www.enorsai.com\/noticias\/?p=7975"},"modified":"2025-08-28T08:25:18","modified_gmt":"2025-08-28T11:25:18","slug":"arroyo-denuncia-una-auditoria-cruel-el-gobierno-recorta-pensiones-y-agrava-el-sufrimiento-de-las-personas-con-discapacidad","status":"publish","type":"post","link":"https:\/\/www.enorsai.com\/noticias\/politica\/arroyo-denuncia-una-auditoria-cruel-el-gobierno-recorta-pensiones-y-agrava-el-sufrimiento-de-las-personas-con-discapacidad\/","title":{"rendered":"Arroyo denuncia una auditor\u00eda cruel: el Gobierno recorta pensiones y agrava el sufrimiento de las personas con discapacidad"},"content":{"rendered":"\n<p>Por Redacci\u00f3n Enorsai<\/p>\n\n\n\n<p>El diputado Daniel Arroyo expone c\u00f3mo la auditor\u00eda de pensiones por discapacidad est\u00e1 dejando a miles sin cobertura por errores deliberados en la notificaci\u00f3n: <strong>110 mil bajas, 1,2 millones afectados, caos y maltrato oficial<\/strong>. Reclama una ley urgente para proteger derechos b\u00e1sicos en medio del ajuste.<\/p>\n\n\n\n<h2 class=\"wp-block-heading\">M\u00e1s de 110 mil bajas y miles sin aviso: la auditor\u00eda del ajuste<\/h2>\n\n\n\n<p><strong>Daniel Arroyo<\/strong>, presidente de la Comisi\u00f3n de Discapacidad, revela que el Gobierno nacional aplic\u00f3 una auditor\u00eda que no solo es \u201cmal hecha\u201d, sino que parece dise\u00f1ada para <strong>recortar medio mill\u00f3n de pensiones<\/strong> y desorganizar todo el sistema de prestaciones. El <strong>40% de las cartas documento<\/strong> enviadas ni siquiera lleg\u00f3 a sus destinatarios, dejando a miles de personas sin saber que perdieron el beneficio.<\/p>\n\n\n\n<ul class=\"wp-block-list\">\n<li>1.200.000 argentinos dependen de una pensi\u00f3n por discapacidad.<\/li>\n\n\n\n<li>110.000 ya fueron dadas de baja, 90.000 por problemas de domicilio y falta de notificaci\u00f3n.<\/li>\n\n\n\n<li>Se obliga a personas postradas o con movilidad reducida a viajar cientos de kil\u00f3metros y enfrentar largas colas para \u201cvalidar\u201d su derecho.<\/li>\n\n\n\n<li>El presupuesto oficial prev\u00e9 terminar el a\u00f1o con apenas 700.000 pensiones.<\/li>\n<\/ul>\n\n\n\n<h2 class=\"wp-block-heading\">Un procedimiento ca\u00f3tico, confuso y sin criterios claros<\/h2>\n\n\n\n<p>Seg\u00fan Arroyo, el Gobierno decidi\u00f3 ignorar controles m\u00e9dicos y datos administrativos: en vez de investigar m\u00e9dicos o localidades con porcentajes sospechosos de altas, aplic\u00f3 el recorte en forma masiva. Cambi\u00f3 las reglas, anul\u00f3 regulaciones en mayo y dej\u00f3 a todos en un limbo legal. <strong>No hay informaci\u00f3n clara ni proceso digno para quienes s\u00ed cumplen los requisitos.<\/strong><\/p>\n\n\n\n<p>\u201cLo que lograron es poner loco a todo el mundo: el sistema est\u00e1 desajustado, los acompa\u00f1antes terap\u00e9uticos cobran con meses de demora, los transportistas reciben montos irrisorios, y las personas con discapacidad son maltratadas a prop\u00f3sito\u201d, denuncia Arroyo.<\/p>\n\n\n\n<h2 class=\"wp-block-heading\">Maltrato y mentiras: radiograf\u00edas, insultos y caos<\/h2>\n\n\n\n<ul class=\"wp-block-list\">\n<li>Funcionarios oficiales mostraron <strong>radiograf\u00edas de perros<\/strong> en TV para justificar recortes (luego desmentido por audios internos).<\/li>\n\n\n\n<li>Resoluciones oficiales incluyeron t\u00e9rminos como \u201cidiota, imb\u00e9cil, d\u00e9bil mental\u201d para describir personas con discapacidad (derogadas pero nunca explicadas).<\/li>\n\n\n\n<li>Muchos solo se enteran de la baja cuando dejan de cobrar: no hubo cruce de datos con RENAPER ni registros reales.<\/li>\n\n\n\n<li>El ajuste se hace a costa del sufrimiento de los m\u00e1s vulnerables.<\/li>\n<\/ul>\n\n\n\n<h2 class=\"wp-block-heading\">Soluci\u00f3n: ley de emergencia y auditor\u00eda digna<\/h2>\n\n\n\n<p>Arroyo reclama la promulgaci\u00f3n urgente de la ley de emergencia en discapacidad, ya aprobada en Diputados y en manos del Senado:<\/p>\n\n\n\n<ol class=\"wp-block-list\">\n<li>Nuevo nomenclador, pago justo y obligatorio a profesionales y transportistas.<\/li>\n\n\n\n<li>Una auditor\u00eda real, focalizada y en base a derechos humanos (Convenci\u00f3n ONU).<\/li>\n\n\n\n<li>Prohibici\u00f3n de lenguaje peyorativo y discriminatorio en todas las regulaciones estatales.<\/li>\n<\/ol>\n\n\n\n<p>El objetivo: <strong>recuperar derechos y dar una respuesta estatal que no escatime en dignidad<\/strong>. El diputado exige pol\u00edticas con empat\u00eda y control real, no aparente.<\/p>\n\n\n\n<p><strong>Infograf\u00eda | Pensiones y auditor\u00eda en discapacidad 2025<\/strong><\/p>\n\n\n\n<figure class=\"wp-block-table\"><table class=\"has-fixed-layout\"><tbody><tr><th>Poblaci\u00f3n alcanzada<\/th><td>1.200.000<\/td><\/tr><tr><th>Bajas registradas<\/th><td>110.000<\/td><\/tr><tr><th>Bajas por falta de notificaci\u00f3n<\/th><td>90.000<\/td><\/tr><tr><th>No entrega de cartas documento<\/th><td>40%<\/td><\/tr><tr><th>Pensiones previstas a fin de a\u00f1o<\/th><td>700.000<\/td><\/tr><\/tbody><\/table><\/figure>\n\n\n\n<h2 class=\"wp-block-heading\">El trasfondo pol\u00edtico y social: ajuste deliberado y derechos vulnerados<\/h2>\n\n\n\n<p>El esc\u00e1ndalo se profundiza tras los audios filtrados y los negocios de contratos en la Agencia Nacional de Discapacidad (<em>caso Spagnuolo<\/em>). Para el diputado y numerosos actores sociales, el ajuste no es solo administrativo, es <strong>estrat\u00e9gico y deliberado<\/strong>, y requiere urgente correcci\u00f3n y control judicial (<a href=\"https:\/\/www.pagina12.com.ar\/810865-recortes-notificaciones-disca-ajuste-arroyo\" target=\"_blank\" rel=\"noreferrer noopener\">ver P\u00e1gina 12<\/a>).<\/p>\n\n\n\n<p>M\u00e1s cobertura ampliada en <a href=\"https:\/\/www.enorsai.com.ar\/sociedad\/2025\/08\/20\/ley-discapacidad-diputados-veto-prestadores-senado.html\">Enorsai: Ley Discapacidad, ajuste y veto<\/a>.<\/p>\n\n\n\n<p><strong>Reflexi\u00f3n final:<\/strong> El ajuste a las pensiones por discapacidad desnuda un modelo que prioriza el recorte y la ineficacia sobre los derechos humanos. Arroyo se\u00f1ala: \u201cNo podemos seguir maltratando ni expulsando a quienes m\u00e1s lo necesitan. La ley y la empat\u00eda deben ser prioridad.\u201d<\/p>\n\n\n\n<p>Dejanos tu comentario debajo o escribinos a <a href=\"mailto:enorsaionline@gmail.com\">enorsaionline@gmail.com<\/a><\/p>\n\n\n\n<h2 class=\"wp-block-heading\">Preguntas frecuentes sobre auditor\u00eda y bajas de pensiones por discapacidad<\/h2>\n\n\n\n<h3 class=\"wp-block-heading\">\u00bfCu\u00e1ntas personas perdieron su pensi\u00f3n por discapacidad en 2025?<\/h3>\n\n\n\n<p>Seg\u00fan Daniel Arroyo, ya hubo 110.000 bajas: 90.000 por falta de notificaci\u00f3n y el resto por problemas administrativos, sobre 1,2 millones iniciales.<\/p>\n\n\n\n<h3 class=\"wp-block-heading\">\u00bfPor qu\u00e9 tantas pensiones fueron dadas de baja?<\/h3>\n\n\n\n<p>El Gobierno aplic\u00f3 una auditor\u00eda masiva, sin criterios claros ni cruces de bases, forzando recortes por encima de controles m\u00e9dicos reales. <a href=\"https:\/\/www.enorsai.com.ar\/sociedad\/2025\/08\/20\/ley-discapacidad-diputados-veto-prestadores-senado.html\">Ver contexto ampliado<\/a>.<\/p>\n\n\n\n<h3 class=\"wp-block-heading\">\u00bfQu\u00e9 pasa si no recib\u00ed la carta documento?<\/h3>\n\n\n\n<p>Si la carta no lleg\u00f3, el beneficiario puede perder la pensi\u00f3n sin avisos previos y solo se entera cuando deja de cobrar. Se recomienda reclamar en la agencia correspondiente.<\/p>\n\n\n\n<h3 class=\"wp-block-heading\">\u00bfCu\u00e1l es la soluci\u00f3n propuesta por la oposici\u00f3n?<\/h3>\n\n\n\n<p>Impulsan una ley de emergencia en discapacidad, ya aprobada en Diputados, que ordena una auditor\u00eda justa y garantiza derechos y lenguaje respetuoso seg\u00fan la ONU.<\/p>\n\n\n\n<h3 class=\"wp-block-heading\">\u00bfD\u00f3nde encontrar m\u00e1s an\u00e1lisis y denuncias?<\/h3>\n\n\n\n<p>Enorsai y <a href=\"https:\/\/www.pagina12.com.ar\/\" target=\"_blank\" rel=\"noreferrer noopener\">P\u00e1gina 12<\/a> publican coberturas y casos de recorte y maltrato en discapacidad en Argentina.<\/p>\n","protected":false},"excerpt":{"rendered":"<p>Daniel Arroyo denuncia auditor\u00eda cruel del Gobierno: miles de bajas de pensiones, notificaciones fallidas y caos en discapacidad. Reclaman ley urgente ya.<\/p>\n","protected":false},"author":4,"featured_media":7978,"comment_status":"open","ping_status":"open","sticky":false,"template":"","format":"standard","meta":{"_monsterinsights_skip_tracking":false,"_monsterinsights_sitenote_active":false,"_monsterinsights_sitenote_note":"","_monsterinsights_sitenote_category":0,"footnotes":"","jetpack_publicize_message":"Arroyo: \u201cEl Gobierno recorta pensiones por discapacidad y agrava la crisis\u201d\n\n","jetpack_publicize_feature_enabled":true,"jetpack_social_post_already_shared":false,"jetpack_social_options":{"image_generator_settings":{"template":"highway","default_image_id":0,"font":"","enabled":false},"version":2}},"categories":[3,2],"tags":[58,2539,3266,3267,2861,15,3170,45,3264,3265,3268],"class_list":["post-7975","post","type-post","status-publish","format-standard","has-post-thumbnail","hentry","category-economia","category-politica","tag-ajuste","tag-ajuste-social","tag-auditoria-gobierno","tag-bajas-pensiones","tag-daniel-arroyo","tag-economia","tag-ley-discapacidad","tag-milei","tag-notificacion-cartas-documento","tag-pensiones-discapacidad","tag-recorte-maltrato-spagnuolo"],"jetpack_publicize_connections":[],"_links":{"self":[{"href":"https:\/\/www.enorsai.com\/noticias\/wp-json\/wp\/v2\/posts\/7975","targetHints":{"allow":["GET"]}}],"collection":[{"href":"https:\/\/www.enorsai.com\/noticias\/wp-json\/wp\/v2\/posts"}],"about":[{"href":"https:\/\/www.enorsai.com\/noticias\/wp-json\/wp\/v2\/types\/post"}],"author":[{"embeddable":true,"href":"https:\/\/www.enorsai.com\/noticias\/wp-json\/wp\/v2\/users\/4"}],"replies":[{"embeddable":true,"href":"https:\/\/www.enorsai.com\/noticias\/wp-json\/wp\/v2\/comments?post=7975"}],"version-history":[{"count":1,"href":"https:\/\/www.enorsai.com\/noticias\/wp-json\/wp\/v2\/posts\/7975\/revisions"}],"predecessor-version":[{"id":7980,"href":"https:\/\/www.enorsai.com\/noticias\/wp-json\/wp\/v2\/posts\/7975\/revisions\/7980"}],"wp:featuredmedia":[{"embeddable":true,"href":"https:\/\/www.enorsai.com\/noticias\/wp-json\/wp\/v2\/media\/7978"}],"wp:attachment":[{"href":"https:\/\/www.enorsai.com\/noticias\/wp-json\/wp\/v2\/media?parent=7975"}],"wp:term":[{"taxonomy":"category","embeddable":true,"href":"https:\/\/www.enorsai.com\/noticias\/wp-json\/wp\/v2\/categories?post=7975"},{"taxonomy":"post_tag","embeddable":true,"href":"https:\/\/www.enorsai.com\/noticias\/wp-json\/wp\/v2\/tags?post=7975"}],"curies":[{"name":"wp","href":"https:\/\/api.w.org\/{rel}","templated":true}]}}