{"id":7973,"date":"2025-08-28T07:30:52","date_gmt":"2025-08-28T10:30:52","guid":{"rendered":"https:\/\/www.enorsai.com\/noticias\/?p=7973"},"modified":"2025-08-28T07:34:30","modified_gmt":"2025-08-28T10:34:30","slug":"por-el-piso-se-desploma-la-imagen-de-milei-y-del-gobierno-tras-el-escandalo-spagnuolo","status":"publish","type":"post","link":"https:\/\/www.enorsai.com\/noticias\/politica\/por-el-piso-se-desploma-la-imagen-de-milei-y-del-gobierno-tras-el-escandalo-spagnuolo\/","title":{"rendered":"\u00a1Por el piso! Se desploma la imagen de Milei y del Gobierno tras el esc\u00e1ndalo Spagnuolo"},"content":{"rendered":"\n<p><strong><em>Seg\u00fan un estudio de La Sastrer\u00eda y Trespuntozero, la aprobaci\u00f3n del Gobierno nacional cae por debajo del 40%, mientras que el 62,5% de los encuestados considera los audios de Spagnuolo como evidencia de hechos graves de corrupci\u00f3n. La intenci\u00f3n de voto hacia La Libertad Avanza se ve afectada y la imagen de Javier Milei se hunde.<br><\/em><\/strong><br>El Gobierno de Javier Milei enfrenta una tormenta pol\u00edtica que amenaza con alterar de manera definitiva su popularidad. La difusi\u00f3n de audios que involucran a Diego Spagnuolo, ex titular de la Agencia Nacional de Discapacidad (Andis), revelando presuntos pedidos de coimas a laboratorios, ha generado un cimbronazo en la opini\u00f3n p\u00fablica que todav\u00eda no se detiene. Seg\u00fan la \u00faltima encuesta realizada por La Sastrer\u00eda y Trespuntozero, la evaluaci\u00f3n positiva de la gesti\u00f3n nacional descendi\u00f3 por debajo del umbral hist\u00f3rico del 40%, con un 57% de los encuestados calificando la administraci\u00f3n como \u201cmala\u201d o \u201cmuy mala\u201d. La ca\u00edda es significativa incluso frente a crisis anteriores, como las de septiembre de 2024 y abril de 2025, cuando la percepci\u00f3n negativa toc\u00f3 el 54% y luego logr\u00f3 recuperarse.<br><br>Este derrumbe no es un fen\u00f3meno aislado. La ca\u00edda comenz\u00f3 con el desarme de las Letras Fiscales de Liquidez (LEFI) el pasado 10 de julio, que gener\u00f3 volatilidad financiera, aumento del d\u00f3lar y suba de tasas. A esas complicaciones econ\u00f3micas se sum\u00f3 el esc\u00e1ndalo de Spagnuolo, actuando como catalizador de la erosi\u00f3n de la imagen oficial. Hoy, el 62,5% de los consultados considera que los audios reflejan hechos graves de corrupci\u00f3n, mientras que solo un 32,8% percibe una operaci\u00f3n pol\u00edtica destinada a da\u00f1ar al Gobierno.<br><br>El impacto del caso se refleja tambi\u00e9n en la intenci\u00f3n de voto. Un 15,3% de quienes planeaban sufragar por La Libertad Avanza ahora duda o directamente decide no hacerlo, mientras que un 37,6% mantiene su intenci\u00f3n de apoyar al oficialismo. En t\u00e9rminos de posicionamiento de dirigentes, Javier Milei, que durante toda su gesti\u00f3n encabezaba los rankings de popularidad, cay\u00f3 al tercer lugar detr\u00e1s de Axel Kicillof y Cristina Kirchner. Su imagen negativa asciende al 58,5%, en contraste con un 38,8% de positiva, un deterioro acelerado respecto a junio, cuando todav\u00eda superaba a su evaluaci\u00f3n negativa por seis puntos.<br><br>El esc\u00e1ndalo no solo salpica a Milei. Karina Milei, mencionada en los audios como involucrada en la supuesta trama de sobornos y se\u00f1alada por Spagnuolo de recibir \u201cel 3%\u201d de los retornos de la droguer\u00eda Suizo Argentina, ve su imagen da\u00f1ada con un 61,4% de percepci\u00f3n negativa. La asociaci\u00f3n directa con corrupci\u00f3n y complicidad presidencial afecta no solo la percepci\u00f3n del Gobierno, sino tambi\u00e9n el capital pol\u00edtico familiar que parec\u00eda s\u00f3lido hasta hace semanas.<br><br>El sondeo realizado entre el 22 y el 26 de agosto sobre 1.200 casos en todo el pa\u00eds refleja que la corrupci\u00f3n se ha consolidado como la preocupaci\u00f3n principal del electorado, superando ampliamente a la pobreza (16,1%) y la inseguridad (13,2%). Antes del esc\u00e1ndalo, a principios de agosto, solo un 30% consideraba la corrupci\u00f3n como el principal problema del pa\u00eds. La magnitud del caso Spagnuolo y la amplia cobertura medi\u00e1tica han generado un nivel de conocimiento del 78,8% entre los encuestados, evidenciando que la percepci\u00f3n de corrupci\u00f3n se ha instalado en la agenda p\u00fablica de manera contundente.<br><br>Las respuestas abiertas del sondeo muestran c\u00f3mo cambia el imaginario colectivo. Los simpatizantes de Milei a\u00fan mencionan palabras como \u201cesperanza\u201d, \u201cgenio\u201d y \u201chonestidad\u201d al referirse al presidente, mientras que quienes critican su gesti\u00f3n lo asocian con \u201ccorrupto\u201d y \u201ccruel\u201d. Karina Milei, por su parte, es percibida por sus seguidores como \u201cjefe\u201d, pero por los detractores como \u201ccorrupta\u201d. Este contraste evidencia un efecto polarizador, donde la exposici\u00f3n medi\u00e1tica de los audios refuerza las opiniones negativas y alimenta la narrativa de corrupci\u00f3n que hasta ahora la Casa Rosada intentaba minimizar.<br><br>En este contexto, las elecciones bonaerenses de septiembre representan un desaf\u00edo cr\u00edtico para La Libertad Avanza. La Casa Rosada hab\u00eda mantenido expectativas optimistas, confiando en recuperar terreno hacia octubre. Sin embargo, la r\u00e1pida difusi\u00f3n del esc\u00e1ndalo y la consecuente ca\u00edda en la aprobaci\u00f3n dificultan cualquier pron\u00f3stico favorable. La percepci\u00f3n de fraude por parte del kirchnerismo, mencionada por el propio Milei, ahora parece secundaria frente a la contundencia de los audios que apuntan directamente a su entorno m\u00e1s cercano.<br><br>El impacto pol\u00edtico, social y medi\u00e1tico del caso Spagnuolo marca un antes y un despu\u00e9s en la gesti\u00f3n de Javier Milei. La erosi\u00f3n de la confianza en el oficialismo, la consolidaci\u00f3n de la corrupci\u00f3n como preocupaci\u00f3n central de la ciudadan\u00eda y la afectaci\u00f3n directa de la imagen presidencial y familiar se\u00f1alan un escenario complejo, donde la narrativa del Gobierno se ve obligada a enfrentarse con una percepci\u00f3n p\u00fablica adversa que, hasta ahora, parec\u00eda casi inexpugnable.<br><br>Fuente: https:\/\/www.lanacion.com.ar\/politica\/impacto-del-caso-spagnuolo-cae-fuerte-la-imagen-del-gobierno-y-de-milei-y-un-625-cree-que-hubo-grave-nid27082025\/<br><\/p>\n","protected":false},"excerpt":{"rendered":"<p>La aprobaci\u00f3n del Gobierno de Javier Milei cae por debajo del 40% tras el esc\u00e1ndalo Spagnuolo. La corrupci\u00f3n se instala como principal preocupaci\u00f3n, mientras la imagen de Milei y su hermana se desploma, afectando tambi\u00e9n la intenci\u00f3n de voto de La Libertad Avanza en las pr\u00f3ximas elecciones bonaerenses.<\/p>\n","protected":false},"author":13,"featured_media":7558,"comment_status":"open","ping_status":"open","sticky":false,"template":"","format":"standard","meta":{"_monsterinsights_skip_tracking":false,"_monsterinsights_sitenote_active":false,"_monsterinsights_sitenote_note":"","_monsterinsights_sitenote_category":0,"footnotes":"","jetpack_publicize_message":"","jetpack_publicize_feature_enabled":true,"jetpack_social_post_already_shared":true,"jetpack_social_options":{"image_generator_settings":{"template":"highway","default_image_id":0,"font":"","enabled":false},"version":2}},"categories":[2],"tags":[3248,93,75,190,27,3053,45,72,3213],"class_list":["post-7973","post","type-post","status-publish","format-standard","has-post-thumbnail","hentry","category-politica","tag-andis","tag-argentina","tag-corrupcion","tag-elecciones","tag-gobierno","tag-imagen","tag-milei","tag-politica","tag-spagnuolo"],"jetpack_publicize_connections":[],"_links":{"self":[{"href":"https:\/\/www.enorsai.com\/noticias\/wp-json\/wp\/v2\/posts\/7973","targetHints":{"allow":["GET"]}}],"collection":[{"href":"https:\/\/www.enorsai.com\/noticias\/wp-json\/wp\/v2\/posts"}],"about":[{"href":"https:\/\/www.enorsai.com\/noticias\/wp-json\/wp\/v2\/types\/post"}],"author":[{"embeddable":true,"href":"https:\/\/www.enorsai.com\/noticias\/wp-json\/wp\/v2\/users\/13"}],"replies":[{"embeddable":true,"href":"https:\/\/www.enorsai.com\/noticias\/wp-json\/wp\/v2\/comments?post=7973"}],"version-history":[{"count":1,"href":"https:\/\/www.enorsai.com\/noticias\/wp-json\/wp\/v2\/posts\/7973\/revisions"}],"predecessor-version":[{"id":7974,"href":"https:\/\/www.enorsai.com\/noticias\/wp-json\/wp\/v2\/posts\/7973\/revisions\/7974"}],"wp:featuredmedia":[{"embeddable":true,"href":"https:\/\/www.enorsai.com\/noticias\/wp-json\/wp\/v2\/media\/7558"}],"wp:attachment":[{"href":"https:\/\/www.enorsai.com\/noticias\/wp-json\/wp\/v2\/media?parent=7973"}],"wp:term":[{"taxonomy":"category","embeddable":true,"href":"https:\/\/www.enorsai.com\/noticias\/wp-json\/wp\/v2\/categories?post=7973"},{"taxonomy":"post_tag","embeddable":true,"href":"https:\/\/www.enorsai.com\/noticias\/wp-json\/wp\/v2\/tags?post=7973"}],"curies":[{"name":"wp","href":"https:\/\/api.w.org\/{rel}","templated":true}]}}