{"id":7969,"date":"2025-08-28T06:58:52","date_gmt":"2025-08-28T09:58:52","guid":{"rendered":"https:\/\/www.enorsai.com\/noticias\/?p=7969"},"modified":"2025-08-28T07:20:33","modified_gmt":"2025-08-28T10:20:33","slug":"milei-niega-las-coimas-en-la-andis-pero-los-audios-comprometen-a-su-circulo-mas-intimo","status":"publish","type":"post","link":"https:\/\/www.enorsai.com\/noticias\/politica\/milei-niega-las-coimas-en-la-andis-pero-los-audios-comprometen-a-su-circulo-mas-intimo\/","title":{"rendered":"Milei niega las coimas en la ANDIS pero los audios comprometen a su c\u00edrculo m\u00e1s \u00edntimo"},"content":{"rendered":"\n<p>El Presidente habl\u00f3 por primera vez sobre los audios que revelan un presunto esquema de retornos en la Agencia Nacional de Discapacidad y apunt\u00f3 contra su ex titular, mientras crece la tensi\u00f3n pol\u00edtica y la violencia en la campa\u00f1a.<br><br>En plena caravana electoral en Lomas de Zamora, Javier Milei descalific\u00f3 las denuncias de Diego Spagnuolo, ex titular de la ANDIS, y asegur\u00f3 que lo llevar\u00e1 a la Justicia. El esc\u00e1ndalo, que involucra a la droguer\u00eda Suizo Argentina y a figuras clave del oficialismo como Karina y Lule Menem, amenaza con convertirse en un b\u00fameran pol\u00edtico en el momento m\u00e1s delicado de su gesti\u00f3n.<br><br>La estrategia del silencio lleg\u00f3 a su fin. Javier Milei, arrinconado por la presi\u00f3n medi\u00e1tica y el avance de un esc\u00e1ndalo que no deja de crecer, finalmente se vio obligado a hablar sobre el caso de presuntas coimas en la Agencia Nacional de Discapacidad. Lo hizo durante una caravana en Lomas de Zamora, donde, entre c\u00e1nticos, insultos y piedras que volaban contra la comitiva presidencial, solt\u00f3 una frase que busca instalar como verdad \u00fanica: \u201cTodo lo que dice Spagnuolo es mentira. Lo vamos a llevar a la Justicia y vamos a probar que minti\u00f3\u201d. La declaraci\u00f3n, breve y tajante, marca el inicio de una ofensiva pol\u00edtica con la que el Gobierno pretende apagar un incendio que amenaza con arrasar la escenograf\u00eda de transparencia y pureza moral que Milei intenta sostener ante la opini\u00f3n p\u00fablica.<br><br>El Presidente habl\u00f3 por primera vez del tema luego de que estallaran los audios de Diego Spagnuolo, ex titular de la ANDIS, que describen un esquema de retornos en la compra y venta de medicamentos. En esas grabaciones, difundidas en el programa Data Clave del canal de streaming Carnaval, se escucha al ex funcionario relatar c\u00f3mo operadores de la agencia ped\u00edan dinero a empresas proveedoras para obtener contratos estatales, mencionando de forma directa a la droguer\u00eda Suizo Argentina como la pieza central del mecanismo. Spagnuolo asegura que esta empresa no solo era beneficiada, sino que ten\u00eda el poder de fijar condiciones y precios por encima de los proveedores locales, consolid\u00e1ndose como intermediaria privilegiada en el negocio.<br><br>El esc\u00e1ndalo no es menor. Las denuncias golpean de lleno a la narrativa oficialista de que \u201cla casta\u201d son los otros. Porque los audios no s\u00f3lo hablan de maniobras turbias con medicamentos, sino que adem\u00e1s nombran a actores pol\u00edticos que hoy son columna vertebral del gobierno libertario. Karina Milei, la hermana todopoderosa del Presidente, aparece se\u00f1alada. Tambi\u00e9n Eduardo \u201cLule\u201d Menem, subsecretario de Gesti\u00f3n Institucional en la Secretar\u00eda General de la Presidencia. Y, por arrastre, Mart\u00edn Menem, titular de la C\u00e1mara de Diputados, que sali\u00f3 a defender la versi\u00f3n oficial. El esc\u00e1ndalo salpica justo en la m\u00e9dula del dispositivo de poder libertario.<br><br>Lejos de dar explicaciones profundas, Milei decidi\u00f3 victimizarse y encuadrar todo en una supuesta \u201coperaci\u00f3n del kirchnerismo\u201d. Esa fue la l\u00ednea marcada por Lule Menem en un posteo en redes sociales que el propio Presidente retuite\u00f3. \u201cJam\u00e1s imagin\u00e9 tener que salir a desmentir una burda operaci\u00f3n pol\u00edtica del kirchnerismo, a la que se sumaron algunos medios, dirigentes y periodistas, utiliz\u00e1ndola para intentar manchar la honestidad y la imagen de un gobierno\u201d, escribi\u00f3 el funcionario. Un relato ya repetido hasta el cansancio: cuando la corrupci\u00f3n toca la puerta de la casa libertaria, la culpa es siempre de un enemigo externo, nunca del c\u00edrculo \u00edntimo.<br><br>En ese mismo mensaje, Lule intent\u00f3 despegarse del caso afirmando que nunca tuvo intervenci\u00f3n en las contrataciones del ANDIS, ni formal ni informalmente. Sin embargo, no neg\u00f3 de manera categ\u00f3rica la existencia de los audios ni su contenido, lo que deja un espacio abierto a la duda p\u00fablica. La defensa se limita a negar la autenticidad de las grabaciones y a plantear que todo es una conspiraci\u00f3n orquestada por sectores opositores. Un argumento fr\u00e1gil, que poco aporta frente a la contundencia de las pruebas difundidas.<br><br>La escena de Milei en Lomas de Zamora termin\u00f3 de completar un cuadro pol\u00edtico explosivo. Lo que deb\u00eda ser una demostraci\u00f3n de fuerza en territorio adverso se transform\u00f3 en un caos con insultos, piedrazos y un Presidente evacuado de emergencia. Jos\u00e9 Luis Espert, candidato estrella del oficialismo, debi\u00f3 salir huyendo en moto de un militante para escapar de los disturbios. Manuel Adorni, el vocero, eligi\u00f3 culpar de la violencia al kirchnerismo, describi\u00e9ndolo como un grupo de \u201ccavern\u00edcolas del pasado\u201d que buscan el olvido. Pero el da\u00f1o ya estaba hecho: la caravana termin\u00f3 siendo un bochorno televisado que dej\u00f3 la imagen de un Gobierno vulnerable, a la defensiva, incapaz de controlar ni sus propios actos de campa\u00f1a.<br><br>El trasfondo es evidente. Mientras Milei grita que todo es mentira, el caso de las coimas en la ANDIS sigue creciendo. Cada nuevo audio, cada detalle que se filtra, erosiona la credibilidad de un gobierno que prometi\u00f3 dinamitar la corrupci\u00f3n pero que ahora aparece envuelto en un esquema que no difiere demasiado de lo que antes denunciaba como \u201ccasta parasitaria\u201d. La contradicci\u00f3n es brutal: quienes llegaron con la bandera de la transparencia ahora deben explicar por qu\u00e9 en su administraci\u00f3n se habla de retornos, de intermediarios privilegiados y de negocios sucios con medicamentos destinados a los m\u00e1s vulnerables.<br><br>La gravedad del esc\u00e1ndalo no es un invento de la oposici\u00f3n, sino una percepci\u00f3n extendida en la sociedad. Una encuesta reciente revel\u00f3 que m\u00e1s del 70% de los consultados considera que el caso es \u201cmuy grave\u201d. Esa cifra refleja el impacto profundo que la denuncia tuvo en la opini\u00f3n p\u00fablica y el riesgo pol\u00edtico que implica para Milei, a pocas semanas de las elecciones del 7 de septiembre. Porque aqu\u00ed no se trata solo de una interna o de acusaciones cruzadas, sino de la sospecha de que la misma c\u00fapula del gobierno est\u00e1 involucrada en un entramado de corrupci\u00f3n con medicamentos, un terreno donde la sensibilidad social es m\u00e1xima.<br><br>Milei eligi\u00f3 negar, desafiar y judicializar a Spagnuolo. Pero la estrategia de victimizaci\u00f3n puede ser un arma de doble filo. El Presidente intenta instalar la idea de que todo es una operaci\u00f3n sucia, pero a medida que el esc\u00e1ndalo crece, ese discurso se desgasta y empieza a sonar como lo que es: una excusa desesperada. Mientras tanto, el pa\u00eds observa c\u00f3mo un gobierno que prometi\u00f3 honestidad y cambio parece repetir las viejas pr\u00e1cticas que tanto critic\u00f3. La pregunta es si la Justicia avanzar\u00e1 o si todo quedar\u00e1 tapado por la pirotecnia discursiva. Lo cierto es que el caso ya perfor\u00f3 la campa\u00f1a oficialista y amenaza con convertirse en la grieta interna m\u00e1s profunda del libertarismo en el poder.<br><br>Fuente: <\/p>\n\n\n\n<ul class=\"wp-block-list\">\n<li>https:\/\/www.infobae.com\/politica\/2025\/08\/27\/javier-milei-hablo-por-primera-vez-de-las-presuntas-coimas-en-la-andis-todo-lo-que-dice-spagnuolo-es-mentira\/<\/li>\n<\/ul>\n","protected":false},"excerpt":{"rendered":"<p>El Presidente habl\u00f3 por primera vez sobre los audios que revelan un presunto esquema de retornos en la Agencia Nacional de Discapacidad y apunt\u00f3 contra su ex titular, mientras crece la tensi\u00f3n pol\u00edtica y la violencia en la campa\u00f1a. En plena caravana electoral en Lomas de Zamora, Javier Milei descalific\u00f3 las denuncias de Diego Spagnuolo,&#8230;<\/p>\n","protected":false},"author":1,"featured_media":6888,"comment_status":"open","ping_status":"open","sticky":false,"template":"","format":"standard","meta":{"_monsterinsights_skip_tracking":false,"_monsterinsights_sitenote_active":false,"_monsterinsights_sitenote_note":"","_monsterinsights_sitenote_category":0,"footnotes":"","jetpack_publicize_message":"","jetpack_publicize_feature_enabled":true,"jetpack_social_post_already_shared":true,"jetpack_social_options":{"image_generator_settings":{"template":"highway","default_image_id":0,"font":"","enabled":false},"version":2}},"categories":[2],"tags":[3248,1438,625,75,923,635,1272,903,45,3213],"class_list":["post-7969","post","type-post","status-publish","format-standard","has-post-thumbnail","hentry","category-politica","tag-andis","tag-campana","tag-coimas","tag-corrupcion","tag-espert","tag-karina","tag-medicamentos","tag-menem","tag-milei","tag-spagnuolo"],"jetpack_publicize_connections":[],"_links":{"self":[{"href":"https:\/\/www.enorsai.com\/noticias\/wp-json\/wp\/v2\/posts\/7969","targetHints":{"allow":["GET"]}}],"collection":[{"href":"https:\/\/www.enorsai.com\/noticias\/wp-json\/wp\/v2\/posts"}],"about":[{"href":"https:\/\/www.enorsai.com\/noticias\/wp-json\/wp\/v2\/types\/post"}],"author":[{"embeddable":true,"href":"https:\/\/www.enorsai.com\/noticias\/wp-json\/wp\/v2\/users\/1"}],"replies":[{"embeddable":true,"href":"https:\/\/www.enorsai.com\/noticias\/wp-json\/wp\/v2\/comments?post=7969"}],"version-history":[{"count":1,"href":"https:\/\/www.enorsai.com\/noticias\/wp-json\/wp\/v2\/posts\/7969\/revisions"}],"predecessor-version":[{"id":7972,"href":"https:\/\/www.enorsai.com\/noticias\/wp-json\/wp\/v2\/posts\/7969\/revisions\/7972"}],"wp:featuredmedia":[{"embeddable":true,"href":"https:\/\/www.enorsai.com\/noticias\/wp-json\/wp\/v2\/media\/6888"}],"wp:attachment":[{"href":"https:\/\/www.enorsai.com\/noticias\/wp-json\/wp\/v2\/media?parent=7969"}],"wp:term":[{"taxonomy":"category","embeddable":true,"href":"https:\/\/www.enorsai.com\/noticias\/wp-json\/wp\/v2\/categories?post=7969"},{"taxonomy":"post_tag","embeddable":true,"href":"https:\/\/www.enorsai.com\/noticias\/wp-json\/wp\/v2\/tags?post=7969"}],"curies":[{"name":"wp","href":"https:\/\/api.w.org\/{rel}","templated":true}]}}