{"id":7954,"date":"2025-08-27T22:54:15","date_gmt":"2025-08-28T01:54:15","guid":{"rendered":"https:\/\/www.enorsai.com\/noticias\/?p=7954"},"modified":"2025-08-27T23:06:03","modified_gmt":"2025-08-28T02:06:03","slug":"pagano-denuncia-corrupcion-en-la-camara-de-diputados-el-problema-es-que-la-corrupcion-ya-tiene-nombre-y-apellido","status":"publish","type":"post","link":"https:\/\/www.enorsai.com\/noticias\/politica\/pagano-denuncia-corrupcion-en-la-camara-de-diputados-el-problema-es-que-la-corrupcion-ya-tiene-nombre-y-apellido\/","title":{"rendered":"Pagano denuncia corrupci\u00f3n en la C\u00e1mara de Diputados: \u201cEl problema es que la corrupci\u00f3n ya tiene nombre y apellido\u201d"},"content":{"rendered":"\n<p><strong>La diputada Marcela Pagano enfrent\u00f3 esta semana a Mart\u00edn Menem y Lule Menem, denunciando hostilidad y la expansi\u00f3n de la corrupci\u00f3n en el entorno presidencial. Advirti\u00f3 sobre un cerco de silencio institucional y desafi\u00f3 a todos los dirigentes a someter sus celulares a la Justicia.<\/strong><\/p>\n\n\n\n<h2 class=\"wp-block-heading\">Un esc\u00e1ndalo con nombres y apellidos: la denuncia de Pagano<\/h2>\n\n\n\n<p>Durante una tensa sesi\u00f3n en Diputados, Pagano acus\u00f3 a Mart\u00edn Menem de intentar silenciarla y de hostigamiento sistem\u00e1tico. \u201cEl problema es que la corrupci\u00f3n ya tiene nombre y apellido\u201d, afirm\u00f3, se\u00f1alando al propio presidente de la C\u00e1mara y al c\u00edrculo \u00edntimo de Javier Milei. La diputada, que abandon\u00f3 La Libertad Avanza para formar el bloque Coherencia, exigi\u00f3 transparencia y pidi\u00f3 que el presidente \u201cse saque de encima a la lacra\u201d que rodea la Casa Rosada.<br><a href=\"https:\/\/www.eldia.com\/nota\/2025-8-27-15-50-0-bochorno-en-diputados-otro-escandalo-entre-lilia-lemoine-y-marcela-pagano-y-van--politica-y-economia\">Ver m\u00e1s en El D\u00eda<\/a> <\/p>\n\n\n\n<figure class=\"wp-block-embed is-type-wp-embed is-provider-incrustado wp-block-embed-incrustado\"><div class=\"wp-block-embed__wrapper\">\n<blockquote class=\"wp-embedded-content\" data-secret=\"ttbhk07mAW\"><a href=\"https:\/\/www.enorsai.com\/noticias\/politica\/nuevo-caso-de-corrupcion-libertaria-en-pami-le-exigieron-el-25-del-sueldo-a-la-exdirectora\/\">Nuevo caso de Corrupci\u00f3n Libertaria en PAMI: le exigieron el 25% del sueldo a la exdirectora<\/a><\/blockquote><iframe loading=\"lazy\" class=\"wp-embedded-content\" sandbox=\"allow-scripts\" security=\"restricted\" style=\"position: absolute; visibility: hidden;\" title=\"\u00abNuevo caso de Corrupci\u00f3n Libertaria en PAMI: le exigieron el 25% del sueldo a la exdirectora\u00bb \u2014 \" src=\"https:\/\/www.enorsai.com\/noticias\/politica\/nuevo-caso-de-corrupcion-libertaria-en-pami-le-exigieron-el-25-del-sueldo-a-la-exdirectora\/embed\/#?secret=7RabQLhHhZ#?secret=ttbhk07mAW\" data-secret=\"ttbhk07mAW\" width=\"600\" height=\"338\" frameborder=\"0\" marginwidth=\"0\" marginheight=\"0\" scrolling=\"no\"><\/iframe>\n<\/div><\/figure>\n\n\n\n<h3 class=\"wp-block-heading\">\u00bfQu\u00e9 expuso Pagano?<\/h3>\n\n\n\n<ul class=\"wp-block-list\">\n<li>Hostilidad y maniobras para callar sus intervenciones por parte de Mart\u00edn Menem y parte del oficialismo.<\/li>\n\n\n\n<li>Exigi\u00f3 que Milei se aleje de funcionarios que \u201cno lograron nada en la actividad privada\u201d y solo \u201cviven del Estado\u201d.<\/li>\n\n\n\n<li>Pidi\u00f3 que se revise el entorno presidencial para \u201cevitar repetir \u00e9pocas oscuras\u201d.<\/li>\n\n\n\n<li>Reclam\u00f3 respuestas por la falta de medidas para los m\u00e1s vulnerables, citando casos de jubilados y pymes perjudicadas.<\/li>\n\n\n\n<li>Puso su celular entero a disposici\u00f3n de la Justicia y desafi\u00f3 a todos los funcionarios a hacer lo mismo.<\/li>\n<\/ul>\n\n\n\n<p>Durante la sesi\u00f3n, fue interrumpida por Lilia Lemoine y otras diputadas oficialistas, que buscaron intimidarla y tapar su exposici\u00f3n p\u00fablica[web:144][web:147].<\/p>\n\n\n\n<h2 class=\"wp-block-heading\">Entorno, espionaje y esc\u00e1ndalo: agentes, audios y filtraciones<\/h2>\n\n\n\n<p>Pagano pregunt\u00f3 directamente al jefe de Gabinete, Guillermo Francos, si agentes de la exSIDE Juan Jos\u00e9 Vila y V\u00edctor Hugo Armelino tuvieron alguna participaci\u00f3n en la filtraci\u00f3n de los audios que destaparon el esc\u00e1ndalo de coimas, se\u00f1alando la \u201cexistencia de un entramado de inteligencia\u201d que agita el Congreso. Desde la Casa Rosada, la \u00fanica defensa p\u00fablica lleg\u00f3 de Diego Santilli y Cristian Ritondo hacia los Menem, mientras el propio oficialismo lanz\u00f3 sospechas sobre la propia Pagano. <a href=\"https:\/\/www.iprofesional.com\/politica\/436105-coletazos-escandalo-audios-nueva-sospecha-y-pelea-a-gritos-diputados\">Nota en iProfesional<\/a>.<\/p>\n\n\n\n<h3 class=\"wp-block-heading\">Contexto y nombres: la casta, la denuncia y la ceguera oficial<\/h3>\n\n\n\n<ul class=\"wp-block-list\">\n<li>Pagano sostiene que \u201cla casta\u201d ahora est\u00e1 dentro del gobierno.<\/li>\n\n\n\n<li>Relat\u00f3 presiones internas, expulsi\u00f3n de militantes y falta de protecci\u00f3n ante denuncias de corrupci\u00f3n y coimas en PAMI, ANSES y organismos federales.<\/li>\n\n\n\n<li>La Justicia investiga pedidos de retornos de entre 5% y 25% del sueldo en varias provincias, transferidos a cuentas personales de referentes oficiales y pruebas de pagos en efectivo.<\/li>\n<\/ul>\n\n\n\n<p>En bloque, la diputada pidi\u00f3 \u201ccuidar la gobernabilidad y evitar el Titanic frente al iceberg\u201d, aludiendo al peligro de una crisis institucional severa si el presidente Milei no toma decisiones ejemplares.<br><a href=\"https:\/\/www.pagina12.com.ar\/851977-investigan-coimas-en-pami-y-anses-de-chaco\">Investigaciones en P\u00e1gina 12<\/a><\/p>\n\n\n\n<h2 class=\"wp-block-heading\">Pruebas, transparencia y desaf\u00edos para el gobierno<\/h2>\n\n\n\n<figure class=\"wp-block-table\"><table class=\"has-fixed-layout\"><tbody><tr><th>Prueba ofrecida<\/th><th>Detalle<\/th><\/tr><tr><td>Celular completo<\/td><td>Pagano lo ofrece como prueba ante la Justicia, \u201csin nada borrado\u201d.<\/td><\/tr><tr><td>Capturas de chats y registros<\/td><td>Mensajes con intentos de presi\u00f3n de miembros del oficialismo.<\/td><\/tr><tr><td>Documentaci\u00f3n de coimas y retornos<\/td><td>Testimonios, comprobantes y denuncias de corrupci\u00f3n en PAMI y ANSES.<\/td><\/tr><\/tbody><\/table><\/figure>\n\n\n\n<h2 class=\"wp-block-heading\">Reflexi\u00f3n final<\/h2>\n\n\n\n<p>La denuncia de Pagano expone la creciente tensi\u00f3n institucional y reclama una respuesta firme ante el avance de la corrupci\u00f3n y la falta de medidas sociales. El pedido de transparencia y de \u201cabrir los celulares de todos\u201d lanza el desaf\u00edo clave: limpiar la pol\u00edtica argentina con hechos y no solo discursos.<br><strong>Dejanos tu comentario debajo o escribinos a <a href=\"mailto:enorsaionline@gmail.com\">enorsaionline@gmail.com<\/a><\/strong><\/p>\n\n\n\n<h2 class=\"wp-block-heading\">Preguntas Frecuentes<\/h2>\n\n\n\n<h3 class=\"wp-block-heading\">\u00bfQu\u00e9 denunci\u00f3 Marcela Pagano en Diputados?<\/h3>\n\n\n\n<p>Denunci\u00f3 hostilidad, intento de censura y corrupci\u00f3n en el entorno de Mart\u00edn Menem y Lule Menem. <a href=\"https:\/\/www.pagina12.com.ar\/851977-investigan-coimas-en-pami-y-anses-de-chaco\">Ver nota en P\u00e1gina 12<\/a><\/p>\n\n\n\n<h3 class=\"wp-block-heading\">\u00bfQu\u00e9 pruebas ofrece Pagano sobre la corrupci\u00f3n?<\/h3>\n\n\n\n<p>Puso su celular completo y registros de chats a disposici\u00f3n de la Justicia. Desaf\u00eda a otros dirigentes a hacer lo mismo.<\/p>\n\n\n\n<h3 class=\"wp-block-heading\">\u00bfQu\u00e9 otros casos de corrupci\u00f3n fueron se\u00f1alados?<\/h3>\n\n\n\n<p>Pagano se refiri\u00f3 a denuncias de coimas y retornos en PAMI, ANSES y licitaciones irregulares en varias provincias.<\/p>\n\n\n\n<h3 class=\"wp-block-heading\">\u00bfQu\u00e9 respuesta dio el oficialismo a las denuncias?<\/h3>\n\n\n\n<p>Hasta ahora, solo Diego Santilli y Cristian Ritondo defendieron p\u00fablicamente a los Menem; no hubo aclaraciones contundentes.<\/p>\n\n\n\n<h3 class=\"wp-block-heading\">\u00bfD\u00f3nde seguir las novedades del caso?<\/h3>\n\n\n\n<p>Pod\u00e9s encontrar coberturas amplias en <a href=\"https:\/\/enorsai.com\/actualidad\">Enorsai<\/a>, <a href=\"https:\/\/www.eldia.com\/nota\/2025-8-27-15-50-0-bochorno-en-diputados-otro-escandalo-entre-lilia-lemoine-y-marcela-pagano-y-van--politica-y-economia\">El D\u00eda<\/a> y &lt;a href=\u00bbhttps<\/p>\n","protected":false},"excerpt":{"rendered":"<p>La diputada se enfrent\u00f3 a Menem y el entorno Milei, denunci\u00f3 corrupci\u00f3n y expuso sus pruebas. Opin\u00e1 y compart\u00ed.<\/p>\n","protected":false},"author":4,"featured_media":7955,"comment_status":"open","ping_status":"open","sticky":false,"template":"","format":"standard","meta":{"_monsterinsights_skip_tracking":false,"_monsterinsights_sitenote_active":false,"_monsterinsights_sitenote_note":"","_monsterinsights_sitenote_category":0,"footnotes":"","jetpack_publicize_message":"Pagano desaf\u00eda a los Menem: \u201cCorrupci\u00f3n ya tiene nombre y apellido\u201d","jetpack_publicize_feature_enabled":true,"jetpack_social_post_already_shared":false,"jetpack_social_options":{"image_generator_settings":{"template":"highway","default_image_id":0,"font":"","enabled":false},"version":2}},"categories":[2],"tags":[398,3225,2173,75,260,70,3177,3258,3199,1051],"class_list":["post-7954","post","type-post","status-publish","format-standard","has-post-thumbnail","hentry","category-politica","tag-anses","tag-audios","tag-celular","tag-corrupcion","tag-diputados","tag-justicia","tag-lule-menem","tag-marcela-pagano","tag-martin-menem","tag-pami"],"jetpack_publicize_connections":[],"_links":{"self":[{"href":"https:\/\/www.enorsai.com\/noticias\/wp-json\/wp\/v2\/posts\/7954","targetHints":{"allow":["GET"]}}],"collection":[{"href":"https:\/\/www.enorsai.com\/noticias\/wp-json\/wp\/v2\/posts"}],"about":[{"href":"https:\/\/www.enorsai.com\/noticias\/wp-json\/wp\/v2\/types\/post"}],"author":[{"embeddable":true,"href":"https:\/\/www.enorsai.com\/noticias\/wp-json\/wp\/v2\/users\/4"}],"replies":[{"embeddable":true,"href":"https:\/\/www.enorsai.com\/noticias\/wp-json\/wp\/v2\/comments?post=7954"}],"version-history":[{"count":2,"href":"https:\/\/www.enorsai.com\/noticias\/wp-json\/wp\/v2\/posts\/7954\/revisions"}],"predecessor-version":[{"id":7959,"href":"https:\/\/www.enorsai.com\/noticias\/wp-json\/wp\/v2\/posts\/7954\/revisions\/7959"}],"wp:featuredmedia":[{"embeddable":true,"href":"https:\/\/www.enorsai.com\/noticias\/wp-json\/wp\/v2\/media\/7955"}],"wp:attachment":[{"href":"https:\/\/www.enorsai.com\/noticias\/wp-json\/wp\/v2\/media?parent=7954"}],"wp:term":[{"taxonomy":"category","embeddable":true,"href":"https:\/\/www.enorsai.com\/noticias\/wp-json\/wp\/v2\/categories?post=7954"},{"taxonomy":"post_tag","embeddable":true,"href":"https:\/\/www.enorsai.com\/noticias\/wp-json\/wp\/v2\/tags?post=7954"}],"curies":[{"name":"wp","href":"https:\/\/api.w.org\/{rel}","templated":true}]}}