{"id":7947,"date":"2025-08-27T14:12:17","date_gmt":"2025-08-27T17:12:17","guid":{"rendered":"https:\/\/www.enorsai.com\/noticias\/sociedad\/por-que-sos-casta-la-tv-publica-no-transmitira-el-mundial-por-primera-vez-en-52-anos\/"},"modified":"2025-08-27T14:12:17","modified_gmt":"2025-08-27T17:12:17","slug":"por-que-sos-casta-la-tv-publica-no-transmitira-el-mundial-por-primera-vez-en-52-anos","status":"publish","type":"post","link":"https:\/\/www.enorsai.com\/noticias\/sociedad\/por-que-sos-casta-la-tv-publica-no-transmitira-el-mundial-por-primera-vez-en-52-anos\/","title":{"rendered":"Por que sos \u00abcasta\u00bb la TV P\u00fablica no transmitir\u00e1 el Mundial por primera vez en 52 a\u00f1os"},"content":{"rendered":"\n<h2 class=\"wp-block-heading\"><\/h2>\n\n\n\n<p>El Gobierno confirm\u00f3 que la Televisi\u00f3n P\u00fablica no comprar\u00e1 los derechos de transmisi\u00f3n del Mundial 2026, que se disputar\u00e1 en Estados Unidos, M\u00e9xico y Canad\u00e1. La decisi\u00f3n, in\u00e9dita en m\u00e1s de medio siglo, deja a los argentinos sin acceso gratuito al evento deportivo m\u00e1s importante del planeta.<\/p>\n\n\n\n<p>Desde la Casa Rosada justificaron la medida con un argumento estrictamente econ\u00f3mico: <strong>\u201cNo vamos a gastar siete millones de d\u00f3lares en f\u00fatbol\u201d<\/strong>, se\u00f1alaron fuentes oficiales. Aunque a\u00fan existe plazo hasta diciembre para revertir la decisi\u00f3n, todo indica que la determinaci\u00f3n est\u00e1 tomada.<\/p>\n\n\n\n<p>La medida se inscribe en la pol\u00edtica de ajuste sobre los medios estatales, que en los \u00faltimos meses ya atravesaron retiros voluntarios, despidos y el vaciamiento de se\u00f1ales culturales y educativas como <strong>Encuentro, Pakapaka y Deportv<\/strong>, incluso con versiones de posibles cierres.<\/p>\n\n\n\n<p>El contraste con el pasado es evidente. En <strong>Qatar 2022<\/strong>, la inversi\u00f3n del canal estatal rond\u00f3 los <strong>u$s10 millones<\/strong>, pero logr\u00f3 recuperarlos con ingresos publicitarios cercanos a los <strong>u$s12 millones<\/strong>, demostrando que no se trataba solo de un \u201cgasto\u201d sino tambi\u00e9n de una inversi\u00f3n rentable y de fuerte impacto social.<\/p>\n\n\n\n<p>La decisi\u00f3n actual rompe una tradici\u00f3n iniciada en <strong>Alemania 1974<\/strong>, cuando la TV P\u00fablica transmiti\u00f3 por primera vez la Copa del Mundo. Desde entonces, cada edici\u00f3n cont\u00f3 con cobertura estatal, total o parcial, que garantiz\u00f3 el acceso universal y gratuito a millones de espectadores, sin importar su poder adquisitivo.<\/p>\n\n\n\n<p>El ajuste econ\u00f3mico del gobierno de Milei se mete as\u00ed en la cancha del f\u00fatbol, quitando a la sociedad un derecho cultural que se hab\u00eda transformado en patrimonio colectivo: <strong>ver a la Selecci\u00f3n en un Mundial por la pantalla de todos<\/strong>.<\/p>\n\n\n\n<p>Mientras la Argentina sue\u00f1a con ser sede parcial en 2030, en 2026 los argentinos deber\u00e1n recurrir a la TV privada para seguir a Messi, Di Mar\u00eda o los nuevos talentos que defiendan la camiseta celeste y blanca. Por primera vez en 52 a\u00f1os, el Estado se baja del mayor espect\u00e1culo deportivo del mundo.<\/p>\n\n\n\n<p>\u00bfQuer\u00e9s que te prepare tambi\u00e9n t\u00edtulos concretos y cr\u00edticos para esta nota?<\/p>\n","protected":false},"excerpt":{"rendered":"<p>El Gobierno confirm\u00f3 que la Televisi\u00f3n P\u00fablica no comprar\u00e1 los derechos de transmisi\u00f3n del Mundial 2026, que se disputar\u00e1 en Estados Unidos, M\u00e9xico y Canad\u00e1. La decisi\u00f3n, in\u00e9dita en m\u00e1s de medio siglo, deja a los argentinos sin acceso gratuito al evento deportivo m\u00e1s importante del planeta. Desde la Casa Rosada justificaron la medida con&#8230;<\/p>\n","protected":false},"author":9,"featured_media":7946,"comment_status":"open","ping_status":"open","sticky":false,"template":"","format":"standard","meta":{"_monsterinsights_skip_tracking":false,"_monsterinsights_sitenote_active":false,"_monsterinsights_sitenote_note":"","_monsterinsights_sitenote_category":0,"footnotes":"","jetpack_publicize_message":"","jetpack_publicize_feature_enabled":true,"jetpack_social_post_already_shared":true,"jetpack_social_options":{"image_generator_settings":{"template":"highway","default_image_id":0,"font":"","enabled":false},"version":2}},"categories":[4],"tags":[],"class_list":["post-7947","post","type-post","status-publish","format-standard","has-post-thumbnail","hentry","category-sociedad"],"jetpack_publicize_connections":[],"_links":{"self":[{"href":"https:\/\/www.enorsai.com\/noticias\/wp-json\/wp\/v2\/posts\/7947","targetHints":{"allow":["GET"]}}],"collection":[{"href":"https:\/\/www.enorsai.com\/noticias\/wp-json\/wp\/v2\/posts"}],"about":[{"href":"https:\/\/www.enorsai.com\/noticias\/wp-json\/wp\/v2\/types\/post"}],"author":[{"embeddable":true,"href":"https:\/\/www.enorsai.com\/noticias\/wp-json\/wp\/v2\/users\/9"}],"replies":[{"embeddable":true,"href":"https:\/\/www.enorsai.com\/noticias\/wp-json\/wp\/v2\/comments?post=7947"}],"version-history":[{"count":0,"href":"https:\/\/www.enorsai.com\/noticias\/wp-json\/wp\/v2\/posts\/7947\/revisions"}],"wp:featuredmedia":[{"embeddable":true,"href":"https:\/\/www.enorsai.com\/noticias\/wp-json\/wp\/v2\/media\/7946"}],"wp:attachment":[{"href":"https:\/\/www.enorsai.com\/noticias\/wp-json\/wp\/v2\/media?parent=7947"}],"wp:term":[{"taxonomy":"category","embeddable":true,"href":"https:\/\/www.enorsai.com\/noticias\/wp-json\/wp\/v2\/categories?post=7947"},{"taxonomy":"post_tag","embeddable":true,"href":"https:\/\/www.enorsai.com\/noticias\/wp-json\/wp\/v2\/tags?post=7947"}],"curies":[{"name":"wp","href":"https:\/\/api.w.org\/{rel}","templated":true}]}}