{"id":7941,"date":"2025-08-27T11:33:47","date_gmt":"2025-08-27T14:33:47","guid":{"rendered":"https:\/\/www.enorsai.com\/noticias\/politica\/escandalo-en-salud-lugones-y-vilches-se-esconden-del-congreso-mientras-crece-la-trama-de-coimas-en-medicamentos\/"},"modified":"2025-08-27T11:33:47","modified_gmt":"2025-08-27T14:33:47","slug":"escandalo-en-salud-lugones-y-vilches-se-esconden-del-congreso-mientras-crece-la-trama-de-coimas-en-medicamentos","status":"publish","type":"post","link":"https:\/\/www.enorsai.com\/noticias\/politica\/escandalo-en-salud-lugones-y-vilches-se-esconden-del-congreso-mientras-crece-la-trama-de-coimas-en-medicamentos\/","title":{"rendered":"Esc\u00e1ndalo en Salud: Lugones y Vilches se esconden del Congreso mientras crece la trama de coimas en medicamentos"},"content":{"rendered":"\n<p>Las sillas vac\u00edas hablaron m\u00e1s fuerte que cualquier discurso. El ministro de Salud, Mario Lugones, y el interventor de la Agencia Nacional de Discapacidad (ANDIS), Alejandro Vilches, decidieron no presentarse en el plenario de comisiones de Salud y Discapacidad de la C\u00e1mara de Diputados. Hab\u00edan sido citados para dar explicaciones por el esc\u00e1ndalo de los audios que revelan coimas en la compra de medicamentos, pero prefirieron el silencio. Un silencio c\u00f3mplice que se convierte en grito de impunidad.<br><br>Mientras el gobierno de Javier Milei promete auditor\u00edas y ajuste para \u201cterminar con los curros\u201d, el caso ANDIS expone la obscenidad del doble discurso: miles de personas con discapacidad fueron privadas de pensiones y prestaciones b\u00e1sicas, al mismo tiempo que empresas amigas multiplicaban contratos millonarios con el Estado.<br><br>La ausencia de Lugones y Vilches no fue una casualidad. Fue una estrategia para ganar tiempo y evitar responder a preguntas inc\u00f3modas: \u00bfqui\u00e9n autoriz\u00f3 los pagos sospechosos?, \u00bfqu\u00e9 funcionarios estaban detr\u00e1s del sistema de retornos?, \u00bfpor qu\u00e9 se castiga a los m\u00e1s vulnerables mientras se habilitan negocios escandalosos en la compra directa de medicamentos?<br><br>El presidente de la Comisi\u00f3n de Discapacidad, Daniel Arroyo, lo dijo con crudeza: \u201cEl sistema de prestaciones est\u00e1 detonado. La gente viaja cientos de kil\u00f3metros, hace colas interminables y se enfrenta a un Estado que les da la espalda, mientras circulan audios donde se hablan de coimas de medio mill\u00f3n de pesos\u201d. La obscenidad del contraste es brutal: de un lado, personas con ceguera o enfermedades cr\u00f3nicas obligadas a revalidar papeles absurdos; del otro, funcionarios y empresarios repartiendo retornos.<br><br>El discurso oficial se derrumba con cada revelaci\u00f3n. El diputado Eduardo Vald\u00e9s (UxP) fue directo: \u201cHay 110 mil pensiones dadas de baja con un m\u00e9todo arbitrario. \u00bfQui\u00e9n dio la orden de barrer a los m\u00e1s necesitados mientras multiplicaban contratos a empresas proveedoras?\u201d. No se trata de errores administrativos. Se trata de un plan deliberado: ajustar brutalmente a quienes menos tienen y, al mismo tiempo, abrir la caja de la corrupci\u00f3n para alimentar a la nueva casta gobernante.<br><br>La diputada del Frente de Izquierda, Mercedes de Mendieta, fue a\u00fan m\u00e1s tajante: \u201cLo que avanza con Milei no es la libertad, es la corrupci\u00f3n. Vinieron a terminar con los curros y se hicieron del Estado para hacer curros. Est\u00e1 claro que son recontra casta\u201d.<br><br>El socialista Esteban Paul\u00f3n record\u00f3 un dato que desnuda la magnitud del negociado: la empresa Suizo Argentina multiplic\u00f3 por m\u00e1s del 2.600 % sus contratos con el Estado. Mientras tanto, miles de personas quedaron sin medicamentos ni atenci\u00f3n. La diputada M\u00f3nica Fein lo resumi\u00f3 con precisi\u00f3n: \u201cAc\u00e1 hay gente que muere por falta de prestaciones, mientras millones de pesos desaparecen en un sistema de corrupci\u00f3n que rompe cualquier equilibrio fiscal\u201d.<br><br>El diputado Leandro Santoro puso nombres y apellidos al esc\u00e1ndalo: \u201cEs imprescindible que den la cara Lule Menem y Karina Milei. No puede ser que siempre se sacrifique a un fusible menor mientras se protege a los verdaderos responsables\u201d.<br><br>El caso ANDIS ya motiv\u00f3 siete proyectos en el Congreso para interpelar funcionarios, pedir informes y hasta crear una comisi\u00f3n investigadora. La lista de legisladores que exigen explicaciones incluye a Sergio Casas, Esteban Paul\u00f3n, Andrea Freites, Sabrina Selva, Oscar Agost Carre\u00f1o, Ricardo L\u00f3pez Murphy y Christian Castillo. El reclamo es transversal: quieren saber qui\u00e9n se benefici\u00f3 de las coimas y por qu\u00e9 se us\u00f3 la auditor\u00eda como pantalla para el saqueo.<br><br>El Gobierno que se autopercibe adalid de la transparencia queda, una vez m\u00e1s, en evidencia. Prometieron un Estado austero y terminaron con un Estado corrupto, que ajusta a los d\u00e9biles y engorda a los amigos del poder. La ausencia de Lugones y Vilches no los libra de responsabilidad. Por el contrario, confirma lo que todos sospechan: el caso ANDIS es apenas la punta de un iceberg que puede hundir al oficialismo en su propia contradicci\u00f3n.<br><br>Mientras tanto, las personas con discapacidad, las mismas que Milei utiliz\u00f3 como excusa para \u201crecortar curros\u201d, siguen pagando con su vida y su dignidad la fiesta de la corrupci\u00f3n libertaria.<br><br>Fuente:<\/p>\n\n\n\n<p><\/p>\n","protected":false},"excerpt":{"rendered":"<p>Las sillas vac\u00edas hablaron m\u00e1s fuerte que cualquier discurso. El ministro de Salud, Mario Lugones, y el interventor de la Agencia Nacional de Discapacidad (ANDIS), Alejandro Vilches, decidieron no presentarse en el plenario de comisiones de Salud y Discapacidad de la C\u00e1mara de Diputados. Hab\u00edan sido citados para dar explicaciones por el esc\u00e1ndalo de los&#8230;<\/p>\n","protected":false},"author":13,"featured_media":7940,"comment_status":"open","ping_status":"open","sticky":false,"template":"","format":"standard","meta":{"_monsterinsights_skip_tracking":false,"_monsterinsights_sitenote_active":false,"_monsterinsights_sitenote_note":"","_monsterinsights_sitenote_category":0,"footnotes":"","jetpack_publicize_message":"","jetpack_publicize_feature_enabled":true,"jetpack_social_post_already_shared":true,"jetpack_social_options":{"image_generator_settings":{"template":"highway","default_image_id":0,"font":"","enabled":false},"version":2}},"categories":[2],"tags":[3257,2170],"class_list":["post-7941","post","type-post","status-publish","format-standard","has-post-thumbnail","hentry","category-politica","tag-garraham","tag-lugones"],"jetpack_publicize_connections":[],"_links":{"self":[{"href":"https:\/\/www.enorsai.com\/noticias\/wp-json\/wp\/v2\/posts\/7941","targetHints":{"allow":["GET"]}}],"collection":[{"href":"https:\/\/www.enorsai.com\/noticias\/wp-json\/wp\/v2\/posts"}],"about":[{"href":"https:\/\/www.enorsai.com\/noticias\/wp-json\/wp\/v2\/types\/post"}],"author":[{"embeddable":true,"href":"https:\/\/www.enorsai.com\/noticias\/wp-json\/wp\/v2\/users\/13"}],"replies":[{"embeddable":true,"href":"https:\/\/www.enorsai.com\/noticias\/wp-json\/wp\/v2\/comments?post=7941"}],"version-history":[{"count":0,"href":"https:\/\/www.enorsai.com\/noticias\/wp-json\/wp\/v2\/posts\/7941\/revisions"}],"wp:featuredmedia":[{"embeddable":true,"href":"https:\/\/www.enorsai.com\/noticias\/wp-json\/wp\/v2\/media\/7940"}],"wp:attachment":[{"href":"https:\/\/www.enorsai.com\/noticias\/wp-json\/wp\/v2\/media?parent=7941"}],"wp:term":[{"taxonomy":"category","embeddable":true,"href":"https:\/\/www.enorsai.com\/noticias\/wp-json\/wp\/v2\/categories?post=7941"},{"taxonomy":"post_tag","embeddable":true,"href":"https:\/\/www.enorsai.com\/noticias\/wp-json\/wp\/v2\/tags?post=7941"}],"curies":[{"name":"wp","href":"https:\/\/api.w.org\/{rel}","templated":true}]}}