{"id":7925,"date":"2025-08-27T07:52:13","date_gmt":"2025-08-27T10:52:13","guid":{"rendered":"https:\/\/www.enorsai.com\/noticias\/?p=7925"},"modified":"2025-08-27T07:52:13","modified_gmt":"2025-08-27T10:52:13","slug":"debacle-total-la-encuesta-sobre-las-coimas-que-incendio-a-los-milei-y-los-menem","status":"publish","type":"post","link":"https:\/\/www.enorsai.com\/noticias\/politica\/debacle-total-la-encuesta-sobre-las-coimas-que-incendio-a-los-milei-y-los-menem\/","title":{"rendered":"Debacle total: la encuesta sobre las coimas que incendi\u00f3 a los Milei y los Menem"},"content":{"rendered":"\n<p><strong><em>Un estudio de Management &amp; Fit expone el impacto del esc\u00e1ndalo en la opini\u00f3n p\u00fablica: el 94,5% dice estar al tanto del caso y el 60% considera culpables a Karina Milei y a los Menem. Para tres de cada cuatro, se trata de un hecho grave y la mayor\u00eda reclama explicaciones del Presidente.<\/em><\/strong><\/p>\n\n\n\n<p>Seg\u00fan detall\u00f3 La Pol\u00edtica Online, la medici\u00f3n, realizada entre el 25 y el 26 de agosto, revela que el 73,2% eval\u00faa el episodio como \u201cmuy\u201d o \u201calgo\u201d grave. En cuanto a la veracidad, el 59,2% cree que las denuncias son ciertas y describen un entramado de corrupci\u00f3n; apenas el 11,8% lo atribuye a una maniobra electoral o interna.<\/p>\n\n\n\n<p>El da\u00f1o pol\u00edtico ya se siente en la confianza social: el 56,1% afirma que el caso reduce su confianza en la gesti\u00f3n nacional. En paralelo, ocho de cada diez encuestados sostienen que el Presidente debe dar explicaciones p\u00fablicas y el 61,3% exige que lo haga de manera urgente.<\/p>\n\n\n\n<p>Cabe se\u00f1alar que el dato m\u00e1s \u00e1spero para la Casa Rosada se concentra en la atribuci\u00f3n de responsabilidades: seis de cada diez se\u00f1alan a Karina Milei y a los Menem en el centro de la trama. El oficialismo intenta desactivar el costo con mensajes en redes y silencios selectivos, pero la percepci\u00f3n de gravedad se consolida y empuja el reclamo de rendici\u00f3n de cuentas.<\/p>\n\n\n\n<p>Aun as\u00ed, el impacto electoral aparece m\u00e1s acotado: el 82,6% sostiene que este episodio no cambiar\u00e1 su voto de cara a las legislativas. La polarizaci\u00f3n y los n\u00facleos duros amortiguan el corrimiento, pero la combinaci\u00f3n de alta visibilidad, sensaci\u00f3n de corrupci\u00f3n y ca\u00edda de confianza abre un flanco cr\u00edtico en la gesti\u00f3n, que la oposici\u00f3n ya capitaliza en el Congreso y en la calle.<\/p>\n\n\n\n<p>Por Pol\u00edtica Argentina<\/p>\n","protected":false},"excerpt":{"rendered":"<p>Un estudio de Management &amp; Fit expone el impacto del esc\u00e1ndalo en la opini\u00f3n p\u00fablica: el 94,5% dice estar al tanto del caso y el 60% considera culpables a Karina Milei y a los Menem. Para tres de cada cuatro, se trata de un hecho grave y la mayor\u00eda reclama explicaciones del Presidente. Seg\u00fan detall\u00f3&#8230;<\/p>\n","protected":false},"author":5,"featured_media":2092,"comment_status":"open","ping_status":"open","sticky":false,"template":"","format":"standard","meta":{"_monsterinsights_skip_tracking":false,"_monsterinsights_sitenote_active":false,"_monsterinsights_sitenote_note":"","_monsterinsights_sitenote_category":0,"footnotes":"","jetpack_publicize_message":"","jetpack_publicize_feature_enabled":true,"jetpack_social_post_already_shared":true,"jetpack_social_options":{"image_generator_settings":{"template":"highway","default_image_id":0,"font":"","enabled":false},"version":2}},"categories":[2],"tags":[625,470,635,45],"class_list":["post-7925","post","type-post","status-publish","format-standard","has-post-thumbnail","hentry","category-politica","tag-coimas","tag-corrupcion-2","tag-karina","tag-milei"],"jetpack_publicize_connections":[],"_links":{"self":[{"href":"https:\/\/www.enorsai.com\/noticias\/wp-json\/wp\/v2\/posts\/7925","targetHints":{"allow":["GET"]}}],"collection":[{"href":"https:\/\/www.enorsai.com\/noticias\/wp-json\/wp\/v2\/posts"}],"about":[{"href":"https:\/\/www.enorsai.com\/noticias\/wp-json\/wp\/v2\/types\/post"}],"author":[{"embeddable":true,"href":"https:\/\/www.enorsai.com\/noticias\/wp-json\/wp\/v2\/users\/5"}],"replies":[{"embeddable":true,"href":"https:\/\/www.enorsai.com\/noticias\/wp-json\/wp\/v2\/comments?post=7925"}],"version-history":[{"count":1,"href":"https:\/\/www.enorsai.com\/noticias\/wp-json\/wp\/v2\/posts\/7925\/revisions"}],"predecessor-version":[{"id":7926,"href":"https:\/\/www.enorsai.com\/noticias\/wp-json\/wp\/v2\/posts\/7925\/revisions\/7926"}],"wp:featuredmedia":[{"embeddable":true,"href":"https:\/\/www.enorsai.com\/noticias\/wp-json\/wp\/v2\/media\/2092"}],"wp:attachment":[{"href":"https:\/\/www.enorsai.com\/noticias\/wp-json\/wp\/v2\/media?parent=7925"}],"wp:term":[{"taxonomy":"category","embeddable":true,"href":"https:\/\/www.enorsai.com\/noticias\/wp-json\/wp\/v2\/categories?post=7925"},{"taxonomy":"post_tag","embeddable":true,"href":"https:\/\/www.enorsai.com\/noticias\/wp-json\/wp\/v2\/tags?post=7925"}],"curies":[{"name":"wp","href":"https:\/\/api.w.org\/{rel}","templated":true}]}}