{"id":7917,"date":"2025-08-26T23:02:09","date_gmt":"2025-08-27T02:02:09","guid":{"rendered":"https:\/\/www.enorsai.com\/noticias\/politica\/carlos-pagni-encendio-las-alarmas-varios-jueces-y-fiscales-tiraron-sus-celulares-al-rio-este-fin-de-semana\/"},"modified":"2025-08-26T23:02:09","modified_gmt":"2025-08-27T02:02:09","slug":"carlos-pagni-encendio-las-alarmas-varios-jueces-y-fiscales-tiraron-sus-celulares-al-rio-este-fin-de-semana","status":"publish","type":"post","link":"https:\/\/www.enorsai.com\/noticias\/politica\/carlos-pagni-encendio-las-alarmas-varios-jueces-y-fiscales-tiraron-sus-celulares-al-rio-este-fin-de-semana\/","title":{"rendered":"Carlos Pagni encendi\u00f3 las alarmas: \u201cVarios jueces y fiscales tiraron sus celulares al r\u00edo este fin de semana\u201d"},"content":{"rendered":"\n<p>El esc\u00e1ndalo por los audios de Diego Spagnuolo sigue sacudiendo al gobierno de Javier Milei y al poder judicial. En su editorial televisivo, el periodista Carlos Pagni asegur\u00f3 que el caso exhibe una \u201ccorrupci\u00f3n con rasgos cr\u00f3nicos\u201d en la Argentina, donde se repiten nombres, empresas y m\u00e9todos a lo largo de distintas administraciones.<br><br>Seg\u00fan reconstruy\u00f3, Spagnuolo relat\u00f3 haber sido presionado tras una reuni\u00f3n con Eduardo \u201cLule\u201d Menem, y posteriormente citado por Mart\u00edn Menem en Diputados, quien le habr\u00eda recomendado contratar a la droguer\u00eda Suizo Argentina. El exfuncionario incluso habr\u00eda advertido al propio Milei de estas maniobras, obteniendo como respuesta un llamado de Karina Milei, quien le orden\u00f3: \u201cNo vuelvas a hablar con mi hermano. Lule soy yo. Hac\u00e9 lo que te dice Lule\u201d.<br><br>Pagni tambi\u00e9n mencion\u00f3 la hip\u00f3tesis oficialista de que la operaci\u00f3n fue impulsada por la diputada Marcela Pagano y su esposo, el abogado Franco Bindi, responsables de grabar y filtrar los comprometedores audios.<br><br>El periodista apunt\u00f3 directamente contra los due\u00f1os de la droguer\u00eda, los hermanos Kovalivker, a quienes defini\u00f3 como \u201cviejos actores del sistema\u201d. Seg\u00fan una versi\u00f3n que circula en el PRO, habr\u00edan financiado con 2 millones de d\u00f3lares la fiscalizaci\u00f3n del balotaje que llev\u00f3 a Milei a la presidencia. Ese antecedente, explic\u00f3 Pagni, podr\u00eda explicar tambi\u00e9n parte del malestar de Mauricio Macri con el actual Gobierno.<br><br>La frase m\u00e1s resonante de su editorial grafic\u00f3 el p\u00e1nico que gener\u00f3 la filtraci\u00f3n de los audios: \u201cHoy alguien que conoce muy bien el tema Justicia y droguer\u00edas me dijo que varios jueces y fiscales tiraron sus celulares al r\u00edo este fin de semana por los mensajes que esconden\u201d, lanz\u00f3 Pagni, sugiriendo la magnitud de las conexiones expuestas.<br><br>Incluso mencion\u00f3 la presunta sociedad entre los hermanos Lijo y los Kovalivker, lo que reaviva las cr\u00edticas al intento del Gobierno de promover a Ariel Lijo como ministro de la Corte Suprema.<br><br>Para Pagni, la crisis golpea en el coraz\u00f3n del discurso oficialista y encuentra al Gobierno debilitado, con indicadores negativos previos al estallido: una ca\u00edda del 14% en la confianza del consumidor y en la confianza en el propio Gobierno, seg\u00fan la Universidad Di Tella.<br><br>El periodista advirti\u00f3 que Milei se ve obligado a \u201cresetearse\u201d y reorganizar su esquema pol\u00edtico, posiblemente aferr\u00e1ndose a figuras como Guillermo Francos, a quien el Presidente elogi\u00f3 en los \u00faltimos d\u00edas.<br><br>Fuente:<\/p>\n\n\n\n<ul class=\"wp-block-list\">\n<li>https:\/\/noticiasargentinas.com\/politica\/carlos-pagni&#8212;varios-jueces-y-fiscales-tiraron-sus-celulares-al-rio-este-fin-de-semana-_a68ae2c497e0ff52243a23b79<\/li>\n<\/ul>\n","protected":false},"excerpt":{"rendered":"<p>El esc\u00e1ndalo por los audios de Diego Spagnuolo sigue sacudiendo al gobierno de Javier Milei y al poder judicial. En su editorial televisivo, el periodista Carlos Pagni asegur\u00f3 que el caso exhibe una \u201ccorrupci\u00f3n con rasgos cr\u00f3nicos\u201d en la Argentina, donde se repiten nombres, empresas y m\u00e9todos a lo largo de distintas administraciones. Seg\u00fan reconstruy\u00f3,&#8230;<\/p>\n","protected":false},"author":11,"featured_media":7916,"comment_status":"open","ping_status":"open","sticky":false,"template":"","format":"standard","meta":{"_monsterinsights_skip_tracking":false,"_monsterinsights_sitenote_active":false,"_monsterinsights_sitenote_note":"","_monsterinsights_sitenote_category":0,"footnotes":"","jetpack_publicize_message":"","jetpack_publicize_feature_enabled":true,"jetpack_social_post_already_shared":true,"jetpack_social_options":{"image_generator_settings":{"template":"highway","default_image_id":0,"font":"","enabled":false},"version":2}},"categories":[2],"tags":[],"class_list":["post-7917","post","type-post","status-publish","format-standard","has-post-thumbnail","hentry","category-politica"],"jetpack_publicize_connections":[],"_links":{"self":[{"href":"https:\/\/www.enorsai.com\/noticias\/wp-json\/wp\/v2\/posts\/7917","targetHints":{"allow":["GET"]}}],"collection":[{"href":"https:\/\/www.enorsai.com\/noticias\/wp-json\/wp\/v2\/posts"}],"about":[{"href":"https:\/\/www.enorsai.com\/noticias\/wp-json\/wp\/v2\/types\/post"}],"author":[{"embeddable":true,"href":"https:\/\/www.enorsai.com\/noticias\/wp-json\/wp\/v2\/users\/11"}],"replies":[{"embeddable":true,"href":"https:\/\/www.enorsai.com\/noticias\/wp-json\/wp\/v2\/comments?post=7917"}],"version-history":[{"count":0,"href":"https:\/\/www.enorsai.com\/noticias\/wp-json\/wp\/v2\/posts\/7917\/revisions"}],"wp:featuredmedia":[{"embeddable":true,"href":"https:\/\/www.enorsai.com\/noticias\/wp-json\/wp\/v2\/media\/7916"}],"wp:attachment":[{"href":"https:\/\/www.enorsai.com\/noticias\/wp-json\/wp\/v2\/media?parent=7917"}],"wp:term":[{"taxonomy":"category","embeddable":true,"href":"https:\/\/www.enorsai.com\/noticias\/wp-json\/wp\/v2\/categories?post=7917"},{"taxonomy":"post_tag","embeddable":true,"href":"https:\/\/www.enorsai.com\/noticias\/wp-json\/wp\/v2\/tags?post=7917"}],"curies":[{"name":"wp","href":"https:\/\/api.w.org\/{rel}","templated":true}]}}