{"id":7909,"date":"2025-08-26T13:30:56","date_gmt":"2025-08-26T16:30:56","guid":{"rendered":"https:\/\/www.enorsai.com\/noticias\/politica\/papelon-libertario-majul-estallo-contra-martin-menem-porque-lo-planto-en-una-entrevista\/"},"modified":"2025-08-26T13:30:56","modified_gmt":"2025-08-26T16:30:56","slug":"papelon-libertario-majul-estallo-contra-martin-menem-porque-lo-planto-en-una-entrevista","status":"publish","type":"post","link":"https:\/\/www.enorsai.com\/noticias\/politica\/papelon-libertario-majul-estallo-contra-martin-menem-porque-lo-planto-en-una-entrevista\/","title":{"rendered":"Papel\u00f3n libertario: Majul estall\u00f3 contra Mart\u00edn Menem porque lo plant\u00f3 en una entrevista"},"content":{"rendered":"\n<p>El esc\u00e1ndalo de coimas en la Agencia Nacional de Discapacidad (ANDIS) no solo sacude al gobierno de Javier Milei: tambi\u00e9n desnuda tensiones dentro del propio dispositivo medi\u00e1tico que hasta ahora le serv\u00eda de sost\u00e9n. El episodio protagonizado por Luis Majul y Mart\u00edn Menem es la muestra perfecta.<br><br>El presidente de la C\u00e1mara de Diputados hab\u00eda anunciado que iba a dar explicaciones en dos programas clave: primero con Antonio Laje y luego en LN+, en la mesa de Majul. Cumpli\u00f3 a medias: fue con Laje, donde defendi\u00f3 con u\u00f1as y dientes a Karina Milei y a su primo \u201cLule\u201d Menem, y luego peg\u00f3 el faltazo en horario estelar, dejando al periodista en rid\u00edculo.<br><br>Majul, que el domingo hab\u00eda hecho malabares para justificar el silencio de Milei \u2014lleg\u00f3 a decir que el Presidente no hablaba porque estaba medicado con antibi\u00f3ticos\u2014, esta vez no pudo contener su enojo. En vivo, se descarg\u00f3 contra Menem:<br><br>&gt; \u201cPor respeto a la audiencia, anunciamos una entrevista con Mart\u00edn Menem y no la pudimos hacer. No es responsabilidad nuestra. Evidentemente, por una sugerencia estrat\u00e9gica del Gobierno, no quiso venir\u201d.<br><br><br>La frase no es menor: el propio Majul, habitual vocero extraoficial del oficialismo, admiti\u00f3 al aire que las \u201cestrategias\u201d del gobierno libertario pasan por encima de los compromisos asumidos. Y lo expuso como un error pol\u00edtico.<br><br>La ausencia de Mart\u00edn Menem deja un interrogante flotando: \u00bfpor qu\u00e9 eligi\u00f3 desaparecer de una pantalla amiga justo en medio del esc\u00e1ndalo? \u00bfAcaso la primera entrevista no logr\u00f3 el blindaje esperado y el gobierno decidi\u00f3 que el silencio era m\u00e1s conveniente?<br><br>Mientras tanto, las acusaciones de coimas en la ANDIS siguen creciendo y ya salpican directamente a Karina Milei y Eduardo \u201cLule\u201d Menem, dos de las figuras m\u00e1s influyentes de la mesa chica presidencial. El blindaje medi\u00e1tico que parec\u00eda s\u00f3lido empieza a resquebrajarse cuando hasta los propios aliados se sienten usados y expuestos.<br><br>Majul lo dijo con todas las letras: \u201cNunca tienen que estar las estrategias por encima de lo que se acuerda\u201d. Lo que no aclar\u00f3 es que la \u201cestrategia\u201d libertaria est\u00e1 en ca\u00edda libre y que los pactos con periodistas amigos empiezan a tambalear cuando el esc\u00e1ndalo de corrupci\u00f3n ya no se puede ocultar.<br><br>Fuente:<\/p>\n\n\n\n<p>https:\/\/www.minutouno.com\/politica\/estallo-luis-majul-contra-martin-menem-porque-lo-planto-una-entrevista-pleno-escandalo-coimas-n6182637<\/p>\n","protected":false},"excerpt":{"rendered":"<p>El esc\u00e1ndalo de coimas en la Agencia Nacional de Discapacidad (ANDIS) no solo sacude al gobierno de Javier Milei: tambi\u00e9n desnuda tensiones dentro del propio dispositivo medi\u00e1tico que hasta ahora le serv\u00eda de sost\u00e9n. El episodio protagonizado por Luis Majul y Mart\u00edn Menem es la muestra perfecta. El presidente de la C\u00e1mara de Diputados hab\u00eda&#8230;<\/p>\n","protected":false},"author":9,"featured_media":7908,"comment_status":"open","ping_status":"open","sticky":false,"template":"","format":"standard","meta":{"_monsterinsights_skip_tracking":false,"_monsterinsights_sitenote_active":false,"_monsterinsights_sitenote_note":"","_monsterinsights_sitenote_category":0,"footnotes":"","jetpack_publicize_message":"","jetpack_publicize_feature_enabled":true,"jetpack_social_post_already_shared":true,"jetpack_social_options":{"image_generator_settings":{"template":"highway","default_image_id":0,"font":"","enabled":false},"version":2}},"categories":[2],"tags":[3250,3199],"class_list":["post-7909","post","type-post","status-publish","format-standard","has-post-thumbnail","hentry","category-politica","tag-majul","tag-martin-menem"],"jetpack_publicize_connections":[],"_links":{"self":[{"href":"https:\/\/www.enorsai.com\/noticias\/wp-json\/wp\/v2\/posts\/7909","targetHints":{"allow":["GET"]}}],"collection":[{"href":"https:\/\/www.enorsai.com\/noticias\/wp-json\/wp\/v2\/posts"}],"about":[{"href":"https:\/\/www.enorsai.com\/noticias\/wp-json\/wp\/v2\/types\/post"}],"author":[{"embeddable":true,"href":"https:\/\/www.enorsai.com\/noticias\/wp-json\/wp\/v2\/users\/9"}],"replies":[{"embeddable":true,"href":"https:\/\/www.enorsai.com\/noticias\/wp-json\/wp\/v2\/comments?post=7909"}],"version-history":[{"count":0,"href":"https:\/\/www.enorsai.com\/noticias\/wp-json\/wp\/v2\/posts\/7909\/revisions"}],"wp:featuredmedia":[{"embeddable":true,"href":"https:\/\/www.enorsai.com\/noticias\/wp-json\/wp\/v2\/media\/7908"}],"wp:attachment":[{"href":"https:\/\/www.enorsai.com\/noticias\/wp-json\/wp\/v2\/media?parent=7909"}],"wp:term":[{"taxonomy":"category","embeddable":true,"href":"https:\/\/www.enorsai.com\/noticias\/wp-json\/wp\/v2\/categories?post=7909"},{"taxonomy":"post_tag","embeddable":true,"href":"https:\/\/www.enorsai.com\/noticias\/wp-json\/wp\/v2\/tags?post=7909"}],"curies":[{"name":"wp","href":"https:\/\/api.w.org\/{rel}","templated":true}]}}