{"id":7895,"date":"2025-08-26T09:49:56","date_gmt":"2025-08-26T12:49:56","guid":{"rendered":"https:\/\/www.enorsai.com\/noticias\/?p=7895"},"modified":"2025-08-26T10:03:03","modified_gmt":"2025-08-26T13:03:03","slug":"poliarquia-la-confianza-en-el-gobierno-cayo-14-antes-del-escandalo-spagnuolo","status":"publish","type":"post","link":"https:\/\/www.enorsai.com\/noticias\/politica\/poliarquia-la-confianza-en-el-gobierno-cayo-14-antes-del-escandalo-spagnuolo\/","title":{"rendered":"Poliarqu\u00eda: \u00abLa confianza en el Gobierno cay\u00f3 14% antes del esc\u00e1ndalo Spagnuolo\u00bb"},"content":{"rendered":"\n<p><strong>Alejandro Catterberg, director de Poliarqu\u00eda, advierte que la mayor ca\u00edda de la confianza y aprobaci\u00f3n en el gobierno de Milei lleg\u00f3 incluso antes del esc\u00e1ndalo reciente. El veto a las jubilaciones y los errores econ\u00f3micos muestran grietas en la gesti\u00f3n libertaria.<\/strong><\/p>\n\n\n\n<h2 class=\"wp-block-heading\">La medici\u00f3n: ca\u00edda r\u00e9cord en la confianza al gobierno de Milei<\/h2>\n\n\n\n<p>Seg\u00fan el <a href=\"https:\/\/poliarquia.com\/es\/alejandro-catterberg-director\/\">\u00cdndice de Confianza en el Gobierno<\/a> realizado por Poliarqu\u00eda y la Universidad Torcuato Di Tella, la confianza cay\u00f3 <strong>14% de mes a mes<\/strong>, la mayor ca\u00edda registrada durante la gesti\u00f3n Milei y cinco puntos en el \u00edndice de aprobaci\u00f3n. La medici\u00f3n se realiz\u00f3 antes del esc\u00e1ndalo de discapacidad y las nuevas denuncias que afectan al oficialismo.<br><a href=\"https:\/\/www.infobae.com\/politica\/2025\/08\/05\/alejandro-catterberg-en-esta-eleccion-el-gobierno-va-a-ser-premiado\/\">Ver nota en Infobae<\/a>.<\/p>\n\n\n\n<h2 class=\"wp-block-heading\">Principales factores: veto previsional y errores econ\u00f3micos<\/h2>\n\n\n\n<p>La consulta se\u00f1ala dos motivos centrales en la baja de la imagen: el <strong>veto al aumento de jubilaciones y discapacidad<\/strong>, que afecta la percepci\u00f3n de sensibilidad y empat\u00eda presidencial, y el desarme de las \u00abLEFIs\u00bb, que gener\u00f3 fuerte malestar en bancos, pymes y consumidores. El propio ministro Caputo admiti\u00f3 que el aumento de encajes \u00abva a afectar la actividad\u00bb, aunque lo considera transitorio.<br><a href=\"https:\/\/www.lanacion.com.ar\/politica\/alejandro-catterberg-tarde-o-temprano-muchas-cosas-se-le-podran-volver-en-contra-a-milei-pero-todo-nid10122024\/\">An\u00e1lisis en La Naci\u00f3n<\/a>.<\/p>\n\n\n\n<ul class=\"wp-block-list\">\n<li>Las agendas de salud p\u00fablica, discapacidad y jubilaciones tienen fuerte impacto negativo en la confianza social.<\/li>\n\n\n\n<li>La inestabilidad macroecon\u00f3mica y el manejo del Congreso aumentan la incertidumbre y el recelo de los mercados.<\/li>\n\n\n\n<li>Errores pol\u00edticos: la estrategia de expansi\u00f3n territorial y ruptura con gobernadores complic\u00f3 la gobernabilidad en el Congreso.<\/li>\n<\/ul>\n\n\n\n<h2 class=\"wp-block-heading\">El riesgo de la campa\u00f1a negativa y el relato<\/h2>\n\n\n\n<p>Catterberg remarca que el gobierno sostiene parte de su base electoral en atacar al kirchnerismo y utilizar el relato de \u201criesgo Cuca\u201d como justificaci\u00f3n de la crisis. Sin embargo, esto empieza a agotarse y resulta insuficiente para explicar los problemas actuales.<br>El oficialismo mantiene altos niveles de aprobaci\u00f3n comparados con otros presidentes, pero la falta de una nueva promesa o \u201ccontrato\u201d con la sociedad debilita la percepci\u00f3n futura.<br><a href=\"https:\/\/www.utdt.edu\/listado_contenidos.php?id_item_menu=13506\">Perfil acad\u00e9mico de Catterberg<\/a>.<\/p>\n\n\n\n<h3 class=\"wp-block-heading\">La respuesta social y los desaf\u00edos futuros<\/h3>\n\n\n\n<ul class=\"wp-block-list\">\n<li>Milei a\u00fan representa para parte de la sociedad una gesti\u00f3n \u201cordenada\u201d y combativa contra la casta.<\/li>\n\n\n\n<li>La confianza y el \u201corden\u201d se ven tensados por el desgaste institucional y social, sobre todo en el interior del pa\u00eds y ante la falta de obras p\u00fablicas.<\/li>\n\n\n\n<li>El gobierno deber\u00e1 rearmar su agenda y promesas tras las elecciones de septiembre para recuperar imagen y credibilidad.<\/li>\n<\/ul>\n\n\n\n<h2 class=\"wp-block-heading\">Reflexi\u00f3n final<\/h2>\n\n\n\n<p>La ca\u00edda en la confianza y aprobaci\u00f3n de Milei revela los peligros de una gesti\u00f3n basada solo en el combate de enemigos y la austeridad extrema. Sin una nueva narrativa y respuestas concretas a los desaf\u00edos sociales y econ\u00f3micos, el gobierno enfrenta vulnerabilidad y desgaste acelerado.<br><strong>Dejanos tu comentario debajo o escribinos a <a href=\"mailto:enorsaionline@gmail.com\">enorsaionline@gmail.com<\/a><\/strong><\/p>\n\n\n\n<h2 class=\"wp-block-heading\">Preguntas Frecuentes<\/h2>\n\n\n\n<h3 class=\"wp-block-heading\">\u00bfCu\u00e1nto cay\u00f3 la confianza en el gobierno seg\u00fan Poliarqu\u00eda?<\/h3>\n\n\n\n<p>Un 14% de mes a mes en julio-agosto 2025, la mayor ca\u00edda en la gesti\u00f3n Milei seg\u00fan el \u00edndice elaborado para la Universidad Di Tella.<a href=\"https:\/\/poliarquia.com\/es\/alejandro-catterberg-director\/\">Ver Poliarqu\u00eda<\/a><\/p>\n\n\n\n<h3 class=\"wp-block-heading\">\u00bfCu\u00e1les son los principales motivos de la baja confianza?<\/h3>\n\n\n\n<p>El veto a aumento de jubilaciones y discapacidad, errores econ\u00f3micos como el desarme de LEFIs y malas relaciones con gobernadores.<\/p>\n\n\n\n<h3 class=\"wp-block-heading\">\u00bfLa ca\u00edda de confianza fue anterior al caso Spagnuolo?<\/h3>\n\n\n\n<p>S\u00ed, la medici\u00f3n de Poliarqu\u00eda y Di Tella antecede al esc\u00e1ndalo reciente y refleja tendencias previas.<\/p>\n\n\n\n<h3 class=\"wp-block-heading\">\u00bfTodav\u00eda Milei conserva buena imagen p\u00fablica?<\/h3>\n\n\n\n<p>S\u00ed, desde un piso alto, pero la ca\u00edda es la m\u00e1s fuerte en su gesti\u00f3n y requiere rearmar agenda y promesas.<\/p>\n\n\n\n<h3 class=\"wp-block-heading\">\u00bfD\u00f3nde ver los estudios completos de Poliarqu\u00eda?<\/h3>\n\n\n\n<p>En <a href=\"https:\/\/poliarquia.com\/es\/alejandro-catterberg-director\/\">Poliarqu\u00eda Consultores<\/a> y en publicaciones de <a href=\"https:\/\/www.utdt.edu\/listado_contenidos.php?id_item_menu=13506\">Universidad Torcuato Di Tella<\/a> y medios como Infobae.<\/p>\n","protected":false},"excerpt":{"rendered":"<p>Poliarqu\u00eda midi\u00f3 la mayor ca\u00edda de aprobaci\u00f3n en la gesti\u00f3n Milei, antes del nuevo esc\u00e1ndalo. Entr\u00e1 y opin\u00e1 sobre el futuro pol\u00edtico.<\/p>\n","protected":false},"author":4,"featured_media":7896,"comment_status":"open","ping_status":"open","sticky":false,"template":"","format":"standard","meta":{"_monsterinsights_skip_tracking":false,"_monsterinsights_sitenote_active":false,"_monsterinsights_sitenote_note":"","_monsterinsights_sitenote_category":0,"footnotes":"","jetpack_publicize_message":"Ca\u00edda r\u00e9cord en la confianza de Milei: Poliarqu\u00eda revela el dato previo al esc\u00e1ndalo #Afuera","jetpack_publicize_feature_enabled":true,"jetpack_social_post_already_shared":false,"jetpack_social_options":{"image_generator_settings":{"template":"highway","default_image_id":0,"font":"","enabled":false},"version":2}},"categories":[2,4],"tags":[3243,3244,3239,3242,3245,2190,3240,3241],"class_list":["post-7895","post","type-post","status-publish","format-standard","has-post-thumbnail","hentry","category-politica","category-sociedad","tag-aprobacion","tag-caida-milei","tag-catterberg","tag-confianza-gobierno","tag-escandalo-spagnuolo","tag-opinion-publica","tag-poliarquia","tag-veto-jubilaciones"],"jetpack_publicize_connections":[],"_links":{"self":[{"href":"https:\/\/www.enorsai.com\/noticias\/wp-json\/wp\/v2\/posts\/7895","targetHints":{"allow":["GET"]}}],"collection":[{"href":"https:\/\/www.enorsai.com\/noticias\/wp-json\/wp\/v2\/posts"}],"about":[{"href":"https:\/\/www.enorsai.com\/noticias\/wp-json\/wp\/v2\/types\/post"}],"author":[{"embeddable":true,"href":"https:\/\/www.enorsai.com\/noticias\/wp-json\/wp\/v2\/users\/4"}],"replies":[{"embeddable":true,"href":"https:\/\/www.enorsai.com\/noticias\/wp-json\/wp\/v2\/comments?post=7895"}],"version-history":[{"count":2,"href":"https:\/\/www.enorsai.com\/noticias\/wp-json\/wp\/v2\/posts\/7895\/revisions"}],"predecessor-version":[{"id":7898,"href":"https:\/\/www.enorsai.com\/noticias\/wp-json\/wp\/v2\/posts\/7895\/revisions\/7898"}],"wp:featuredmedia":[{"embeddable":true,"href":"https:\/\/www.enorsai.com\/noticias\/wp-json\/wp\/v2\/media\/7896"}],"wp:attachment":[{"href":"https:\/\/www.enorsai.com\/noticias\/wp-json\/wp\/v2\/media?parent=7895"}],"wp:term":[{"taxonomy":"category","embeddable":true,"href":"https:\/\/www.enorsai.com\/noticias\/wp-json\/wp\/v2\/categories?post=7895"},{"taxonomy":"post_tag","embeddable":true,"href":"https:\/\/www.enorsai.com\/noticias\/wp-json\/wp\/v2\/tags?post=7895"}],"curies":[{"name":"wp","href":"https:\/\/api.w.org\/{rel}","templated":true}]}}