{"id":7887,"date":"2025-08-26T09:15:27","date_gmt":"2025-08-26T12:15:27","guid":{"rendered":"https:\/\/www.enorsai.com\/noticias\/?p=7887"},"modified":"2025-08-26T09:15:34","modified_gmt":"2025-08-26T12:15:34","slug":"argentina-esta-entrando-en-recesion-alvarez-agis-advierte-sobre-la-caida-de-la-actividad-real-y-desafios-de-empleo","status":"publish","type":"post","link":"https:\/\/www.enorsai.com\/noticias\/economia\/argentina-esta-entrando-en-recesion-alvarez-agis-advierte-sobre-la-caida-de-la-actividad-real-y-desafios-de-empleo\/","title":{"rendered":"\u00bfArgentina est\u00e1 entrando en recesi\u00f3n? \u00c1lvarez Agis advierte sobre la ca\u00edda de la actividad real y desaf\u00edos de empleo"},"content":{"rendered":"\n<p><strong>Emmanuel \u00c1lvarez Agis, economista, analiza en Buenas Tardes China la crisis argentina: una inflaci\u00f3n de tres d\u00edgitos, ca\u00edda en la industria y consumo, y una paradoja en sectores de inversi\u00f3n que no generan empleo. El pa\u00eds se enfrenta a una coyuntura incierta que exige abandonar dogmas y priorizar pol\u00edticas efectivas.<\/strong><\/p>\n\n\n\n<h2 class=\"wp-block-heading\">La recesi\u00f3n, los precios y el clima de posguerra<\/h2>\n\n\n\n<p>Con una inflaci\u00f3n anual de tres d\u00edgitos y estancamiento de la producci\u00f3n, \u00c1lvarez Agis compara la situaci\u00f3n econ\u00f3mica con una \u00abposguerra\u00bb. La p\u00e9rdida de poder adquisitivo y el impacto sobre la confianza del consumidor y la imagen presidencial agravan el problema, mientras la inestabilidad del d\u00f3lar y las altas tasas de inter\u00e9s obligan a muchos argentinos a sobrevivir pagando el m\u00ednimo en la tarjeta.<br><a href=\"https:\/\/www.infobae.com\/economia\/2025\/08\/25\/la-actividad-economica-volvio-a-chocar-contra-un-techo-y-muestra-signos-de-estancamiento\/\">Ver an\u00e1lisis en Infobae<\/a>.<\/p>\n\n\n\n<figure class=\"wp-block-embed is-type-wp-embed is-provider-incrustado wp-block-embed-incrustado\"><div class=\"wp-block-embed__wrapper\">\n<blockquote class=\"wp-embedded-content\" data-secret=\"8VoyUxr6Sy\"><a href=\"https:\/\/www.enorsai.com\/noticias\/economia\/masacre-financiera-acciones-y-bonos-se-desploman-por-el-escandalo-que-salpica-a-karina-milei\/\">Masacre financiera: acciones y bonos se desploman por el esc\u00e1ndalo que salpica a Karina Milei<\/a><\/blockquote><iframe loading=\"lazy\" class=\"wp-embedded-content\" sandbox=\"allow-scripts\" security=\"restricted\" style=\"position: absolute; visibility: hidden;\" title=\"\u00abMasacre financiera: acciones y bonos se desploman por el esc\u00e1ndalo que salpica a Karina Milei\u00bb \u2014 \" src=\"https:\/\/www.enorsai.com\/noticias\/economia\/masacre-financiera-acciones-y-bonos-se-desploman-por-el-escandalo-que-salpica-a-karina-milei\/embed\/#?secret=FDs8bfjyFt#?secret=8VoyUxr6Sy\" data-secret=\"8VoyUxr6Sy\" width=\"600\" height=\"338\" frameborder=\"0\" marginwidth=\"0\" marginheight=\"0\" scrolling=\"no\"><\/iframe>\n<\/div><\/figure>\n\n\n\n<h2 class=\"wp-block-heading\">De los d\u00f3lares que llegan a los empleos que faltan<\/h2>\n\n\n\n<p>Si bien Argentina espera \u00abaguantar\u00bb hasta una supuesta ola de inversiones en energ\u00eda, miner\u00eda y litio, el economista se\u00f1ala que estos sectores aportan divisas pero casi no crean trabajo. El pa\u00eds puede tener d\u00f3lares pero carecer de empleo, mientras se destruyen puestos industriales y se contrae el mercado interno.<br><a href=\"https:\/\/enac.org.ar\/contenido\/4208\/cae-el-mercado-interno-y-la-economia-vuelve-a-entrar-en-recesion-en-el-segundo-t\">Informe de ENAC<\/a>.<\/p>\n\n\n\n<ul class=\"wp-block-list\">\n<li>Industria opera al 53,9% y registra ca\u00edda de -1,4% en julio.<\/li>\n\n\n\n<li>Construcci\u00f3n, molienda, autos y alimentos sufren bajas significativas.<\/li>\n\n\n\n<li>Solo el 28,3% de pymes tuvo rentabilidad positiva en el segundo trimestre 2025.<\/li>\n<\/ul>\n\n\n\n<h2 class=\"wp-block-heading\">La paradoja de la econom\u00eda argentina<\/h2>\n\n\n\n<figure class=\"wp-block-table\"><table class=\"has-fixed-layout\"><tbody><tr><th>Sector<\/th><th>Variaci\u00f3n 2025<\/th><th>Impacto en empleo<\/th><\/tr><tr><td>Petr\u00f3leo y energ\u00eda<\/td><td>+2% a +4%<\/td><td>Baja demanda laboral<\/td><\/tr><tr><td>Industria<\/td><td>-1,4%<\/td><td>P\u00e9rdida masiva de empleos<\/td><\/tr><tr><td>Construcci\u00f3n<\/td><td>-0,4%<\/td><td>P\u00e9rdida de puestos<\/td><\/tr><tr><td>Miner\u00eda<\/td><td>+10% en inversiones<\/td><td>M\u00ednima creaci\u00f3n de empleo<\/td><\/tr><\/tbody><\/table><\/figure>\n\n\n\n<h3 class=\"wp-block-heading\">Desaf\u00edos estructurales post-elecciones<\/h3>\n\n\n\n<p>\u00c1lvarez Agis advierte que la salida requiere \u201crenunciar a dogmas\u201d, estabilizar d\u00f3lar y tasas, y atender el problema del empleo. El rebote estad\u00edstico tras la recesi\u00f3n de 2024 no es recuperaci\u00f3n genuina; urge discutir c\u00f3mo generar trabajo y sostener el mercado interno.<br><a href=\"https:\/\/www.pagina12.com.ar\/848374-la-actividad-esta-clavada\">Opini\u00f3n de Melconian en P\u00e1gina 12<\/a>.<\/p>\n\n\n\n<h2 class=\"wp-block-heading\">Reflexi\u00f3n final<\/h2>\n\n\n\n<p>La Argentina necesita recuperar la confianza y planificar una econom\u00eda que no dependa exclusivamente del ingreso de divisas ni de las fluctuaciones del d\u00f3lar. El futuro exige un modelo productivo con empleo estable y pol\u00edticas de desarrollo sostenible, no solo \u201caguantar\u201d hasta la pr\u00f3xima ola de inversiones.<br><strong>Dejanos tu comentario debajo o escribinos a <a href=\"mailto:enorsaionline@gmail.com\">enorsaionline@gmail.com<\/a><\/strong><\/p>\n\n\n\n<h2 class=\"wp-block-heading\">Preguntas Frecuentes<\/h2>\n\n\n\n<h3 class=\"wp-block-heading\">\u00bfArgentina est\u00e1 entrando en recesi\u00f3n real?<\/h3>\n\n\n\n<p>S\u00ed, los datos de actividad y empleo muestran ca\u00edda en sectores clave y el mercado interno, seg\u00fan la ENAC y economistas consultados. <a href=\"https:\/\/enac.org.ar\/contenido\/4208\/cae-el-mercado-interno-y-la-economia-vuelve-a-entrar-en-recesion-en-el-segundo-t\">Ver informe ENAC<\/a>.<\/p>\n\n\n\n<h3 class=\"wp-block-heading\">\u00bfQu\u00e9 sectores sufren m\u00e1s la recesi\u00f3n?<\/h3>\n\n\n\n<p>Industria, construcci\u00f3n, alimentaci\u00f3n y automotriz muestran las mayores ca\u00eddas de empleo y actividad.<\/p>\n\n\n\n<h3 class=\"wp-block-heading\">\u00bfPor qu\u00e9 la miner\u00eda y la energ\u00eda no generan empleo masivo?<\/h3>\n\n\n\n<p>Son sectores intensivos en capital y tecnolog\u00eda, con bajas necesidades de mano de obra. Favorecen el ingreso de d\u00f3lares pero no el empleo local.<\/p>\n\n\n\n<h3 class=\"wp-block-heading\">\u00bfQu\u00e9 recomienda \u00c1lvarez Agis para superar la crisis?<\/h3>\n\n\n\n<p>Abandonar dogmas y estabilizar tipo de cambio y tasas de inter\u00e9s, junto a estrategias para generar empleo y crecimiento.<\/p>\n\n\n\n<h3 class=\"wp-block-heading\">\u00bfD\u00f3nde ampliar informaci\u00f3n sobre recesi\u00f3n argentina?<\/h3>\n\n\n\n<p>Encontr\u00e1 an\u00e1lisis en <a href=\"https:\/\/www.infobae.com\/economia\/2025\/08\/25\/la-actividad-economica-volvio-a-chocar-contra-un-techo-y-muestra-signos-de-estancamiento\/\">Infobae<\/a>, <a href=\"https:\/\/www.pagina12.com.ar\/848374-la-actividad-esta-clavada\">P\u00e1gina 12<\/a> y <a href=\"https:\/\/enac.org.ar\/contenido\/4208\/cae-el-mercado-interno-y-la-economia-vuelve-a-entrar-en-recesion-en-el-segundo-t\">ENAC<\/a>.<\/p>\n","protected":false},"excerpt":{"rendered":"<p>El economista advierte sobre estancamiento industrial, inflaci\u00f3n y una recesi\u00f3n que no dar\u00e1 alivio. Mir\u00e1 sus claves y opin\u00e1.<\/p>\n","protected":false},"author":4,"featured_media":7889,"comment_status":"open","ping_status":"open","sticky":false,"template":"","format":"standard","meta":{"_monsterinsights_skip_tracking":false,"_monsterinsights_sitenote_active":false,"_monsterinsights_sitenote_note":"","_monsterinsights_sitenote_category":0,"footnotes":"","jetpack_publicize_message":"\u00bfComienza la recesi\u00f3n en Argentina? \u00c1lvarez Agis pone en alerta los sectores sin empleo","jetpack_publicize_feature_enabled":true,"jetpack_social_post_already_shared":false,"jetpack_social_options":{"image_generator_settings":{"template":"highway","default_image_id":0,"font":"","enabled":false},"version":2}},"categories":[3],"tags":[3237,3236,93,282,15,32,29,227,1341,3238],"class_list":["post-7887","post","type-post","status-publish","format-standard","has-post-thumbnail","hentry","category-economia","tag-actividad-economica","tag-alvarez-agis","tag-argentina","tag-dolar","tag-economia","tag-empleo","tag-industria","tag-inflacion","tag-mineria","tag-recesion-argentina"],"jetpack_publicize_connections":[],"_links":{"self":[{"href":"https:\/\/www.enorsai.com\/noticias\/wp-json\/wp\/v2\/posts\/7887","targetHints":{"allow":["GET"]}}],"collection":[{"href":"https:\/\/www.enorsai.com\/noticias\/wp-json\/wp\/v2\/posts"}],"about":[{"href":"https:\/\/www.enorsai.com\/noticias\/wp-json\/wp\/v2\/types\/post"}],"author":[{"embeddable":true,"href":"https:\/\/www.enorsai.com\/noticias\/wp-json\/wp\/v2\/users\/4"}],"replies":[{"embeddable":true,"href":"https:\/\/www.enorsai.com\/noticias\/wp-json\/wp\/v2\/comments?post=7887"}],"version-history":[{"count":1,"href":"https:\/\/www.enorsai.com\/noticias\/wp-json\/wp\/v2\/posts\/7887\/revisions"}],"predecessor-version":[{"id":7892,"href":"https:\/\/www.enorsai.com\/noticias\/wp-json\/wp\/v2\/posts\/7887\/revisions\/7892"}],"wp:featuredmedia":[{"embeddable":true,"href":"https:\/\/www.enorsai.com\/noticias\/wp-json\/wp\/v2\/media\/7889"}],"wp:attachment":[{"href":"https:\/\/www.enorsai.com\/noticias\/wp-json\/wp\/v2\/media?parent=7887"}],"wp:term":[{"taxonomy":"category","embeddable":true,"href":"https:\/\/www.enorsai.com\/noticias\/wp-json\/wp\/v2\/categories?post=7887"},{"taxonomy":"post_tag","embeddable":true,"href":"https:\/\/www.enorsai.com\/noticias\/wp-json\/wp\/v2\/tags?post=7887"}],"curies":[{"name":"wp","href":"https:\/\/api.w.org\/{rel}","templated":true}]}}