{"id":7883,"date":"2025-08-26T08:50:43","date_gmt":"2025-08-26T11:50:43","guid":{"rendered":"https:\/\/www.enorsai.com\/noticias\/?p=7883"},"modified":"2025-08-26T09:05:45","modified_gmt":"2025-08-26T12:05:45","slug":"karina-milei-tiene-debilidad-por-la-recaudacion-la-mujer-clave-detras-del-poder-y-el-dinero-en-la-casa-rosada","status":"publish","type":"post","link":"https:\/\/www.enorsai.com\/noticias\/politica\/karina-milei-tiene-debilidad-por-la-recaudacion-la-mujer-clave-detras-del-poder-y-el-dinero-en-la-casa-rosada\/","title":{"rendered":"\u201cKarina Milei tiene debilidad por la recaudaci\u00f3n\u201d: la mujer clave detr\u00e1s del poder y el dinero en la Casa Rosada"},"content":{"rendered":"\n<p><strong>Victoria De Masi, autora de \u201cKarina: La hermana. El jefe. La soberana\u201d, analiza en Re FM 107.3 el rol de Karina Milei en la gesti\u00f3n presidencial, el actual esc\u00e1ndalo de audios y la estructura financiera informal que sostiene a La Libertad Avanza.<\/strong><\/p>\n\n\n\n<h2 class=\"wp-block-heading\">El coraz\u00f3n financiero del Mileismo: Karina, siempre pendiente de los n\u00fameros<\/h2>\n\n\n\n<p>Seg\u00fan De Masi, Karina Milei \u201csiempre recaud\u00f3 para su hermano\u201d, administrando gastos personales y organizando paralelamente clases, charlas y eventos desde antes que Javier Milei inmortalizara la rifa de su dieta. La gesti\u00f3n de border\u00f3 y el control del dinero del presidente muestran una obsesi\u00f3n por el detalle financiero y por \u201cjuntar para la econom\u00eda dom\u00e9stica\u201d, incluso en campa\u00f1as de bajo costo pero alto despliegue.<br><a href=\"https:\/\/www.youtube.com\/watch?v=uUBio7K9TlM\">Escuch\u00e1 la entrevista en Re FM<\/a>.<\/p>\n\n\n\n<h3 class=\"wp-block-heading\">\u201cKarina es de titanio\u201d: ambici\u00f3n y protecci\u00f3n en el poder<\/h3>\n\n\n\n<ul class=\"wp-block-list\">\n<li>\u201cKarina tiene una fortaleza emocional de la que su hermano carece: es el coraz\u00f3n del gobierno\u201d.<\/li>\n\n\n\n<li>En actos, obras y eventos, ella estaba detr\u00e1s de \u201clos n\u00fameros\u201d y la financiaci\u00f3n, desde el Movistar Arena hasta la \u00faltima folleter\u00eda.<\/li>\n\n\n\n<li>La autora destaca su capacidad de aprendizaje vertiginosa y la gesti\u00f3n \u201cde manual propio\u201d, rompiendo modelos tradicionales.<\/li>\n<\/ul>\n\n\n\n<h2 class=\"wp-block-heading\">Una gesti\u00f3n opaca: campa\u00f1as austeras y financiamiento informal<\/h2>\n\n\n\n<p>La Libertad Avanza report\u00f3 el financiamiento \u201cm\u00e1s austero de todos\u201d a la C\u00e1mara Nacional Electoral pero logr\u00f3 campa\u00f1as y eventos de gran escala. Ante el contraste, De Masi apunta: \u201cEl sistema de financiamiento de campa\u00f1a es muy opaco\u201d, y las cuentas de Karina como secretaria general \u201cson dignas de ser explicadas\u201d<br><a href=\"https:\/\/mi8.com.ar\/sin-karina-no-habria-javier-milei-entrevista-a-victoria-de-masi-autora-del-libro-sobre-la-mujer-mas-poderosa-del-gobierno\/\">Entrevista completa<\/a>.<\/p>\n\n\n\n<h3 class=\"wp-block-heading\">Entidades, protagonistas y la familia en el poder<\/h3>\n\n\n\n<ul class=\"wp-block-list\">\n<li>Javier Milei conf\u00eda ciegamente en Karina: \u201cNunca la dejar\u00eda fuera de la estructura. Prefiere soltar amigos antes que a ella\u201d.<\/li>\n\n\n\n<li>Lule Menem, segundo de Karina, fue clave en el armado nacional, gestionando fondos y alianzas provinciales.<\/li>\n\n\n\n<li>La gesti\u00f3n de cultura, bajo la \u00f3rbita de Karina, no sufri\u00f3 recortes y concentra manejos estrat\u00e9gicos.<\/li>\n<\/ul>\n\n\n\n<h2 class=\"wp-block-heading\">Centro de alianzas y sospechas en el esc\u00e1ndalo de los audios<\/h2>\n\n\n\n<ul class=\"wp-block-list\">\n<li>Karina elige y protege aliados: \u201cUbic\u00f3 en puestos claves a amigos y familiares\u201d.<\/li>\n\n\n\n<li>El v\u00ednculo con los Menem: De Masi se\u00f1ala que \u201csigue protegiendo a los primos Menem pese a los audios expl\u00edcitos\u201d.<\/li>\n\n\n\n<li>La reacci\u00f3n ciudadana: El esc\u00e1ndalo de los audios genera desencanto y desilusi\u00f3n en votantes libertarios.<\/li>\n<\/ul>\n\n\n\n<figure class=\"wp-block-table\"><table class=\"has-fixed-layout\"><tbody><tr><th>Nombre<\/th><th>Cargo<\/th><th>Rol financiero y pol\u00edtico<\/th><\/tr><tr><td>Karina Milei<\/td><td>Secretaria General de la Presidencia<\/td><td>Centro de la recaudaci\u00f3n, manejo de alianzas y gesti\u00f3n interna<\/td><\/tr><tr><td>Javier Milei<\/td><td>Presidente<\/td><td>Depende operacionalmente de Karina; delega decisiones clave<\/td><\/tr><tr><td>Lule Menem<\/td><td>Segundo en Secretar\u00eda General<\/td><td>Armador nacional, operador de conexiones y fondos locales<\/td><\/tr><\/tbody><\/table><\/figure>\n\n\n\n<h2 class=\"wp-block-heading\">Una dupla gobernante, \u00bfin\u00e9dita en la historia argentina?<\/h2>\n\n\n\n<p>De Masi observa: \u201cEst\u00e1n gobernando dos hermanos\u201d. Mientras Javier es la \u201ccara p\u00fablica\u201d, Karina decide en silencio y aplica mecanismos \u201cbrutales\u201d: elimina r\u00e1pido funcionarios no alineados, premia los hiperleales y relega incluso a figuras como Villarruel y sectores ministeriales.<br><a href=\"https:\/\/www.perfil.com\/noticias\/cordoba\/victoria-de-masi-si-karina-milei-habla-se-cae-el-mito-porque-no-hay-mucho-para-escuchar.phtml\">Ver m\u00e1s en Perfil<\/a>.<\/p>\n\n\n\n<h2 class=\"wp-block-heading\">Reflexi\u00f3n final<\/h2>\n\n\n\n<p>El poder de Karina Milei, detr\u00e1s del coraz\u00f3n de la econom\u00eda presidencial y las alianzas pol\u00edticas, configura un fen\u00f3meno nuevo en la pol\u00edtica argentina: la recaudaci\u00f3n convertida en m\u00e9todo y la familia en eje gubernamental. El desencanto social ante el esc\u00e1ndalo de los audios pone en jaque el mito anticorrupci\u00f3n libertario.<br><strong>Dejanos tu comentario debajo o escribinos a <a href=\"mailto:enorsaionline@gmail.com\">enorsaionline@gmail.com<\/a><\/strong><\/p>\n\n\n\n<h2 class=\"wp-block-heading\">Preguntas Frecuentes<\/h2>\n\n\n\n<h3 class=\"wp-block-heading\">\u00bfPor qu\u00e9 se dice que Karina Milei tiene debilidad por la recaudaci\u00f3n?<\/h3>\n\n\n\n<p>Victoria De Masi explica que Karina Milei maneja la econom\u00eda dom\u00e9stica de Javier y gestiona todos los fondos, desde campa\u00f1as hasta eventos. <a href=\"https:\/\/www.youtube.com\/watch?v=uUBio7K9TlM\">Escuch\u00e1 la entrevista<\/a>.<\/p>\n\n\n\n<h3 class=\"wp-block-heading\">\u00bfQu\u00e9 papel cumple Lule Menem en la estructura de Karina?<\/h3>\n\n\n\n<p>Lule Menem es su segundo, clave en la creaci\u00f3n del partido y en gestionar alianzas y fondos provinciales estrat\u00e9gicos.<\/p>\n\n\n\n<h3 class=\"wp-block-heading\">\u00bfKarina Milei controla la cultura y otras \u00e1reas del gobierno?<\/h3>\n\n\n\n<p>S\u00ed, De Masi se\u00f1ala que la cultura est\u00e1 bajo su \u00f3rbita y no sufri\u00f3 recortes presupuestarios, a diferencia de otros ministerios.<\/p>\n\n\n\n<h3 class=\"wp-block-heading\">\u00bfC\u00f3mo afecta el esc\u00e1ndalo de los audios a la imagen de Karina y Javier Milei?<\/h3>\n\n\n\n<p>Crecen el desencanto y la desilusi\u00f3n entre votantes libertarios y se pone en duda el lema anticorrupci\u00f3n de la gesti\u00f3n Milei. <a href=\"https:\/\/www.perfil.com\/noticias\/cordoba\/victoria-de-masi-si-karina-milei-habla-se-cae-el-mito-porque-no-hay-mucho-para-escuchar.phtml\">Ver an\u00e1lisis en Perfil<\/a>.<\/p>\n\n\n\n<h3 class=\"wp-block-heading\">\u00bfPor qu\u00e9 Javier Milei nunca desplazar\u00eda a su hermana del poder?<\/h3>\n\n\n\n<p>De Masi asegura que la confianza y la relaci\u00f3n personal hacen imposible que Javier excluya a Karina de la estructura presidencial, incluso en crisis.<\/p>\n","protected":false},"excerpt":{"rendered":"<p>Victoria De Masi destapa el m\u00e9todo, la estructura y las alianzas de Karina Milei en la Casa Rosada. Mir\u00e1 el an\u00e1lisis y coment\u00e1.<\/p>\n","protected":false},"author":4,"featured_media":7884,"comment_status":"open","ping_status":"open","sticky":false,"template":"","format":"standard","meta":{"_monsterinsights_skip_tracking":false,"_monsterinsights_sitenote_active":false,"_monsterinsights_sitenote_note":"","_monsterinsights_sitenote_category":0,"footnotes":"","jetpack_publicize_message":"\u201cDebilidad por la recaudaci\u00f3n\u201d: el poder silencioso de Karina Milei revelado por De Masi","jetpack_publicize_feature_enabled":true,"jetpack_social_post_already_shared":false,"jetpack_social_options":{"image_generator_settings":{"template":"highway","default_image_id":0,"font":"","enabled":false},"version":2}},"categories":[1956,2],"tags":[3235,3234,895,174,3177,1593,3233],"class_list":["post-7883","post","type-post","status-publish","format-standard","has-post-thumbnail","hentry","category-libra","category-politica","tag-audios-escandalo","tag-financiamiento-campana","tag-gobierno-milei","tag-karina-milei","tag-lule-menem","tag-recaudacion","tag-victoria-de-masi"],"jetpack_publicize_connections":[],"_links":{"self":[{"href":"https:\/\/www.enorsai.com\/noticias\/wp-json\/wp\/v2\/posts\/7883","targetHints":{"allow":["GET"]}}],"collection":[{"href":"https:\/\/www.enorsai.com\/noticias\/wp-json\/wp\/v2\/posts"}],"about":[{"href":"https:\/\/www.enorsai.com\/noticias\/wp-json\/wp\/v2\/types\/post"}],"author":[{"embeddable":true,"href":"https:\/\/www.enorsai.com\/noticias\/wp-json\/wp\/v2\/users\/4"}],"replies":[{"embeddable":true,"href":"https:\/\/www.enorsai.com\/noticias\/wp-json\/wp\/v2\/comments?post=7883"}],"version-history":[{"count":2,"href":"https:\/\/www.enorsai.com\/noticias\/wp-json\/wp\/v2\/posts\/7883\/revisions"}],"predecessor-version":[{"id":7886,"href":"https:\/\/www.enorsai.com\/noticias\/wp-json\/wp\/v2\/posts\/7883\/revisions\/7886"}],"wp:featuredmedia":[{"embeddable":true,"href":"https:\/\/www.enorsai.com\/noticias\/wp-json\/wp\/v2\/media\/7884"}],"wp:attachment":[{"href":"https:\/\/www.enorsai.com\/noticias\/wp-json\/wp\/v2\/media?parent=7883"}],"wp:term":[{"taxonomy":"category","embeddable":true,"href":"https:\/\/www.enorsai.com\/noticias\/wp-json\/wp\/v2\/categories?post=7883"},{"taxonomy":"post_tag","embeddable":true,"href":"https:\/\/www.enorsai.com\/noticias\/wp-json\/wp\/v2\/tags?post=7883"}],"curies":[{"name":"wp","href":"https:\/\/api.w.org\/{rel}","templated":true}]}}