{"id":788,"date":"2025-02-07T07:56:50","date_gmt":"2025-02-07T10:56:50","guid":{"rendered":"https:\/\/www.enorsai.com\/noticias\/?p=788"},"modified":"2025-02-07T07:56:50","modified_gmt":"2025-02-07T10:56:50","slug":"eduardo-valdes-milei-va-por-el-financiamiento-privado-de-la-politica","status":"publish","type":"post","link":"https:\/\/www.enorsai.com\/noticias\/politica\/eduardo-valdes-milei-va-por-el-financiamiento-privado-de-la-politica\/","title":{"rendered":"Eduardo Vald\u00e9s: \u00abMilei va por el financiamiento privado de la pol\u00edtica\u00bb"},"content":{"rendered":"\n<p><strong><em>Eduardo Vald\u00e9s denuncia el avance del gobierno de Javier Milei hacia un modelo pol\u00edtico excluyente, con la anulaci\u00f3n de las PASO y el financiamiento privado como pilares de un retroceso democr\u00e1tico.<br><\/em><\/strong><br>En una entrevista con Andrea Rec\u00fapero en AM530, Somos Radio, el diputado nacional de Uni\u00f3n por la Patria, Eduardo Vald\u00e9s, expuso con crudeza las verdaderas intenciones del gobierno de Javier Milei: desmantelar la participaci\u00f3n ciudadana y consolidar un sistema pol\u00edtico al servicio del poder econ\u00f3mico.<br><br>La democracia argentina enfrenta una de sus m\u00e1s feroces embestidas desde la recuperaci\u00f3n del orden constitucional en 1983. Javier Milei, con su ret\u00f3rica incendiaria y su pol\u00edtica de choque, ha puesto en marcha un plan que busca reducir la participaci\u00f3n ciudadana y transformar el sistema pol\u00edtico en una maquinaria al servicio de intereses privados. As\u00ed lo advirti\u00f3 Eduardo Vald\u00e9s, diputado nacional por Uni\u00f3n por la Patria, en una entrevista con Andrea Rec\u00fapero en AM530, Somos Radio, donde desnud\u00f3 el trasfondo de las reformas pol\u00edticas impulsadas por el oficialismo.<\/p>\n\n\n\n<p><a href=\"https:\/\/radiocut.fm\/audiocut\/eduardo-valdes-milei-va-por-financiamiento-privado-politica\">Audio: Eduardo Vald\u00e9s: \u00abMilei va por el financiamiento privado de la pol\u00edtica\u00bb<\/a><\/p>\n\n\n\n<p>Vald\u00e9s fue categ\u00f3rico: \u201cToda la reforma pol\u00edtica de Javier Milei tiene que ver con menos participaci\u00f3n pol\u00edtica\u201d. Lejos de la promesa de un Estado m\u00e1s eficiente o de una democracia m\u00e1s transparente, las iniciativas del gobierno apuntan a concentrar el poder, debilitando los mecanismos de control ciudadano. La suspensi\u00f3n de las Primarias Abiertas Simult\u00e1neas y Obligatorias (PASO) no es un hecho aislado; es el primer paso hacia su anulaci\u00f3n definitiva, un intento por erosionar el derecho de los argentinos a elegir sus candidatos de manera directa y plural.<br><br>\u201cSuspender las PASO es una mentira, el a\u00f1o que viene van a ir por la anulaci\u00f3n\u201d, advirti\u00f3 Vald\u00e9s, se\u00f1alando la peligrosa deriva autoritaria del gobierno de Milei. Esta ofensiva contra la participaci\u00f3n pol\u00edtica se complementa con otro proyecto regresivo: el financiamiento privado de la pol\u00edtica. Aunque el gobierno tuvo que retirar esta iniciativa por falta de apoyo parlamentario, Vald\u00e9s alert\u00f3 que \u201cMilei va por el financiamiento privado de la pol\u00edtica\u201d, una medida que, de concretarse, consolidar\u00eda la influencia de los grandes capitales sobre las decisiones p\u00fablicas, marginando a quienes no cuentan con el respaldo de los grupos econ\u00f3micos concentrados.<br><br>La cr\u00edtica de Vald\u00e9s tambi\u00e9n alcanz\u00f3 a ciertos sectores del peronismo, especialmente a los gobernadores que, seg\u00fan el diputado, prefieren el \u201cstatus quo\u201d antes que el fortalecimiento del proceso democr\u00e1tico. \u201cA los peronistas que gobiernan las provincias les gusta m\u00e1s el status quo que el proceso democr\u00e1tico\u201d, afirm\u00f3, evidenciando las tensiones internas en Uni\u00f3n por la Patria y la necesidad de consolidar la unidad del bloque. \u201cSomos muy importantes los 98 diputados juntos del bloque, voy a trabajar para restaurar\u201d, destac\u00f3, subrayando el papel crucial de la oposici\u00f3n en este contexto cr\u00edtico.<br><br>La reciente marcha del s\u00e1bado, seg\u00fan Vald\u00e9s, fue una muestra de la resistencia popular contra el avance del gobierno. \u201cEn la calle yo veo mucha esperanza, la marcha del s\u00e1bado fue de todos\u201d, afirm\u00f3, resaltando la presencia de diversos colectivos sociales agredidos por las pol\u00edticas de Milei. Esta movilizaci\u00f3n evidencia que, pese a los intentos de desmovilizaci\u00f3n, existe un tejido social dispuesto a defender los derechos conquistados.<br><br>Vald\u00e9s no escatim\u00f3 cr\u00edticas hacia quienes, dentro de su propio espacio, han mostrado tibieza frente al avance del oficialismo. \u201cMe hubiera gustado que no suceda la abstenci\u00f3n de 28 compa\u00f1eros\u201d, se lament\u00f3, en referencia a la falta de compromiso de algunos legisladores en momentos clave. Sin embargo, asegur\u00f3 que \u201cno creo que est\u00e9 en riesgo la unidad del bloque de UxP, pero siempre hay alguno que quiere meter la mano\u201d, dejando en claro que la lucha por la democracia tambi\u00e9n se libra puertas adentro del Congreso.<br><\/p>\n\n\n\n\n\n<p><\/p>\n","protected":false},"excerpt":{"rendered":"<p>Eduardo Vald\u00e9s denuncia el plan de Javier Milei para desmantelar la democracia argentina: suspensi\u00f3n de las PASO, financiamiento privado de la pol\u00edtica y menor participaci\u00f3n ciudadana. Un retroceso hist\u00f3rico que amenaza con consolidar el poder en manos del capital.<\/p>\n","protected":false},"author":1,"featured_media":793,"comment_status":"open","ping_status":"open","sticky":false,"template":"","format":"standard","meta":{"_monsterinsights_skip_tracking":false,"_monsterinsights_sitenote_active":false,"_monsterinsights_sitenote_note":"","_monsterinsights_sitenote_category":0,"footnotes":"","jetpack_publicize_message":"","jetpack_publicize_feature_enabled":true,"jetpack_social_post_already_shared":true,"jetpack_social_options":{"image_generator_settings":{"template":"highway","default_image_id":0,"font":"","enabled":false},"version":2}},"categories":[2],"tags":[257,209,45,72,279],"class_list":["post-788","post","type-post","status-publish","format-standard","has-post-thumbnail","hentry","category-politica","tag-congreso","tag-democracia","tag-milei","tag-politica","tag-valdes"],"jetpack_publicize_connections":[],"_links":{"self":[{"href":"https:\/\/www.enorsai.com\/noticias\/wp-json\/wp\/v2\/posts\/788","targetHints":{"allow":["GET"]}}],"collection":[{"href":"https:\/\/www.enorsai.com\/noticias\/wp-json\/wp\/v2\/posts"}],"about":[{"href":"https:\/\/www.enorsai.com\/noticias\/wp-json\/wp\/v2\/types\/post"}],"author":[{"embeddable":true,"href":"https:\/\/www.enorsai.com\/noticias\/wp-json\/wp\/v2\/users\/1"}],"replies":[{"embeddable":true,"href":"https:\/\/www.enorsai.com\/noticias\/wp-json\/wp\/v2\/comments?post=788"}],"version-history":[{"count":2,"href":"https:\/\/www.enorsai.com\/noticias\/wp-json\/wp\/v2\/posts\/788\/revisions"}],"predecessor-version":[{"id":794,"href":"https:\/\/www.enorsai.com\/noticias\/wp-json\/wp\/v2\/posts\/788\/revisions\/794"}],"wp:featuredmedia":[{"embeddable":true,"href":"https:\/\/www.enorsai.com\/noticias\/wp-json\/wp\/v2\/media\/793"}],"wp:attachment":[{"href":"https:\/\/www.enorsai.com\/noticias\/wp-json\/wp\/v2\/media?parent=788"}],"wp:term":[{"taxonomy":"category","embeddable":true,"href":"https:\/\/www.enorsai.com\/noticias\/wp-json\/wp\/v2\/categories?post=788"},{"taxonomy":"post_tag","embeddable":true,"href":"https:\/\/www.enorsai.com\/noticias\/wp-json\/wp\/v2\/tags?post=788"}],"curies":[{"name":"wp","href":"https:\/\/api.w.org\/{rel}","templated":true}]}}