{"id":7853,"date":"2025-08-25T15:30:33","date_gmt":"2025-08-25T18:30:33","guid":{"rendered":"https:\/\/www.enorsai.com\/noticias\/?p=7853"},"modified":"2025-08-25T16:15:47","modified_gmt":"2025-08-25T19:15:47","slug":"asi-lo-esperan-a-milei-en-la-ciudad-de-junin","status":"publish","type":"post","link":"https:\/\/www.enorsai.com\/noticias\/politica\/asi-lo-esperan-a-milei-en-la-ciudad-de-junin\/","title":{"rendered":"As\u00ed lo esperan a Milei en la ciudad de Jun\u00edn"},"content":{"rendered":"\n<p><em><strong>La llegada de Javier Milei a Jun\u00edn expone la herida abierta de una ciudad fracturada por la paralizaci\u00f3n de la obra p\u00fablica. Un paso bajo nivel abandonado desde diciembre de 2023 dej\u00f3 a la localidad partida en dos, afect\u00f3 la vida cotidiana de miles de personas y conden\u00f3 a la ruina a decenas de comerciantes. Mientras tanto, el Presidente elige el silencio o la evasi\u00f3n, refugi\u00e1ndose en actos partidarios mientras las calles hablan por s\u00ed solas.<\/strong><\/em><\/p>\n\n\n\n<p>Jun\u00edn, al igual que tantas ciudades del interior, es hoy la prueba palpable de lo que significa gobernar con la motosierra en mano. Lo que en junio de 2023 se present\u00f3 como una obra estrat\u00e9gica para la conectividad urbana y el desarrollo comercial se convirti\u00f3, en apenas unos meses, en un s\u00edmbolo de abandono. El paso bajo nivel sobre la avenida Rivadavia, arteria vital de la ciudad, se detuvo con apenas un 15% de avance y jam\u00e1s volvi\u00f3 a retomarse. Desde entonces, la localidad vive con una divisi\u00f3n absurda que obliga a los vecinos a recorrer largas cuadras para cruzar de un lado al otro, soportando embotellamientos en horas pico y p\u00e9rdidas econ\u00f3micas incalculables.<\/p>\n\n\n\n<p>No se trata solo de una cuesti\u00f3n de tr\u00e1nsito. La vida diaria qued\u00f3 trastocada hasta lo rid\u00edculo: los bomberos quedaron de un lado, la Polic\u00eda del otro; el hospital de un lado y las cl\u00ednicas en el opuesto. Para cualquier emergencia, esos metros de distancia se transforman en una pesadilla que puede costar caro. Y en el medio, los comercios de la zona, golpeados hasta la asfixia. \u201cAc\u00e1 en la zona ya cerraron 14 locales y uno de esos comercios fue m\u00edo y tengo otro tambaleando, producto de la par\u00e1lisis de la obra que deriv\u00f3 en la falta de movimiento de gente\u201d, relat\u00f3 un vecino que decidi\u00f3 ponerle voz a lo que muchos sienten. El lamento no es solo econ\u00f3mico: es tambi\u00e9n la sensaci\u00f3n de haber sido arrojados al olvido por un gobierno que prometi\u00f3 dinamitar el statu quo pero que en los hechos lo que hizo fue dinamitar comunidades enteras.<\/p>\n\n\n\n<p>La indignaci\u00f3n qued\u00f3 plasmada en los pasacalles que recibieron a Milei en su visita de campa\u00f1a. Vecinos y comerciantes se organizaron para que su reclamo no pudiera ser invisibilizado. En paralelo, convocaron a una marcha en la plaza 25 de Mayo, reclamando lo que deber\u00eda ser obvio: la reanudaci\u00f3n inmediata de la obra que mantiene secuestrada a toda la ciudad. El contraste entre el acto partidario en el Teatro San Carlos, con capacidad para apenas 2000 personas, y la multitud en las calles gritando por su derecho a vivir dignamente, es la postal m\u00e1s n\u00edtida del divorcio entre un gobierno que solo piensa en votos y un pueblo que exige soluciones.<\/p>\n\n\n\n<p>Desde el Partido Justicialista local, el repudio fue tajante: \u201cJun\u00edn fue abandonada por su gobierno y hoy seguimos padeciendo las consecuencias. El paso bajo nivel de calle Rivadavia, una obra fundamental para el desarrollo urbano y para la vida cotidiana de vecinos y comerciantes, permanece inconcluso, generando p\u00e9rdidas econ\u00f3micas incalculables y una enorme dificultad en la circulaci\u00f3n\u201d. El comunicado tambi\u00e9n apunt\u00f3 contra el desfinanciamiento universitario, que golpea a la Universidad Nacional del Noroeste Bonaerense, con sede central en la ciudad. Otra muestra del desprecio de la administraci\u00f3n Milei por la educaci\u00f3n p\u00fablica y la integraci\u00f3n territorial.<\/p>\n\n\n\n<p>Pero la responsabilidad no recae \u00fanicamente en la Casa Rosada. El intendente Pablo Petracca, alineado con Jorge Macri y en funciones desde 2015, aparece como un actor silencioso en esta trama. Aunque supo distanciarse de la alianza entre el PRO y La Libertad Avanza, los vecinos denuncian que jam\u00e1s se anim\u00f3 a plantarse frente al gobierno nacional. Tal es la desidia que fueron los propios comerciantes quienes, cansados de esperar, presentaron un recurso de amparo para exigir definiciones. La Justicia lleg\u00f3 a ordenar a ADIFSE que resolviera en 30 d\u00edas si continuaba con el proyecto o reabr\u00eda el paso, pero la decisi\u00f3n fue apelada y qued\u00f3 ahora en manos de la C\u00e1mara Federal. La pol\u00edtica, una vez m\u00e1s, pateando la pelota para adelante mientras la ciudad se hunde en el pantano de la par\u00e1lisis.<\/p>\n\n\n\n<p>La postal de Jun\u00edn es, en realidad, la radiograf\u00eda de lo que ocurre a lo largo y ancho del pa\u00eds. Miles de obras frenadas por decisi\u00f3n del Gobierno nacional, miles de comunidades que vieron c\u00f3mo la promesa del progreso se convert\u00eda en escombros. Y en el medio, un presidente que no admite errores, que se victimiza ante cada cr\u00edtica y que prefiere responsabilizar al Congreso o a supuestas conspiraciones antes que reconocer la brutalidad de sus pol\u00edticas de ajuste. El caso del paso bajo nivel en Jun\u00edn es apenas uno de los tantos cap\u00edtulos de una novela de abandono que se escribe a diario en cada rinc\u00f3n de la Argentina.<\/p>\n\n\n\n<p>Lo m\u00e1s perverso es que mientras Milei se pasea por los escenarios con discursos incendiarios contra la \u201ccasta\u201d, en ciudades como Jun\u00edn la casta del poder se muestra intacta: funcionarios que se desentienden de sus responsabilidades, un intendente que mira para otro lado y un gobierno nacional que castiga a las provincias y municipios con la excusa de la austeridad fiscal. La austeridad, claro, nunca se aplica a los privilegios de la \u00e9lite que lo rodea, pero s\u00ed se descarga con sa\u00f1a sobre comerciantes, trabajadores y estudiantes.<\/p>\n\n\n\n<p>Jun\u00edn vot\u00f3 mayoritariamente a Milei en el balotaje de 2023. Hoy, esa misma ciudad lo recibe con pasacalles que son, en realidad, gritos de desesperaci\u00f3n. Una comunidad partida en dos, literal y simb\u00f3licamente, que ya no cree en las promesas y que entiende que la motosierra del Presidente no corta privilegios sino vidas. El abandono de la obra p\u00fablica es, quiz\u00e1s, la met\u00e1fora m\u00e1s clara de un proyecto de gobierno que se alimenta del despojo y que considera prescindibles a los que, con esfuerzo, sostienen la vida cotidiana del pa\u00eds real.<\/p>\n\n\n\n<p>La pregunta es cu\u00e1nto m\u00e1s se puede resistir. Cu\u00e1nto tiempo m\u00e1s puede una ciudad soportar la incertidumbre, el ahogo econ\u00f3mico y el desgarramiento de su tejido social sin respuestas concretas. Milei llega a Jun\u00edn para pedir votos, pero lo que la ciudad le pide a \u00e9l es algo mucho m\u00e1s elemental: que cumpla con lo b\u00e1sico, que garantice condiciones m\u00ednimas para que las personas puedan vivir y trabajar. Si ni siquiera eso est\u00e1 dispuesto a conceder, entonces no se trata solo de un gobierno de ajuste, sino de un experimento cruel que convierte a los ciudadanos en rehenes de la indiferencia estatal.<\/p>\n\n\n\n<p>Fuente:<\/p>\n\n\n\n<ul class=\"wp-block-list\">\n<li><a href=\"https:\/\/www.pagina12.com.ar\/852248-javier-milei-viaja-a-junin-y-los-vecinos-lo-esperan-con-un-p\">https:\/\/www.pagina12.com.ar\/852248-javier-milei-viaja-a-junin-y-los-vecinos-lo-esperan-con-un-p<\/a><\/li>\n<\/ul>\n","protected":false},"excerpt":{"rendered":"<p>La visita de Javier Milei a Jun\u00edn dej\u00f3 en evidencia el drama de una ciudad partida en dos por la paralizaci\u00f3n de un paso bajo nivel. Comercios cerrados, caos de tr\u00e1nsito y reclamos vecinales muestran el costo real de la motosierra libertaria que convirti\u00f3 el abandono de la obra p\u00fablica en pol\u00edtica de Estado.<\/p>\n","protected":false},"author":13,"featured_media":7854,"comment_status":"open","ping_status":"open","sticky":false,"template":"","format":"standard","meta":{"_monsterinsights_skip_tracking":false,"_monsterinsights_sitenote_active":false,"_monsterinsights_sitenote_note":"","_monsterinsights_sitenote_category":0,"footnotes":"","jetpack_publicize_message":"","jetpack_publicize_feature_enabled":true,"jetpack_social_post_already_shared":true,"jetpack_social_options":{"image_generator_settings":{"template":"highway","default_image_id":0,"font":"","enabled":false},"version":2}},"categories":[2],"tags":[712,58,3228,75,43,3230,45,3227,3229,1831],"class_list":["post-7853","post","type-post","status-publish","format-standard","has-post-thumbnail","hentry","category-politica","tag-abandono","tag-ajuste","tag-comerciantes","tag-corrupcion","tag-crisis","tag-junin","tag-milei","tag-obra","tag-transito","tag-vecinos"],"jetpack_publicize_connections":[],"_links":{"self":[{"href":"https:\/\/www.enorsai.com\/noticias\/wp-json\/wp\/v2\/posts\/7853","targetHints":{"allow":["GET"]}}],"collection":[{"href":"https:\/\/www.enorsai.com\/noticias\/wp-json\/wp\/v2\/posts"}],"about":[{"href":"https:\/\/www.enorsai.com\/noticias\/wp-json\/wp\/v2\/types\/post"}],"author":[{"embeddable":true,"href":"https:\/\/www.enorsai.com\/noticias\/wp-json\/wp\/v2\/users\/13"}],"replies":[{"embeddable":true,"href":"https:\/\/www.enorsai.com\/noticias\/wp-json\/wp\/v2\/comments?post=7853"}],"version-history":[{"count":1,"href":"https:\/\/www.enorsai.com\/noticias\/wp-json\/wp\/v2\/posts\/7853\/revisions"}],"predecessor-version":[{"id":7855,"href":"https:\/\/www.enorsai.com\/noticias\/wp-json\/wp\/v2\/posts\/7853\/revisions\/7855"}],"wp:featuredmedia":[{"embeddable":true,"href":"https:\/\/www.enorsai.com\/noticias\/wp-json\/wp\/v2\/media\/7854"}],"wp:attachment":[{"href":"https:\/\/www.enorsai.com\/noticias\/wp-json\/wp\/v2\/media?parent=7853"}],"wp:term":[{"taxonomy":"category","embeddable":true,"href":"https:\/\/www.enorsai.com\/noticias\/wp-json\/wp\/v2\/categories?post=7853"},{"taxonomy":"post_tag","embeddable":true,"href":"https:\/\/www.enorsai.com\/noticias\/wp-json\/wp\/v2\/tags?post=7853"}],"curies":[{"name":"wp","href":"https:\/\/api.w.org\/{rel}","templated":true}]}}