{"id":7849,"date":"2025-08-25T11:32:42","date_gmt":"2025-08-25T14:32:42","guid":{"rendered":"https:\/\/www.enorsai.com\/noticias\/?p=7849"},"modified":"2025-08-25T15:09:37","modified_gmt":"2025-08-25T18:09:37","slug":"pongo-las-manos-en-el-fuego-martin-menem-y-el-blindaje-politico-en-medio-de-la-crisis","status":"publish","type":"post","link":"https:\/\/www.enorsai.com\/noticias\/politica\/pongo-las-manos-en-el-fuego-martin-menem-y-el-blindaje-politico-en-medio-de-la-crisis\/","title":{"rendered":"\u201cPongo las manos en el fuego\u201d: Mart\u00edn Menem y el blindaje pol\u00edtico en medio de la crisis"},"content":{"rendered":"\n<p>En medio del esc\u00e1ndalo por los audios que involucran a la Agencia Nacional de Discapacidad, el presidente de la C\u00e1mara de Diputados no dud\u00f3 en blindar pol\u00edticamente a Karina Milei y a Eduardo \u201cLule\u201d Menem, calificando todo como una operaci\u00f3n electoral. La estrategia del oficialismo se centra en negar, victimizarse y culpar a la \u201cvieja pol\u00edtica\u201d.<\/p>\n\n\n\n<p>Mart\u00edn Menem apareci\u00f3 en los medios para enfrentar uno de los esc\u00e1ndalos m\u00e1s inc\u00f3modos del gobierno libertario: los audios atribuidos a Diego Spagnuolo, ex titular de la Agencia Nacional de Discapacidad, que lo mencionan a \u00e9l, a su primo Lule y a Karina Milei en un presunto circuito de coimas. Lejos de un gesto de prudencia, el presidente de la C\u00e1mara de Diputados eligi\u00f3 una defensa enf\u00e1tica: repiti\u00f3 siete veces la frase \u201cpongo las manos en el fuego\u201d para desestimar las acusaciones. La apuesta del oficialismo es clara: convertir una sospecha de corrupci\u00f3n en un relato de conspiraci\u00f3n pol\u00edtica.<\/p>\n\n\n\n<p>El esc\u00e1ndalo de los audios explot\u00f3 como una bomba en la escena pol\u00edtica a tan solo dos semanas de las elecciones, y el oficialismo reaccion\u00f3 con una rapidez calculada. Las grabaciones atribuidas a Diego Spagnuolo, recientemente desplazado de la Agencia Nacional de Discapacidad, abrieron la puerta a sospechas sobre un supuesto circuito de retornos ilegales vinculados a la compra de medicamentos. En esas grabaciones se mencionan directamente a Eduardo \u201cLule\u201d Menem, asesor cercano a Karina Milei, y a la propia secretaria general de la Presidencia. La situaci\u00f3n golpea en el coraz\u00f3n mismo del poder, y es ah\u00ed donde Mart\u00edn Menem decidi\u00f3 plantar batalla.<\/p>\n\n\n\n<p>Lejos de mostrarse cauto, el presidente de la C\u00e1mara baja eligi\u00f3 un tono desafiante. Una y otra vez repiti\u00f3 la misma f\u00f3rmula: \u201cpongo las manos en el fuego por Karina y por Lule\u201d. La insistencia revela tanto la necesidad de blindaje pol\u00edtico como la fragilidad del terreno en el que se mueven. Porque lo que est\u00e1 en discusi\u00f3n no es solo la autenticidad de un audio \u2014que el propio Menem reconoce no poder asegurar\u2014, sino el contenido de fondo: la sospecha de que el gobierno libertario, autoproclamado palad\u00edn contra la corrupci\u00f3n, podr\u00eda estar involucrado en pr\u00e1cticas que promet\u00eda erradicar.<\/p>\n\n\n\n<p>Menem no dud\u00f3 en calificar la denuncia como una \u201cmonumental operaci\u00f3n pol\u00edtica\u201d destinada a ensuciar la gesti\u00f3n de Javier Milei. Seg\u00fan \u00e9l, la maniobra no es casual: ocurre justo cuando el oficialismo busca consolidar poder en las urnas y cuando \u201cla vieja pol\u00edtica\u201d se siente amenazada. Esta narrativa, que mezcla victimizaci\u00f3n con \u00e9pica refundacional, es el guion con el que La Libertad Avanza busca amortiguar cada golpe. Sin embargo, la reiteraci\u00f3n del discurso conspirativo no logra despejar la sospecha central: \u00bfpor qu\u00e9 un funcionario de m\u00e1xima cercan\u00eda al presidente fue separado de su cargo en medio de semejante denuncia?<\/p>\n\n\n\n<p>El intento de diferenciarse del kirchnerismo apareci\u00f3 como un recurso recurrente. Mart\u00edn Menem insisti\u00f3 en que, a diferencia de lo que hubiera hecho la oposici\u00f3n, el oficialismo no cuestiona a la Justicia y ya desplaz\u00f3 a Spagnuolo. Sin embargo, la jugada se parece m\u00e1s a un movimiento defensivo para ganar tiempo que a una muestra de transparencia. Separar a un funcionario no resuelve el esc\u00e1ndalo de fondo: las grabaciones existen, fueron difundidas y mencionan nombres concretos que el oficialismo no puede borrar con declaraciones de fe.<\/p>\n\n\n\n<p>En su intervenci\u00f3n, Menem fue m\u00e1s all\u00e1 de la coyuntura. Coloc\u00f3 el episodio dentro de un marco de confrontaci\u00f3n hist\u00f3rica: la batalla contra los feudos, los privilegios y la \u201ccorporaci\u00f3n pol\u00edtica\u201d. Con frases grandilocuentes asegur\u00f3 que lo que est\u00e1 en juego es \u201cjubilar a la vieja pol\u00edtica\u201d y \u201ccambiar la Argentina para siempre\u201d. La ret\u00f3rica del enemigo interno cumple una doble funci\u00f3n: justificar las tensiones internas dentro de La Libertad Avanza \u2014que no son pocas\u2014 y convertir cada denuncia en parte de una guerra cultural contra un sistema que, seg\u00fan ellos, se resiste a morir.<\/p>\n\n\n\n<p>No falt\u00f3 la apelaci\u00f3n al apellido. \u201cTienen un embarazo psicol\u00f3gico con los Menem\u201d, dispar\u00f3 Mart\u00edn, recordando con nostalgia los a\u00f1os noventa como la \u201c\u00fanica etapa en que la Argentina fue un pa\u00eds normal\u201d. La reivindicaci\u00f3n expl\u00edcita de aquella d\u00e9cada, marcada por pol\u00edticas de ajuste y privatizaciones, suena como un eco inc\u00f3modo para una sociedad que a\u00fan paga las consecuencias de esas decisiones. La defensa cerrada a su primo Lule y a Karina Milei se entremezcla as\u00ed con un intento de resignificar el peso del apellido Menem, ubic\u00e1ndolo como bandera de una supuesta estabilidad perdida.<\/p>\n\n\n\n<p>El gobierno intent\u00f3 mostrar cohesi\u00f3n: antes de que Menem saliera al aire, figuras clave como Karina Milei, Federico Sturzenegger y Luis Caputo amplificaron su mensaje en redes sociales. La estrategia es clara: cerrar filas y proyectar unidad frente a un esc\u00e1ndalo que, de no ser contenido, puede erosionar la narrativa de \u201ctransparencia\u201d con la que Milei intenta sostenerse ante la opini\u00f3n p\u00fablica. Incluso el propio presidente reposte\u00f3 publicaciones de Menem, un gesto de respaldo que muestra la magnitud de la preocupaci\u00f3n en la cima del poder.<\/p>\n\n\n\n<p>Sin embargo, la sombra de Spagnuolo no se desvanece con facilidad. El exfuncionario, que seg\u00fan Menem visit\u00f3 la Quinta de Olivos en numerosas ocasiones y hasta ofici\u00f3 como abogado de Milei, queda en el centro de la tormenta. Los audios lo muestran describiendo un esquema que, de confirmarse, desnudar\u00eda una contradicci\u00f3n brutal: el mismo gobierno que prometi\u00f3 dinamitar la casta estar\u00eda replicando sus pr\u00e1cticas m\u00e1s oscuras. Que la Justicia deba investigar es un hecho indiscutible, pero el intento del oficialismo de encuadrar todo como una \u201cburda operaci\u00f3n\u201d no alcanza para despejar el olor a p\u00f3lvora que dejan las grabaciones.<\/p>\n\n\n\n<p>El episodio expuso tambi\u00e9n las tensiones dentro del propio espacio libertario. Lilia Lemoine hab\u00eda deslizado la posibilidad de que la operaci\u00f3n proviniera desde adentro, apuntando a Marcela Pagano. Aunque Menem descart\u00f3 esa hip\u00f3tesis, reconoci\u00f3 que las tensiones existen, fruto de los cierres de listas y de la puja por cargos. Admitir las fricciones internas es un gesto de realismo, pero tambi\u00e9n un s\u00edntoma de que el frente libertario no es tan compacto como pretende mostrar.<\/p>\n\n\n\n<p>En su af\u00e1n por instalar la idea de una ofensiva generalizada contra los Menem, Mart\u00edn hasta vincul\u00f3 otras acusaciones recientes, como la supuesta responsabilidad de una empresa de seguridad ligada a su hermano en un violento partido de f\u00fatbol. Para \u00e9l, todo forma parte de la misma campa\u00f1a sucia. Esa actitud de meter todas las cr\u00edticas en un mismo saco puede servir para reforzar la narrativa de persecuci\u00f3n, pero tambi\u00e9n deja la sensaci\u00f3n de que el oficialismo carece de respuestas concretas frente a los hechos puntuales que lo comprometen.<\/p>\n\n\n\n<p>La frase que repiti\u00f3 hasta el cansancio \u2014\u201cpongo las manos en el fuego\u201d\u2014 no despeja dudas. M\u00e1s bien, las intensifica. Porque en un contexto de sospechas, lo que la ciudadan\u00eda demanda no son gestos de lealtad personal, sino pruebas, transparencia y una investigaci\u00f3n judicial sin condicionamientos. La defensa apasionada de Mart\u00edn Menem puede calmar moment\u00e1neamente la ansiedad del c\u00edrculo libertario, pero dif\u00edcilmente logre convencer a quienes ven en este esc\u00e1ndalo la primera gran grieta en el relato de pureza que vend\u00eda el gobierno de Milei.<\/p>\n\n\n\n<p>En definitiva, lo que se juega en este caso no es solo la suerte de un funcionario desplazado o el prestigio de un apellido. Se juega la credibilidad de un gobierno que lleg\u00f3 al poder prometiendo limpiar la pol\u00edtica y que, apenas dos a\u00f1os despu\u00e9s, aparece rodeado por el mismo barro que dec\u00eda combatir. La pregunta que queda flotando es brutal: \u00bfqu\u00e9 quema m\u00e1s, los audios que salieron a la luz o el fuego en el que Mart\u00edn Menem insiste en meter las manos?<\/p>\n\n\n\n<p><strong>Fuente:<\/strong><br><a href=\"https:\/\/www.infobae.com\/politica\/2025\/08\/25\/martin-menem-hablo-del-escandalo-de-los-audios-pongo-las-manos-en-el-fuego-por-lule-y-por-karina-milei\/\">https:\/\/www.infobae.com\/politica\/2025\/08\/25\/martin-menem-hablo-del-escandalo-de-los-audios-pongo-las-manos-en-el-fuego-por-lule-y-por-karina-milei\/<\/a><br><a href=\"https:\/\/www.lanacion.com.ar\/politica\/martin-menem-denuncio-una-operacion-politica-tras-el-escandalo-pongo-las-manos-en-el-fuego-por-nid25082025\/\">https:\/\/www.lanacion.com.ar\/politica\/martin-menem-denuncio-una-operacion-politica-tras-el-escandalo-pongo-las-manos-en-el-fuego-por-nid25082025\/<\/a><\/p>\n","protected":false},"excerpt":{"rendered":"<p>Mart\u00edn Menem sali\u00f3 en defensa de Karina Milei y su primo Lule tras los audios que los vinculan a un presunto circuito de coimas en la Agencia de Discapacidad. Con la frase \u201cpongo las manos en el fuego\u201d como escudo, denunci\u00f3 una operaci\u00f3n pol\u00edtica y culp\u00f3 a la \u201cvieja pol\u00edtica\u201d.<\/p>\n","protected":false},"author":11,"featured_media":7850,"comment_status":"open","ping_status":"open","sticky":false,"template":"","format":"standard","meta":{"_monsterinsights_skip_tracking":false,"_monsterinsights_sitenote_active":false,"_monsterinsights_sitenote_note":"","_monsterinsights_sitenote_category":0,"footnotes":"","jetpack_publicize_message":"","jetpack_publicize_feature_enabled":true,"jetpack_social_post_already_shared":true,"jetpack_social_options":{"image_generator_settings":{"template":"highway","default_image_id":0,"font":"","enabled":false},"version":2}},"categories":[2],"tags":[3225,625,75,900,27,106,174,3177,3199,3226],"class_list":["post-7849","post","type-post","status-publish","format-standard","has-post-thumbnail","hentry","category-politica","tag-audios","tag-coimas","tag-corrupcion","tag-discapacidad","tag-gobierno","tag-javier-milei","tag-karina-milei","tag-lule-menem","tag-martin-menem","tag-operacion-politica"],"jetpack_publicize_connections":[],"_links":{"self":[{"href":"https:\/\/www.enorsai.com\/noticias\/wp-json\/wp\/v2\/posts\/7849","targetHints":{"allow":["GET"]}}],"collection":[{"href":"https:\/\/www.enorsai.com\/noticias\/wp-json\/wp\/v2\/posts"}],"about":[{"href":"https:\/\/www.enorsai.com\/noticias\/wp-json\/wp\/v2\/types\/post"}],"author":[{"embeddable":true,"href":"https:\/\/www.enorsai.com\/noticias\/wp-json\/wp\/v2\/users\/11"}],"replies":[{"embeddable":true,"href":"https:\/\/www.enorsai.com\/noticias\/wp-json\/wp\/v2\/comments?post=7849"}],"version-history":[{"count":1,"href":"https:\/\/www.enorsai.com\/noticias\/wp-json\/wp\/v2\/posts\/7849\/revisions"}],"predecessor-version":[{"id":7852,"href":"https:\/\/www.enorsai.com\/noticias\/wp-json\/wp\/v2\/posts\/7849\/revisions\/7852"}],"wp:featuredmedia":[{"embeddable":true,"href":"https:\/\/www.enorsai.com\/noticias\/wp-json\/wp\/v2\/media\/7850"}],"wp:attachment":[{"href":"https:\/\/www.enorsai.com\/noticias\/wp-json\/wp\/v2\/media?parent=7849"}],"wp:term":[{"taxonomy":"category","embeddable":true,"href":"https:\/\/www.enorsai.com\/noticias\/wp-json\/wp\/v2\/categories?post=7849"},{"taxonomy":"post_tag","embeddable":true,"href":"https:\/\/www.enorsai.com\/noticias\/wp-json\/wp\/v2\/tags?post=7849"}],"curies":[{"name":"wp","href":"https:\/\/api.w.org\/{rel}","templated":true}]}}