{"id":7831,"date":"2025-08-25T07:17:39","date_gmt":"2025-08-25T10:17:39","guid":{"rendered":"https:\/\/www.enorsai.com\/noticias\/?p=7831"},"modified":"2025-08-25T07:17:46","modified_gmt":"2025-08-25T10:17:46","slug":"quiso-matarla-y-ahora-pide-disculpas-la-insolita-declaracion-de-nicolas-carrizo-tras-su-excarcelacion","status":"publish","type":"post","link":"https:\/\/www.enorsai.com\/noticias\/politica\/quiso-matarla-y-ahora-pide-disculpas-la-insolita-declaracion-de-nicolas-carrizo-tras-su-excarcelacion\/","title":{"rendered":"Quiso matarla y ahora pide disculpas: la ins\u00f3lita declaraci\u00f3n de Nicol\u00e1s Carrizo tras su excarcelaci\u00f3n"},"content":{"rendered":"\n<p><strong><em>El l\u00edder de \u201cLos Copitos\u201d, involucrado en la causa por el intento de magnicidio contra Cristina Kirchner, reapareci\u00f3 en los medios con un pedido de disculpas dirigido a la expresidenta. Su versi\u00f3n de los hechos oscila entre la minimizaci\u00f3n, la victimizaci\u00f3n y un relato que expone m\u00e1s sombras que certezas.<\/em><\/strong><\/p>\n\n\n\n<p>Nicol\u00e1s Carrizo, jefe de la llamada \u201cbanda de los copitos\u201d, volvi\u00f3 a escena con un gesto tan inesperado como perturbador: le pidi\u00f3 \u201csinceras disculpas\u201d a Cristina Fern\u00e1ndez de Kirchner, la v\u00edctima del atentado que casi le cuesta la vida en septiembre de 2022. Lo hizo apenas d\u00edas despu\u00e9s de ser excarcelado, en medio de un proceso judicial que lo tuvo como imputado y lo sigue se\u00f1alando como una figura inc\u00f3moda dentro de la trama de un hecho que marc\u00f3 un antes y un despu\u00e9s en la pol\u00edtica argentina contempor\u00e1nea. Sus palabras no solo revelan contradicciones, sino que dejan al desnudo un clima de banalizaci\u00f3n de la violencia pol\u00edtica que crece al calor de un gobierno que fomenta la intolerancia y el desprecio hacia el adversario.<\/p>\n\n\n\n<p>Carrizo afirm\u00f3 que desconoc\u00eda los planes de Fernando Sabag Montiel y Brenda Uliarte, quienes s\u00ed enfrentan pedidos de condena alt\u00edsimos: 19 a\u00f1os para \u00e9l, unificados con causas previas, y 14 para ella, acusada de haber instigado y participado en la organizaci\u00f3n del atentado. Frente a este escenario, el l\u00edder de Los Copitos intenta ahora despegarse del n\u00facleo m\u00e1s duro de la acusaci\u00f3n, refugi\u00e1ndose en una narrativa que suena m\u00e1s a estrategia defensiva que a sincera reflexi\u00f3n. Seg\u00fan \u00e9l, todo fue \u201cun show con amigos\u201d que termin\u00f3 por \u201cperjudicarlo\u201d y que en sus chats filtrados dijo cosas que \u201cno piensa realmente\u201d. De ese modo, intenta relativizar conversaciones que lo vincularon directamente con la planificaci\u00f3n y celebraci\u00f3n del ataque frustrado contra la entonces vicepresidenta.<\/p>\n\n\n\n<p>La frivolidad con la que Carrizo describe un intento de magnicidio \u2014reducido a un mal chiste o a un acting entre conocidos\u2014 es en s\u00ed misma una muestra del deterioro cultural que atraviesa la pol\u00edtica argentina. El hecho de que un acusado de participar, al menos en los m\u00e1rgenes, de un plan criminal de semejante magnitud, intente justificarlo con argumentos de sobremesa juvenil, no puede interpretarse de otra manera que como un desprecio absoluto por la democracia y sus reglas b\u00e1sicas de convivencia. Que ahora, desde un lugar de aparente arrepentimiento, diga que \u201csi la ofend\u00ed, le pido disculpas\u201d no borra la huella imborrable de ese instante en que Cristina Kirchner fue apuntada con un arma cargada a cent\u00edmetros de su rostro.<\/p>\n\n\n\n<p>Las declaraciones de Carrizo tambi\u00e9n dejan traslucir sus intentos de explicar las motivaciones de Sabag Montiel y Uliarte, como si su papel fuera el de un analista externo. Relat\u00f3 que a \u00e9l nunca \u201cle cerr\u00f3\u201d lo que hizo Sabag, porque se mostraba como una persona tranquila, incluso \u201cagrandada\u201d, pero nunca con perfil de violento. Y sobre Uliarte, desliz\u00f3 que su v\u00ednculo sentimental con Sabag fue el motor de la obsesi\u00f3n que deriv\u00f3 en el ataque, mencionando incluso que ella hab\u00eda tenido relaci\u00f3n con \u201cEl Presto\u201d, un personaje de las redes sociales con alto voltaje ideol\u00f3gico. En esa l\u00ednea, asegur\u00f3 que Sabag actu\u00f3 por la necesidad de impresionar a su pareja, intentando reducir un acto de violencia pol\u00edtica a un asunto pasional, casi de telenovela oscura.<\/p>\n\n\n\n<p>El pedido de excarcelaci\u00f3n que finalmente prosper\u00f3 para Carrizo fue avalado nada menos que por la fiscal Gabriela Baig\u00fan, quien coincidi\u00f3 con la defensa en que no se produjeron pruebas suficientes durante el debate oral para sostener la acusaci\u00f3n en su contra. Su frase, pronunciada ante el Tribunal Oral Federal N\u00b06, fue tan brutal como elocuente: \u201cEl propio imputado dijo que est\u00e1 preso por pelot&#8230;, y yo coincido\u201d. Esa aceptaci\u00f3n de que su rol en los hechos qued\u00f3, al menos judicialmente, en un limbo de responsabilidades, abri\u00f3 la puerta a su salida de prisi\u00f3n mientras se aguarda el veredicto definitivo sobre su situaci\u00f3n procesal. La fiscal incluso fue m\u00e1s all\u00e1 y solicit\u00f3 su absoluci\u00f3n, una decisi\u00f3n que todav\u00eda deber\u00e1 ser confirmada por los jueces.<\/p>\n\n\n\n<p>Mientras tanto, el contraste con las penas que la fiscal\u00eda reclam\u00f3 para los autores materiales del intento de magnicidio es escalofriante. Quince a\u00f1os para Sabag Montiel, unificados con otra condena para totalizar diecinueve, y catorce para Uliarte, la joven que se paseaba por canales de televisi\u00f3n defendiendo posturas reaccionarias y llamando a terminar con la pol\u00edtica \u201ca lo bruto\u201d. El contraste deja claro que, aunque Carrizo logre salir de escena judicialmente, su papel simb\u00f3lico dentro de Los Copitos lo seguir\u00e1 persiguiendo como una marca de fuego. La excarcelaci\u00f3n no borra ni el contexto ni el peso pol\u00edtico de su figura.<\/p>\n\n\n\n<p>La estrategia discursiva de Carrizo es doblemente inquietante porque combina dos elementos: por un lado, la b\u00fasqueda de victimizaci\u00f3n personal \u2014\u201ctodo esto me perjudic\u00f3\u201d\u2014 y, por el otro, una suerte de banalizaci\u00f3n del intento de asesinato que deja a la violencia pol\u00edtica en el terreno de lo anecd\u00f3tico. Pedir disculpas como si se tratara de un exabrupto menor en redes sociales y no de un atentado fallido contra una expresidenta no solo insulta a la inteligencia colectiva, sino que revela la naturalizaci\u00f3n de la agresi\u00f3n pol\u00edtica que atraviesa el clima social argentino. Este discurso encuentra un terreno f\u00e9rtil en un gobierno como el de Javier Milei, que alimenta la intolerancia, relativiza la violencia y construye enemigos internos a trav\u00e9s de su pr\u00e9dica diaria.<\/p>\n\n\n\n<p>El caso Carrizo no se agota en su situaci\u00f3n personal. Es un espejo de algo mucho m\u00e1s profundo: la fragilidad de las instituciones democr\u00e1ticas cuando la violencia deja de ser un l\u00edmite. Y aqu\u00ed la responsabilidad pol\u00edtica es ineludible. La indiferencia del actual gobierno frente al intento de magnicidio, su falta de condena expl\u00edcita y su actitud de minimizar el hecho como una an\u00e9cdota del pasado, solo alimentan la impunidad y el olvido. En un pa\u00eds con una historia signada por la violencia pol\u00edtica, los discursos de odio nunca son inocuos: germinan en sectores marginales, se organizan en bandas improvisadas como Los Copitos y terminan poniendo en riesgo la vida de dirigentes que representan millones de votos. Pretender que todo se resuelva con un \u201cdisculpame, no pienso eso\u201d es un insulto a la democracia y a la memoria colectiva.<\/p>\n\n\n\n<p>Nicol\u00e1s Carrizo podr\u00e1 caminar libremente por ahora, pero su nombre quedar\u00e1 ligado para siempre a uno de los episodios m\u00e1s graves de la democracia reciente. Su pedido de disculpas, lejos de cerrar una herida, la reabre con m\u00e1s fuerza. La excarcelaci\u00f3n no deber\u00eda confundirse con inocencia, ni la absoluci\u00f3n con olvido. Porque si algo ense\u00f1a este caso es que la violencia pol\u00edtica no se combate con gestos vac\u00edos, sino con justicia, memoria y un compromiso real de toda la sociedad por desterrar el odio como forma de acci\u00f3n pol\u00edtica.<\/p>\n\n\n\n<p><strong>Fuente:<\/strong> <a href=\"https:\/\/www.pagina12.com.ar\/852083-nicolas-carrizo-lider-de-los-copitos-le-pidio-sus-sinceras-d\">https:\/\/www.pagina12.com.ar\/852083-nicolas-carrizo-lider-de-los-copitos-le-pidio-sus-sinceras-d<\/a><\/p>\n","protected":false},"excerpt":{"rendered":"<p>Nicol\u00e1s Carrizo, l\u00edder de Los Copitos, pidi\u00f3 disculpas a Cristina Kirchner tras ser excarcelado en la causa por el intento de magnicidio. Minimiza su rol, desv\u00eda responsabilidades y banaliza la violencia pol\u00edtica en un clima de intolerancia que el gobierno de Javier Milei alimenta con su silencio e indiferencia.<\/p>\n","protected":false},"author":12,"featured_media":7832,"comment_status":"open","ping_status":"open","sticky":false,"template":"","format":"standard","meta":{"_monsterinsights_skip_tracking":false,"_monsterinsights_sitenote_active":false,"_monsterinsights_sitenote_note":"","_monsterinsights_sitenote_category":0,"footnotes":"","jetpack_publicize_message":"","jetpack_publicize_feature_enabled":true,"jetpack_social_post_already_shared":true,"jetpack_social_options":{"image_generator_settings":{"template":"highway","default_image_id":0,"font":"","enabled":false},"version":2}},"categories":[2],"tags":[1355,3216,3217,87,1652,70,1143,3218,45,72],"class_list":["post-7831","post","type-post","status-publish","format-standard","has-post-thumbnail","hentry","category-politica","tag-atentado","tag-carrizo","tag-copitos","tag-cristina","tag-excarcelacion","tag-justicia","tag-kirchner","tag-magnicidio","tag-milei","tag-politica"],"jetpack_publicize_connections":[],"_links":{"self":[{"href":"https:\/\/www.enorsai.com\/noticias\/wp-json\/wp\/v2\/posts\/7831","targetHints":{"allow":["GET"]}}],"collection":[{"href":"https:\/\/www.enorsai.com\/noticias\/wp-json\/wp\/v2\/posts"}],"about":[{"href":"https:\/\/www.enorsai.com\/noticias\/wp-json\/wp\/v2\/types\/post"}],"author":[{"embeddable":true,"href":"https:\/\/www.enorsai.com\/noticias\/wp-json\/wp\/v2\/users\/12"}],"replies":[{"embeddable":true,"href":"https:\/\/www.enorsai.com\/noticias\/wp-json\/wp\/v2\/comments?post=7831"}],"version-history":[{"count":1,"href":"https:\/\/www.enorsai.com\/noticias\/wp-json\/wp\/v2\/posts\/7831\/revisions"}],"predecessor-version":[{"id":7833,"href":"https:\/\/www.enorsai.com\/noticias\/wp-json\/wp\/v2\/posts\/7831\/revisions\/7833"}],"wp:featuredmedia":[{"embeddable":true,"href":"https:\/\/www.enorsai.com\/noticias\/wp-json\/wp\/v2\/media\/7832"}],"wp:attachment":[{"href":"https:\/\/www.enorsai.com\/noticias\/wp-json\/wp\/v2\/media?parent=7831"}],"wp:term":[{"taxonomy":"category","embeddable":true,"href":"https:\/\/www.enorsai.com\/noticias\/wp-json\/wp\/v2\/categories?post=7831"},{"taxonomy":"post_tag","embeddable":true,"href":"https:\/\/www.enorsai.com\/noticias\/wp-json\/wp\/v2\/tags?post=7831"}],"curies":[{"name":"wp","href":"https:\/\/api.w.org\/{rel}","templated":true}]}}