{"id":7825,"date":"2025-08-25T00:19:26","date_gmt":"2025-08-25T03:19:26","guid":{"rendered":"https:\/\/www.enorsai.com\/noticias\/?p=7825"},"modified":"2025-08-25T00:22:19","modified_gmt":"2025-08-25T03:22:19","slug":"mayans-fulmina-a-milei-denuncia-corrupcion-y-rutas-destruidas-en-todo-el-pais","status":"publish","type":"post","link":"https:\/\/www.enorsai.com\/noticias\/politica\/mayans-fulmina-a-milei-denuncia-corrupcion-y-rutas-destruidas-en-todo-el-pais\/","title":{"rendered":"Mayans fulmina a Milei: denuncia corrupci\u00f3n y rutas destruidas en todo el pa\u00eds"},"content":{"rendered":"\n<p><strong>El senador nacional Jos\u00e9 Mayans dispara contra Javier Milei y apunta a graves denuncias de corrupci\u00f3n, mala gesti\u00f3n y desconocimiento territorial. El caso Spagnuolo y el entramado que involucra a Karina Milei y Lule Menem sacuden la Casa Rosada.<\/strong><\/p>\n\n\n\n<h2 class=\"wp-block-heading\">Caso Spagnuolo y el c\u00edrculo presidencial: confesi\u00f3n, coimas y silencio<\/h2>\n\n\n\n<p>Mayans denunci\u00f3 en Radio 10 que el gobierno atraviesa uno de los esc\u00e1ndalos m\u00e1s graves de los \u00faltimos a\u00f1os. \u201cHay una confesi\u00f3n de parte de Spagnuolo, un funcionario de alto rango que visitaba al presidente en Olivos. Fue echado luego de contarle el hecho, pero deber\u00eda haberlo denunciado ante la Justicia\u201d, sostuvo el senador. La denuncia se\u00f1ala <strong>asociaci\u00f3n il\u00edcita<\/strong> entre una droguer\u00eda suizo-argentina, el funcionario, y sus due\u00f1os, con supuestos pagos mensuales de hasta <strong>800 mil d\u00f3lares<\/strong> para Karina Milei y Lule Menem provenientes de un fondo de medicamentos de <strong>$25 mil millones<\/strong><sup>[14][13]<\/sup>.<\/p>\n\n\n\n<ul class=\"wp-block-list\">\n<li>\u201cEsto pone fin al relato anarco-libertario de lucha contra la corrupci\u00f3n\u201d, remarc\u00f3 Mayans.<\/li>\n\n\n\n<li>\u201cPrimero fue el caso Libra, ahora estiman otros <strong>30 millones de d\u00f3lares<\/strong> en recaudaci\u00f3n propia\u201d.<\/li>\n\n\n\n<li>Para Mayans, los funcionarios de Milei no \u201cle hacen frente\u201d a las denuncias.<\/li>\n<\/ul>\n\n\n\n<h2 class=\"wp-block-heading\">Desintegraci\u00f3n de organismos y desconocimiento federal<\/h2>\n\n\n\n<p>Mayans acus\u00f3 al presidente de \u201cno salir de Capital Federal\u201d y desconoce el pa\u00eds real: \u201cNo sabe lo que son las rutas ni lo que representan para el desarrollo. Muchas est\u00e1n destrozadas. No estamos de acuerdo con la desintegraci\u00f3n del INTA, INTI ni el desguace de Vialidad Nacional\u201d. La cr\u00edtica apunta tambi\u00e9n a la econom\u00eda \u201ccontrolada, con d\u00f3lar pisado y endeudamiento brutal con el exterior y las provincias\u201d<sup>[16][17]<\/sup>.<\/p>\n\n\n\n<h3 class=\"wp-block-heading\">Cr\u00edticas a la gesti\u00f3n y al equipo econ\u00f3mico<\/h3>\n\n\n\n<ul class=\"wp-block-list\">\n<li>Milei \u201cno estaba preparado para ser presidente\u201d, por eso confi\u00f3 en los programas de <strong>Sturzenegger<\/strong> y <strong>Caputo<\/strong>.<\/li>\n\n\n\n<li>Denuncia un \u201cdesconocimiento total de lo que representa el Estado\u201d.<\/li>\n\n\n\n<li>Advierte que \u201cle puede caber juicio pol\u00edtico a Karina Milei\u201d desde la C\u00e1mara de Diputados, por el caso Libra y los nuevos audios de corrupci\u00f3n.<\/li>\n<\/ul>\n\n\n\n<h2 class=\"wp-block-heading\">Comparativo internacional e impacto nacional<\/h2>\n\n\n\n<p>Argentina enfrenta una de las peores crisis de credibilidad gubernamental en los \u00faltimos a\u00f1os, con repetidas acusaciones de corrupci\u00f3n y debilitamiento institucional, a diferencia de pa\u00edses como <a href=\"https:\/\/www.telam.com.ar\/notas\/202505\/argentina-crisis-corrupcion-comparativo.html\">Chile<\/a> y <strong>Uruguay<\/strong>, donde los controles parlamentarios y de justicia sobre el Ejecutivo mantienen mayor estabilidad social y pol\u00edtica.<\/p>\n\n\n\n<figure class=\"wp-block-table\"><table class=\"has-fixed-layout\"><tbody><tr><th>Denuncia<\/th><th>Funcionario involucrado<\/th><th>Monto estimado (USD)<\/th><\/tr><tr><td>Medicamentos &#8211; caso Spagnuolo<\/td><td>Karina Milei, Lule Menem<\/td><td>500.000 &#8211; 800.000\/mes<\/td><\/tr><tr><td>Fondo Libra<\/td><td>Karina Milei<\/td><td>30.000.000 total<\/td><\/tr><\/tbody><\/table><\/figure>\n\n\n\n<h3 class=\"wp-block-heading\">Listas de reclamos federales<\/h3>\n\n\n\n<ul class=\"wp-block-list\">\n<li>Rutas abandonadas y desfinanciadas<\/li>\n\n\n\n<li>Recortes a INTA, INTI y Vialidad<\/li>\n\n\n\n<li>Endeudamiento provincial y falta de recursos<\/li>\n\n\n\n<li>Gesti\u00f3n presidencial \u201cpoco federal\u201d<\/li>\n<\/ul>\n\n\n\n<h2 class=\"wp-block-heading\">Reflexi\u00f3n final<\/h2>\n\n\n\n<p>La denuncia de Mayans abre un profundo debate sobre la legitimidad del relato oficial, la transparencia y el papel de los organismos federales en la Argentina. La oposici\u00f3n reclama investigaciones urgentes y un control parlamentario leg\u00edtimo.<br>**Dejanos tu comentario debajo o escribinos a <a href=\"mailto:enorsaionline@gmail.com\">enorsaionline@gmail.com<\/a>**<\/p>\n\n\n\n<p><\/p>\n\n\n\n<h2 class=\"wp-block-heading\">Preguntas Frecuentes<\/h2>\n\n\n\n<h3 class=\"wp-block-heading\">\u00bfQu\u00e9 denuncia Jos\u00e9 Mayans sobre el gobierno de Milei?<\/h3>\n\n\n\n<p>Denuncia graves casos de corrupci\u00f3n, asociaci\u00f3n il\u00edcita y mala gesti\u00f3n de rutas y organismos nacionales. <a href=\"https:\/\/enorsai.com\/actualidad\">Ver contexto en Enorsai<\/a>.<\/p>\n\n\n\n<h3 class=\"wp-block-heading\">\u00bfQui\u00e9nes estar\u00edan implicados en los casos de coimas?<\/h3>\n\n\n\n<p>Karina Milei, Lule Menem y funcionarios asociados como Spagnuolo, seg\u00fan las declaraciones y audios filtrados. <a href=\"https:\/\/www.haceinstantes.com\">Hace instantes<\/a><\/p>\n\n\n\n<h3 class=\"wp-block-heading\">\u00bfPor qu\u00e9 Mayans critica la gesti\u00f3n federal de Milei?<\/h3>\n\n\n\n<p>Dice que el presidente no sale de Capital Federal y desconoce las necesidades de las provincias, como rutas y desarrollo territorial.<\/p>\n\n\n\n<h3 class=\"wp-block-heading\">\u00bfQu\u00e9 consecuencias tendr\u00eda el juicio pol\u00edtico a Karina Milei?<\/h3>\n\n\n\n<p>La C\u00e1mara de Diputados puede acusar y abrir un proceso que afectar\u00eda la legitimidad de la Secretar\u00eda General de la Presidencia.<\/p>\n\n\n\n<h3 class=\"wp-block-heading\">\u00bfD\u00f3nde puedo leer m\u00e1s sobre las denuncias?<\/h3>\n\n\n\n<p>Encontr\u00e1 informaci\u00f3n en <a href=\"https:\/\/enorsai.com\/actualidad\">Enorsai<\/a> <\/p>\n","protected":false},"excerpt":{"rendered":"<p>Jos\u00e9 Mayans, Milei, corrupci\u00f3n, rutas argentinas, Spagnuolo, Karina Milei, Lule Menem, medicamento, juicio pol\u00edtico<\/p>\n","protected":false},"author":4,"featured_media":7826,"comment_status":"open","ping_status":"open","sticky":false,"template":"","format":"standard","meta":{"_monsterinsights_skip_tracking":false,"_monsterinsights_sitenote_active":false,"_monsterinsights_sitenote_note":"","_monsterinsights_sitenote_category":0,"footnotes":"","jetpack_publicize_message":"Jos\u00e9 Mayans dispara contra Javier Milei y apunta a graves denuncias de corrupci\u00f3n, mala gesti\u00f3n y desconocimiento territorial. El caso Spagnuolo y el entramado que involucra a Karina Milei y Lule Menem sacuden la Casa Rosada.","jetpack_publicize_feature_enabled":true,"jetpack_social_post_already_shared":false,"jetpack_social_options":{"image_generator_settings":{"template":"highway","default_image_id":0,"font":"","enabled":false},"version":2}},"categories":[1956,2],"tags":[75,3214,77,174,3177,3212,45,3215,3213],"class_list":["post-7825","post","type-post","status-publish","format-standard","has-post-thumbnail","hentry","category-libra","category-politica","tag-corrupcion","tag-jose-mayans","tag-juicio-politico","tag-karina-milei","tag-lule-menem","tag-medicamento","tag-milei","tag-rutas-argentinas","tag-spagnuolo"],"jetpack_publicize_connections":[],"_links":{"self":[{"href":"https:\/\/www.enorsai.com\/noticias\/wp-json\/wp\/v2\/posts\/7825","targetHints":{"allow":["GET"]}}],"collection":[{"href":"https:\/\/www.enorsai.com\/noticias\/wp-json\/wp\/v2\/posts"}],"about":[{"href":"https:\/\/www.enorsai.com\/noticias\/wp-json\/wp\/v2\/types\/post"}],"author":[{"embeddable":true,"href":"https:\/\/www.enorsai.com\/noticias\/wp-json\/wp\/v2\/users\/4"}],"replies":[{"embeddable":true,"href":"https:\/\/www.enorsai.com\/noticias\/wp-json\/wp\/v2\/comments?post=7825"}],"version-history":[{"count":3,"href":"https:\/\/www.enorsai.com\/noticias\/wp-json\/wp\/v2\/posts\/7825\/revisions"}],"predecessor-version":[{"id":7829,"href":"https:\/\/www.enorsai.com\/noticias\/wp-json\/wp\/v2\/posts\/7825\/revisions\/7829"}],"wp:featuredmedia":[{"embeddable":true,"href":"https:\/\/www.enorsai.com\/noticias\/wp-json\/wp\/v2\/media\/7826"}],"wp:attachment":[{"href":"https:\/\/www.enorsai.com\/noticias\/wp-json\/wp\/v2\/media?parent=7825"}],"wp:term":[{"taxonomy":"category","embeddable":true,"href":"https:\/\/www.enorsai.com\/noticias\/wp-json\/wp\/v2\/categories?post=7825"},{"taxonomy":"post_tag","embeddable":true,"href":"https:\/\/www.enorsai.com\/noticias\/wp-json\/wp\/v2\/tags?post=7825"}],"curies":[{"name":"wp","href":"https:\/\/api.w.org\/{rel}","templated":true}]}}