{"id":7806,"date":"2025-08-24T12:32:52","date_gmt":"2025-08-24T15:32:52","guid":{"rendered":"https:\/\/www.enorsai.com\/noticias\/?p=7806"},"modified":"2025-08-24T12:32:58","modified_gmt":"2025-08-24T15:32:58","slug":"el-apellido-menem-queda-avergonzado-el-primo-rebelde-denuncia-el-entramado-de-corrupcion-que-sacude-la-rioja-y-la-casa-rosada","status":"publish","type":"post","link":"https:\/\/www.enorsai.com\/noticias\/politica\/el-apellido-menem-queda-avergonzado-el-primo-rebelde-denuncia-el-entramado-de-corrupcion-que-sacude-la-rioja-y-la-casa-rosada\/","title":{"rendered":"\u201cEl apellido Menem queda avergonzado\u201d: el primo rebelde denuncia el entramado de corrupci\u00f3n que sacude La Rioja y la Casa Rosada"},"content":{"rendered":"\n<p><strong>Yamil Menem, titular de la Agencia de Espacios P\u00fablicos de La Rioja, rompe el silencio y condena a Lule y Mart\u00edn Menem por el esc\u00e1ndalo de coimas en el gobierno de Javier Milei. La interna familiar y pol\u00edtica, al rojo vivo.<\/strong><\/p>\n\n\n\n<h2 class=\"wp-block-heading\">La grieta Menem: tensi\u00f3n pol\u00edtica y familiar por el esc\u00e1ndalo de corrupci\u00f3n<\/h2>\n\n\n\n<p>D\u00edas de m\u00e1xima tensi\u00f3n sacuden La Rioja y la Casa Rosada tras los audios que involucran a funcionarios de la Agencia Nacional de Discapacidad (ANDIS) en una red de presuntas coimas. En el centro de la pol\u00e9mica aparecen los riojanos <strong>Mart\u00edn Menem<\/strong> (presidente de la C\u00e1mara de Diputados) y <strong>Eduardo \u201cLule\u201d Menem<\/strong> (mano derecha de Karina Milei), ambos acusados p\u00fablicamente por sus propios primos, Yamil y Alfredo Menem, de aprovechar su cercan\u00eda al poder para negocios turbios<sup>[3][4][7]<\/sup>.<\/p>\n\n\n\n<h3 class=\"wp-block-heading\">Declaraciones que sacuden el apellido<\/h3>\n\n\n\n<ul class=\"wp-block-list\">\n<li>\u201cEl apellido Menem queda avergonzado con todo lo que est\u00e1 sucediendo\u201d \u2013 Yamil Menem<\/li>\n\n\n\n<li>\u201cMart\u00edn y Lule aprovechan para hacer sus negociados grandes con el gobierno nacional.\u201d<\/li>\n\n\n\n<li>\u201cHan pasado 48 horas y nadie ha dado respuesta de estos hechos de corrupci\u00f3n.\u201d<\/li>\n\n\n\n<li>\u201cNo esperaba el acercamiento a La Libertad Avanza. Ideol\u00f3gicamente estoy en la vereda de enfrente.\u201d<\/li>\n<\/ul>\n\n\n\n<h2 class=\"wp-block-heading\">La trastienda del esc\u00e1ndalo: coimas y pol\u00edticos en las sombras<\/h2>\n\n\n\n<p>La investigaci\u00f3n estall\u00f3 cuando el ex titular de ANDIS, <strong>Diego Spagnuolo<\/strong>, revel\u00f3 audios sobre un circuito de cobro de coimas en la compra y provisi\u00f3n de medicamentos para discapacitados, donde parte de los fondos habr\u00eda llegado hasta <strong>Karina Milei<\/strong> y <strong>Lule Menem<\/strong><sup>[7][6]<\/sup>.<\/p>\n\n\n\n<ul class=\"wp-block-list\">\n<li><strong>\u201cLule trabaja desde las tinieblas, arma la ingenier\u00eda del gobierno nacional.\u201d<\/strong> (Yamil Menem)<\/li>\n\n\n\n<li>Mart\u00edn Menem es se\u00f1alado por sortear su sueldo como diputado, mientras crece la sospecha sobre millonarios contratos en la ANDIS.<\/li>\n<\/ul>\n\n\n\n<figure class=\"wp-block-embed is-type-wp-embed is-provider-incrustado wp-block-embed-incrustado\"><div class=\"wp-block-embed__wrapper\">\n<blockquote class=\"wp-embedded-content\" data-secret=\"fZ3hBMznJH\"><a href=\"https:\/\/www.enorsai.com\/noticias\/politica\/la-caja-negra-de-los-medicamentos-el-ministerio-de-salud-tambien-engordo-a-la-drogueria-de-las-coimas\/\">La caja negra de los medicamentos: el Ministerio de Salud tambi\u00e9n engord\u00f3 a la droguer\u00eda de las coimas<\/a><\/blockquote><iframe loading=\"lazy\" class=\"wp-embedded-content\" sandbox=\"allow-scripts\" security=\"restricted\" style=\"position: absolute; visibility: hidden;\" title=\"\u00abLa caja negra de los medicamentos: el Ministerio de Salud tambi\u00e9n engord\u00f3 a la droguer\u00eda de las coimas\u00bb \u2014 \" src=\"https:\/\/www.enorsai.com\/noticias\/politica\/la-caja-negra-de-los-medicamentos-el-ministerio-de-salud-tambien-engordo-a-la-drogueria-de-las-coimas\/embed\/#?secret=TmLNS42zKg#?secret=fZ3hBMznJH\" data-secret=\"fZ3hBMznJH\" width=\"600\" height=\"338\" frameborder=\"0\" marginwidth=\"0\" marginheight=\"0\" scrolling=\"no\"><\/iframe>\n<\/div><\/figure>\n\n\n\n<h3 class=\"wp-block-heading\">Familia enfrentada: peronismo vs libertarios<\/h3>\n\n\n\n<p>La interna no es s\u00f3lo familiar: tanto Yamil como Alfredo Menem se mostraron cercanos al gobernador peronista <strong>Ricardo Quintela<\/strong> y cr\u00edticos del rumbo libertario de los primos<sup>[4][6]<\/sup>. Incluso en redes sociales, Alfredo dispar\u00f3: \u00abNo hay hecho de corrupci\u00f3n comprobable del gobierno de Milei donde no aparezcan Mart\u00edn y Lule Menem. Den explicaciones, verg\u00fcenza dan\u00bb.<\/p>\n\n\n\n<h2 class=\"wp-block-heading\">Impacto local y nacional: de la verg\u00fcenza familiar al repudio popular<\/h2>\n\n\n\n<ul class=\"wp-block-list\">\n<li>La Rioja pone la mirada en los manejos pol\u00edticos y familiares.<\/li>\n\n\n\n<li>Crecen las denuncias en la Justicia por asociaci\u00f3n il\u00edcita y corrupci\u00f3n.<\/li>\n\n\n\n<li>La familia Menem, hist\u00f3rico apellido de la pol\u00edtica argentina, se divide por ideas y por dinero.<\/li>\n<\/ul>\n\n\n\n<h3 class=\"wp-block-heading\">\u00bfSab\u00eda Carlos Menem de esto?<\/h3>\n\n\n\n<p>El expresidente es reivindicado por sus familiares peronistas como un hombre pragm\u00e1tico y consensual, \u201cque no hubiese permitido nunca estas pr\u00e1cticas de impunidad ni hambre en el pa\u00eds\u201d<sup>[4]<\/sup>.<\/p>\n\n\n\n<h2 class=\"wp-block-heading\">Reflexi\u00f3n final<\/h2>\n\n\n\n<p>El esc\u00e1ndalo que sacude al apellido Menem es un s\u00edmbolo del da\u00f1o que puede generar la b\u00fasqueda de negocios desde el poder, especialmente cuando involucra a quienes promet\u00edan cambiar la vieja pol\u00edtica. Los ciudadanos reclaman explicaciones y transparencia, mientras la Justicia avanza con investigaciones.<br><strong>Dejanos tu comentario debajo o escribinos a <a href=\"mailto:enorsaionline@gmail.com\">enorsaionline@gmail.com<\/a><\/strong><\/p>\n\n\n\n<p><strong>Palabras clave:<\/strong> Yamil Menem, corrupci\u00f3n, esc\u00e1ndalo Menem, coimas ANDIS, gobierno Milei, La Rioja, Lule Menem, Mart\u00edn Menem<\/p>\n\n\n\n<p><strong>T\u00edtulo redes:<\/strong> Yamil Menem: \u201cEl apellido queda avergonzado\u201d por el esc\u00e1ndalo en el gobierno nacional<\/p>\n\n\n\n<p><strong>Descripci\u00f3n redes:<\/strong> El primo rebelde denuncia corrupci\u00f3n, tensi\u00f3n familiar y esc\u00e1ndalo en las filas de Milei y Karina. Mir\u00e1 la entrevista y opin\u00e1.<\/p>\n\n\n\n<h2 class=\"wp-block-heading\">Preguntas Frecuentes<\/h2>\n\n\n\n<h3 class=\"wp-block-heading\">\u00bfQu\u00e9 denuncia Yamil Menem sobre sus primos?<\/h3>\n\n\n\n<p>Denuncia que Mart\u00edn y Lule Menem aprovechan el poder para hacer negocios y est\u00e1n implicados en presuntos casos de corrupci\u00f3n en el gobierno nacional. <a href=\"https:\/\/enorsai.com\/politica\">Ver nota en Enorsai<\/a>.<\/p>\n\n\n\n<h3 class=\"wp-block-heading\">\u00bfQu\u00e9 relaci\u00f3n tiene Lule Menem con Karina Milei?<\/h3>\n\n\n\n<p>Lule Menem es mano derecha de Karina Milei y se destaca por ser el arquitecto de la ingenier\u00eda pol\u00edtica del gobierno. <a href=\"https:\/\/www.pagina12.com.ar\/\">P\u00e1gina 12<\/a><\/p>\n\n\n\n<h3 class=\"wp-block-heading\">\u00bfCu\u00e1l es el origen del esc\u00e1ndalo de coimas en ANDIS?<\/h3>\n\n\n\n<p>Los audios de Diego Spagnuolo revelaron una red de coimas y manejos irregulares en la compra de medicamentos para discapacidad, que involucran a funcionarios cercanos a Milei y a los Menem.<\/p>\n\n\n\n<h3 class=\"wp-block-heading\">\u00bfExiste una divisi\u00f3n pol\u00edtica en la familia Menem?<\/h3>\n\n\n\n<p>S\u00ed, Yamil y Alfredo Menem se alinean con el peronismo y el gobernador Quintela, mientras que Mart\u00edn y Lule apoyan a La Libertad Avanza y tienen influencia en la Casa Rosada. <a href=\"https:\/\/enorsai.com.ar\/politica\">Nota relacionada<\/a><\/p>\n\n\n\n<h3 class=\"wp-block-heading\">\u00bfD\u00f3nde escuchar la entrevista completa de Yamil Menem?<\/h3>\n\n\n\n<p>Pod\u00e9s escuchar la entrevista completa en <a href=\"https:\/\/ar.radiocut.fm\/audiocut\/yamil-menem-lule-trabaja-desde-tinieblas\/\">RadioCut<\/a> y seguir las novedades en <a href=\"https:\/\/enorsai.com\/actualidad\">Enorsai.com<\/a>.<\/p>\n","protected":false},"excerpt":{"rendered":"<p>Yamil Menem, titular de la Agencia de Espacios P\u00fablicos de La Rioja, rompe el silencio y condena a Lule y Mart\u00edn Menem por el esc\u00e1ndalo de coimas en el gobierno de Javier Milei. La interna familiar y pol\u00edtica, al rojo vivo. La grieta Menem: tensi\u00f3n pol\u00edtica y familiar por el esc\u00e1ndalo de corrupci\u00f3n D\u00edas de&#8230;<\/p>\n","protected":false},"author":4,"featured_media":7807,"comment_status":"open","ping_status":"open","sticky":false,"template":"","format":"standard","meta":{"_monsterinsights_skip_tracking":false,"_monsterinsights_sitenote_active":false,"_monsterinsights_sitenote_note":"","_monsterinsights_sitenote_category":0,"footnotes":"","jetpack_publicize_message":"Yamil Menem: \u201cEl apellido queda avergonzado\u201d por el esc\u00e1ndalo en el gobierno nacional\n","jetpack_publicize_feature_enabled":true,"jetpack_social_post_already_shared":false,"jetpack_social_options":{"image_generator_settings":{"template":"highway","default_image_id":0,"font":"","enabled":false},"version":2}},"categories":[2],"tags":[58,93,75,43,15,70,45,72],"class_list":["post-7806","post","type-post","status-publish","format-standard","has-post-thumbnail","hentry","category-politica","tag-ajuste","tag-argentina","tag-corrupcion","tag-crisis","tag-economia","tag-justicia","tag-milei","tag-politica"],"jetpack_publicize_connections":[],"_links":{"self":[{"href":"https:\/\/www.enorsai.com\/noticias\/wp-json\/wp\/v2\/posts\/7806","targetHints":{"allow":["GET"]}}],"collection":[{"href":"https:\/\/www.enorsai.com\/noticias\/wp-json\/wp\/v2\/posts"}],"about":[{"href":"https:\/\/www.enorsai.com\/noticias\/wp-json\/wp\/v2\/types\/post"}],"author":[{"embeddable":true,"href":"https:\/\/www.enorsai.com\/noticias\/wp-json\/wp\/v2\/users\/4"}],"replies":[{"embeddable":true,"href":"https:\/\/www.enorsai.com\/noticias\/wp-json\/wp\/v2\/comments?post=7806"}],"version-history":[{"count":1,"href":"https:\/\/www.enorsai.com\/noticias\/wp-json\/wp\/v2\/posts\/7806\/revisions"}],"predecessor-version":[{"id":7808,"href":"https:\/\/www.enorsai.com\/noticias\/wp-json\/wp\/v2\/posts\/7806\/revisions\/7808"}],"wp:featuredmedia":[{"embeddable":true,"href":"https:\/\/www.enorsai.com\/noticias\/wp-json\/wp\/v2\/media\/7807"}],"wp:attachment":[{"href":"https:\/\/www.enorsai.com\/noticias\/wp-json\/wp\/v2\/media?parent=7806"}],"wp:term":[{"taxonomy":"category","embeddable":true,"href":"https:\/\/www.enorsai.com\/noticias\/wp-json\/wp\/v2\/categories?post=7806"},{"taxonomy":"post_tag","embeddable":true,"href":"https:\/\/www.enorsai.com\/noticias\/wp-json\/wp\/v2\/tags?post=7806"}],"curies":[{"name":"wp","href":"https:\/\/api.w.org\/{rel}","templated":true}]}}