{"id":7801,"date":"2025-08-24T12:02:24","date_gmt":"2025-08-24T15:02:24","guid":{"rendered":"https:\/\/www.enorsai.com\/noticias\/?p=7801"},"modified":"2025-08-24T12:02:30","modified_gmt":"2025-08-24T15:02:30","slug":"el-veto-de-milei-le-quita-468-000-millones-mensuales-a-los-jubilados-el-ajuste-silencioso-que-golpea-a-millones","status":"publish","type":"post","link":"https:\/\/www.enorsai.com\/noticias\/economia\/el-veto-de-milei-le-quita-468-000-millones-mensuales-a-los-jubilados-el-ajuste-silencioso-que-golpea-a-millones\/","title":{"rendered":"El veto de Milei le quita $468.000 millones mensuales a los jubilados: el ajuste silencioso que golpea a millones"},"content":{"rendered":"\n<p><strong>El veto presidencial a la actualizaci\u00f3n de jubilaciones y el bono provoca una p\u00e9rdida de $468.652 millones mensuales, afectando a m\u00e1s de 6 millones de jubilados de todo el pa\u00eds. El efecto econ\u00f3mico y social, en cifras y contexto.<\/strong><\/p>\n\n\n\n<h2 class=\"wp-block-heading\">El impacto del veto presidencial sobre los haberes jubilatorios<\/h2>\n\n\n\n<p>El veto de Javier Milei al aumento de jubilaciones y la actualizaci\u00f3n del bono para jubilados genera un ajuste sin precedentes. Seg\u00fan proyecciones basadas en el REM-BCRA y el informe del <strong>CEPA<\/strong>, la p\u00e9rdida acumulada ascender\u00e1 a <strong>$5,6 billones en los pr\u00f3ximos 12 meses<\/strong>. Esta decisi\u00f3n afecta a <strong>6.104.055 titulares del Sistema Integrado Previsional Argentino<\/strong>, de acuerdo al <a href=\"https:\/\/enorsai.com\/politica\">Bolet\u00edn de estad\u00edsticas de la Seguridad Social<\/a> (junio 2025).<\/p>\n\n\n\n<h3 class=\"wp-block-heading\">\u00bfC\u00f3mo se calcula la p\u00e9rdida mensual?<\/h3>\n\n\n\n<ul class=\"wp-block-list\">\n<li><strong>Por la no actualizaci\u00f3n del bono:<\/strong> el bono de $70.000 deb\u00eda pasar a $110.000 y actualizarse por inflaci\u00f3n.<\/li>\n\n\n\n<li><strong>Por la recomposici\u00f3n pendiente:<\/strong> un 7,2% que correspond\u00eda al acumulado de inflaci\u00f3n de enero 2024 nunca fue pagado.<\/li>\n<\/ul>\n\n\n\n<h2 class=\"wp-block-heading\">P\u00e9rdidas por jurisdicci\u00f3n: \u00bfD\u00f3nde golpea m\u00e1s?<\/h2>\n\n\n\n<p>Los <strong>$468 mil millones<\/strong> mensuales se distribuyen entre las 24 provincias. Buenos Aires concentra el mayor n\u00famero de jubilados afectados (<strong>2.361.022<\/strong>) y, por ende, la mayor p\u00e9rdida: <strong>$181.272 millones por mes<\/strong>. CABA suma <strong>$48.246 millones mensuales<\/strong>. Provincias como C\u00f3rdoba, Santa Fe y Mendoza tambi\u00e9n enfrentan cifras millonarias (ver tabla).<\/p>\n\n\n\n<figure class=\"wp-block-table\"><table class=\"has-fixed-layout\"><tbody><tr><th>Jurisdicci\u00f3n<\/th><th>Cantidad de Jubilados<\/th><th>P\u00e9rdida mensual por veto ($)<\/th><\/tr><tr><td>Buenos Aires<\/td><td>2.361.022<\/td><td>$181.272.288.600<\/td><\/tr><tr><td>CABA<\/td><td>628.401<\/td><td>$48.246.930.553<\/td><\/tr><tr><td>C\u00f3rdoba<\/td><td>523.828<\/td><td>$40.218.098.217<\/td><\/tr><tr><td>Santa Fe<\/td><td>487.146<\/td><td>$37.401.753.389<\/td><\/tr><tr><td>Mendoza<\/td><td>300.322<\/td><td>$23.057.911.553<\/td><\/tr><tr><th>Total Pa\u00eds<\/th><th>6.104.055<\/th><th>$468.652.846.954<\/th><\/tr><\/tbody><\/table><\/figure>\n\n\n\n<h3 class=\"wp-block-heading\">Infograf\u00eda: Monto perdido por provincia y por mes (sep\/25 a ago\/26)<\/h3>\n\n\n\n<ul class=\"wp-block-list\">\n<li><strong>CABA:<\/strong> $48.246 millones<\/li>\n\n\n\n<li><strong>C\u00f3rdoba:<\/strong> $40.218 millones<\/li>\n\n\n\n<li><strong>Santa Fe:<\/strong> $37.401 millones<\/li>\n\n\n\n<li><strong>Buenos Aires:<\/strong> $181.272 millones<\/li>\n\n\n\n<li><strong>Resto de provincias:<\/strong> entre $1.1 y $23 mil millones mensuales<\/li>\n<\/ul>\n\n\n\n<h2 class=\"wp-block-heading\">Contexto hist\u00f3rico y comparaci\u00f3n internacional<\/h2>\n\n\n\n<p>El ajuste sobre los haberes previsionales en Argentina es uno de los m\u00e1s fuertes registrados desde la reforma previsional de 2017. Pa\u00edses como <strong>Espa\u00f1a<\/strong> e <strong>Italia<\/strong> han protegido las jubilaciones contra la inflaci\u00f3n; en la regi\u00f3n, <a href=\"https:\/\/www.telam.com.ar\/notas\/202503\/argentina-perdida-jubilados-ajuste-internacional.html\">Brasil<\/a> destina incrementos autom\u00e1ticos seg\u00fan el IPC. En Argentina, la pol\u00edtica de veto impacta en el poder adquisitivo y la econom\u00eda local, ya que gran parte del consumo en las ciudades proviene de la masa jubilatoria.<\/p>\n\n\n\n<h3 class=\"wp-block-heading\">El ajuste: efecto directo en la econom\u00eda real<\/h3>\n\n\n\n<ul class=\"wp-block-list\">\n<li><strong>Menor ingreso en jubilados:<\/strong> ca\u00edda del consumo y aumento de la vulnerabilidad.<\/li>\n\n\n\n<li><strong>Impacto fiscal:<\/strong> el Estado ahorra $5,6 billones, mientras crecen la pobreza y la desigualdad.<\/li>\n\n\n\n<li><strong>Comercio local:<\/strong> menos ventas en alimentos, medicamentos y servicios b\u00e1sicos.<\/li>\n<\/ul>\n\n\n\n<h2 class=\"wp-block-heading\">Voces y protagonistas: entidades y organismos<\/h2>\n\n\n\n<ul class=\"wp-block-list\">\n<li><strong>Fuente:<\/strong> CEPA (Centro de Econom\u00eda Pol\u00edtica Argentina), BCRA, ANSES<\/li>\n\n\n\n<li><strong>Cifras:<\/strong> Bolet\u00edn de estad\u00edsticas de la Seguridad Social, junio 2025<\/li>\n\n\n\n<li><strong>Referentes:<\/strong> Gobierno nacional, Ministerio de Econom\u00eda, analistas previsionales<\/li>\n<\/ul>\n\n\n\n<h3 class=\"wp-block-heading\">Qu\u00e9 dicen los especialistas<\/h3>\n\n\n\n<p>Expertos de <a href=\"https:\/\/www.enorsai.com.ar\/politica\">Enorsai<\/a> advierten que este ajuste \u00abinstala una nueva pobreza estructural\u00bb, y desde <a href=\"https:\/\/www.pagina12.com.ar\/\">P\u00e1gina 12<\/a> se\u00f1alan que \u201cla p\u00e9rdida anual equipara el presupuesto educativo de varias provincias\u201d.<\/p>\n\n\n\n<h2 class=\"wp-block-heading\">Reflexi\u00f3n final<\/h2>\n\n\n\n<p>Mientras la agenda pol\u00edtica mantiene la mirada en el <strong>\u00abgasto p\u00fablico\u00bb<\/strong>, el ajuste sobre los jubilados ya es una realidad cotidiana que seguir\u00e1 golpeando el consumo, la salud y la dignidad de millones de argentinos si no se revisa.<br><strong>Dejanos tu comentario debajo o escribinos a <a href=\"mailto:enorsaionline@gmail.com\">enorsaionline@gmail.com<\/a><\/strong><\/p>\n\n\n\n<h2 class=\"wp-block-heading\">Preguntas Frecuentes<\/h2>\n\n\n\n<h3 class=\"wp-block-heading\">\u00bfQu\u00e9 significa el veto de Milei sobre los haberes jubilatorios?<\/h3>\n\n\n\n<p>El veto presidencial impidi\u00f3 aumentar los haberes jubilatorios y la actualizaci\u00f3n del bono, generando una p\u00e9rdida masiva en los ingresos de los jubilados. <a href=\"https:\/\/www.pagina12.com.ar\/736473-ajuste-previsional-veto-massa-milei\">Conoc\u00e9 m\u00e1s en P\u00e1gina 12<\/a>.<\/p>\n\n\n\n<h3 class=\"wp-block-heading\">\u00bfCu\u00e1nto pierden los jubilados por el veto?<\/h3>\n\n\n\n<p>La p\u00e9rdida estimada es de $468.652 millones por mes y $5,6 billones en 12 meses, seg\u00fan el reporte de CEPA y REM-BCRA. Ver datos por provincia en <a href=\"https:\/\/enorsai.com\/actualidad\">Enorsai<\/a>.<\/p>\n\n\n\n<h3 class=\"wp-block-heading\">\u00bfCu\u00e1les provincias est\u00e1n m\u00e1s afectadas por la medida?<\/h3>\n\n\n\n<p>Buenos Aires, CABA, C\u00f3rdoba y Santa Fe concentran la mayor cantidad de jubilados afectados y las mayores p\u00e9rdidas mensuales.<\/p>\n\n\n\n<h3 class=\"wp-block-heading\">\u00bfEl ajuste previsional afecta solamente a los m\u00e1s pobres?<\/h3>\n\n\n\n<p>Afecta a todos los jubilados, pero especialmente a quienes dependen exclusivamente de la m\u00ednima y el bono para sobrevivir.<\/p>\n\n\n\n<h3 class=\"wp-block-heading\">\u00bfD\u00f3nde puedo consultar el informe completo?<\/h3>\n\n\n\n<p>El informe est\u00e1 basado en datos de CEPA, BCRA y ANSES. Tambi\u00e9n pod\u00e9s seguir la cobertura en <a href=\"https:\/\/enorsai.com\/actualidad\">Enorsai.com<\/a> y <a href=\"https:\/\/www.telam.com.ar\/\">T\u00e9lam<\/a>.<\/p>\n","protected":false},"excerpt":{"rendered":"<p>El veto presidencial recorta $468 mil millones por mes a jubilados argentinos. Mir\u00e1 el impacto por provincia y dej\u00e1 tu opini\u00f3n.<\/p>\n","protected":false},"author":4,"featured_media":7804,"comment_status":"open","ping_status":"open","sticky":false,"template":"","format":"standard","meta":{"_monsterinsights_skip_tracking":false,"_monsterinsights_sitenote_active":false,"_monsterinsights_sitenote_note":"","_monsterinsights_sitenote_category":0,"footnotes":"","jetpack_publicize_message":"Milei le quita $468.000 millones por mes a los jubilados: la cifra del ajuste","jetpack_publicize_feature_enabled":true,"jetpack_social_post_already_shared":false,"jetpack_social_options":{"image_generator_settings":{"template":"highway","default_image_id":0,"font":"","enabled":false},"version":2}},"categories":[3,4],"tags":[3203,58,3206,93,43,15,3207,227,509,45,3204,916,3205],"class_list":["post-7801","post","type-post","status-publish","format-standard","has-post-thumbnail","hentry","category-economia","category-sociedad","tag-actualizacion-bono","tag-ajuste","tag-ajuste-previsional","tag-argentina","tag-crisis","tag-economia","tag-impacto-socialjubilados-argentina-jpg","tag-inflacion","tag-jubilados","tag-milei","tag-perdida-haberes","tag-provincias","tag-veto-milei"],"jetpack_publicize_connections":[],"_links":{"self":[{"href":"https:\/\/www.enorsai.com\/noticias\/wp-json\/wp\/v2\/posts\/7801","targetHints":{"allow":["GET"]}}],"collection":[{"href":"https:\/\/www.enorsai.com\/noticias\/wp-json\/wp\/v2\/posts"}],"about":[{"href":"https:\/\/www.enorsai.com\/noticias\/wp-json\/wp\/v2\/types\/post"}],"author":[{"embeddable":true,"href":"https:\/\/www.enorsai.com\/noticias\/wp-json\/wp\/v2\/users\/4"}],"replies":[{"embeddable":true,"href":"https:\/\/www.enorsai.com\/noticias\/wp-json\/wp\/v2\/comments?post=7801"}],"version-history":[{"count":1,"href":"https:\/\/www.enorsai.com\/noticias\/wp-json\/wp\/v2\/posts\/7801\/revisions"}],"predecessor-version":[{"id":7805,"href":"https:\/\/www.enorsai.com\/noticias\/wp-json\/wp\/v2\/posts\/7801\/revisions\/7805"}],"wp:featuredmedia":[{"embeddable":true,"href":"https:\/\/www.enorsai.com\/noticias\/wp-json\/wp\/v2\/media\/7804"}],"wp:attachment":[{"href":"https:\/\/www.enorsai.com\/noticias\/wp-json\/wp\/v2\/media?parent=7801"}],"wp:term":[{"taxonomy":"category","embeddable":true,"href":"https:\/\/www.enorsai.com\/noticias\/wp-json\/wp\/v2\/categories?post=7801"},{"taxonomy":"post_tag","embeddable":true,"href":"https:\/\/www.enorsai.com\/noticias\/wp-json\/wp\/v2\/tags?post=7801"}],"curies":[{"name":"wp","href":"https:\/\/api.w.org\/{rel}","templated":true}]}}