{"id":780,"date":"2025-02-07T07:22:07","date_gmt":"2025-02-07T10:22:07","guid":{"rendered":"https:\/\/www.enorsai.com\/noticias\/?p=780"},"modified":"2025-02-07T07:22:07","modified_gmt":"2025-02-07T10:22:07","slug":"seguridad-educacion-y-salud-axel-kicillof-defiende-su-gestion-en-medio-de-la-crisis-nacional","status":"publish","type":"post","link":"https:\/\/www.enorsai.com\/noticias\/politica\/seguridad-educacion-y-salud-axel-kicillof-defiende-su-gestion-en-medio-de-la-crisis-nacional\/","title":{"rendered":"Seguridad, educaci\u00f3n y salud: Axel Kicillof defiende su gesti\u00f3n en medio de la crisis nacional"},"content":{"rendered":"\n<p>En una entrevista contundente en C5N, Axel Kicillof respondi\u00f3 a las acusaciones del gobierno nacional, destac\u00f3 las inversiones en seguridad y educaci\u00f3n, y denunci\u00f3 el abandono de responsabilidades por parte de Milei. \u00bfHasta d\u00f3nde llegar\u00e1 el ajuste y la desregulaci\u00f3n?<br><br>En una entrevista extensa y sin concesiones en C5N, el gobernador de la provincia de Buenos Aires, Axel Kicillof, despleg\u00f3 un discurso cr\u00edtico y argumentativo frente a las pol\u00edticas del gobierno nacional de Javier Milei. Con un tono incisivo y provocativo, Kicillof no solo defendi\u00f3 su gesti\u00f3n en materia de seguridad, educaci\u00f3n y salud, sino que tambi\u00e9n expuso las contradicciones y los efectos devastadores del ajuste econ\u00f3mico impulsado por el gobierno nacional.<br><br>Kicillof comenz\u00f3 abordando uno de los temas m\u00e1s sensibles: la inseguridad. Frente a las acusaciones del presidente Milei, quien calific\u00f3 a la provincia de Buenos Aires como un \u00abba\u00f1o de sangre\u00bb, el gobernador respondi\u00f3 con datos contundentes. \u00abCuando asum\u00ed, hab\u00eda alrededor de 1.000 homicidios al a\u00f1o en la provincia. Hoy estamos en 800, una de las tasas m\u00e1s bajas de la regi\u00f3n\u00bb, afirm\u00f3. Sin embargo, Kicillof no se limit\u00f3 a los n\u00fameros. Critic\u00f3 duramente la falta de respeto hacia las v\u00edctimas y sus familias, acusando al gobierno nacional de utilizar la inseguridad como herramienta de campa\u00f1a electoral. \u00abHacer pol\u00edtica con el dolor ajeno es indignante\u00bb, sentenci\u00f3.<\/p>\n\n\n\n<figure class=\"wp-block-embed is-type-video is-provider-youtube wp-block-embed-youtube wp-embed-aspect-16-9 wp-has-aspect-ratio\"><div class=\"wp-block-embed__wrapper\">\n<iframe loading=\"lazy\" title=\"AXEL KICILLOF en MINUTO UNO | ENTREVISTA COMPLETA\" width=\"640\" height=\"360\" src=\"https:\/\/www.youtube.com\/embed\/nhDWvp72V-A?feature=oembed\" frameborder=\"0\" allow=\"accelerometer; autoplay; clipboard-write; encrypted-media; gyroscope; picture-in-picture; web-share\" referrerpolicy=\"strict-origin-when-cross-origin\" allowfullscreen><\/iframe>\n<\/div><\/figure>\n\n\n\n<p><br><br>El gobernador tambi\u00e9n destac\u00f3 las inversiones realizadas en seguridad durante su gesti\u00f3n. \u00abCuando llegamos, hab\u00eda 790 patrulleros en toda la provincia. Hoy tenemos 5.500, adem\u00e1s de 1.000 motos y seis helic\u00f3pteros operativos\u00bb, enumer\u00f3. Sin embargo, Kicillof no dej\u00f3 de se\u00f1alar que estas mejoras se ven amenazadas por el recorte de fondos por parte del gobierno nacional. \u00abNos sacaron 700.000 millones de pesos del fondo de seguridad. Eso equivale a 100.000 patrulleros que no pudimos comprar\u00bb, denunci\u00f3.<br><br>En materia de narcotr\u00e1fico, Kicillof fue claro: \u00abCada gramo de coca\u00edna que llega a la provincia de Buenos Aires entr\u00f3 por una frontera que no es nuestra. La responsabilidad es del gobierno nacional\u00bb. El gobernador insisti\u00f3 en que, mientras el gobierno de Milei no controle las fronteras, el problema del narcotr\u00e1fico seguir\u00e1 siendo una amenaza para la seguridad de los bonaerenses.<br><br>Pero la cr\u00edtica de Kicillof no se limit\u00f3 a la seguridad. El gobernador tambi\u00e9n abord\u00f3 el impacto del ajuste econ\u00f3mico en la educaci\u00f3n y la salud. \u00abInauguramos 240 escuelas nuevas, pusimos a punto 500 y construimos 10.000 aulas nuevas. Sin embargo, el gobierno nacional cort\u00f3 el fondo de incentivo docente y dej\u00f3 de distribuir libros para las bibliotecas\u00bb, se\u00f1al\u00f3. En cuanto a la salud, Kicillof denunci\u00f3 que el gobierno nacional ha abandonado su responsabilidad en la provisi\u00f3n de medicamentos, especialmente para enfermedades como el c\u00e1ncer. \u00abEl gobierno provincial est\u00e1 haciendo frente a lo que el gobierno nacional ha dejado de hacer\u00bb, afirm\u00f3.<br><br>Kicillof tambi\u00e9n critic\u00f3 la pol\u00edtica econ\u00f3mica de Milei, a la que calific\u00f3 como \u00abun plan viejo y fracasado\u00bb. \u00abEl gobierno nacional est\u00e1 aferrado a un tipo de cambio fijo y a la apertura de importaciones, lo que est\u00e1 destruyendo la industria nacional y generando desempleo\u00bb, sostuvo. El gobernador record\u00f3 que la provincia de Buenos Aires concentra el 50% de la industria nacional y que las pol\u00edticas de Milei est\u00e1n afectando gravemente a este sector. \u00abEstamos hablando de 200.000 despidos en los \u00faltimos meses. Eso son familias enteras que est\u00e1n sufriendo\u00bb, lament\u00f3.<br><br>En un momento de la entrevista, Kicillof tambi\u00e9n se refiri\u00f3 a la situaci\u00f3n pol\u00edtica y electoral. \u00abEl gobierno nacional ha generado un caos en el sistema electoral con la boleta \u00fanica y la incertidumbre sobre las PASO\u00bb, afirm\u00f3. El gobernador se\u00f1al\u00f3 que, en la provincia de Buenos Aires, se est\u00e1 evaluando la posibilidad de desdoblar las elecciones para garantizar que los bonaerenses puedan votar de manera ordenada y sin confusiones.<br><br>Finalmente, Kicillof hizo un llamado a la unidad del campo popular para enfrentar lo que calific\u00f3 como un \u00abgobierno autoritario y homof\u00f3bico\u00bb. \u00abMi ley no ha dejado sector sin agredir. Necesitamos un frente amplio que defienda la producci\u00f3n, el trabajo y los derechos de los argentinos\u00bb, concluy\u00f3.<br><br><\/p>\n\n\n","protected":false},"excerpt":{"rendered":"<p>Axel Kicillof defendi\u00f3 su gesti\u00f3n en seguridad, educaci\u00f3n y salud, mientras critic\u00f3 el ajuste y la deserci\u00f3n del Estado bajo Milei. Denunci\u00f3 recortes, despidos masivos y el abandono de responsabilidades nacionales, llamando a un frente amplio para enfrentar el \u00abdesmantelamiento\u00bb del gobierno actual.<\/p>\n","protected":false},"author":2,"featured_media":785,"comment_status":"open","ping_status":"open","sticky":false,"template":"","format":"standard","meta":{"_monsterinsights_skip_tracking":false,"_monsterinsights_sitenote_active":false,"_monsterinsights_sitenote_note":"","_monsterinsights_sitenote_category":0,"footnotes":"","jetpack_publicize_message":"","jetpack_publicize_feature_enabled":true,"jetpack_social_post_already_shared":true,"jetpack_social_options":{"image_generator_settings":{"template":"highway","default_image_id":0,"font":"","enabled":false},"version":2}},"categories":[2],"tags":[58,276,104,45,86],"class_list":["post-780","post","type-post","status-publish","format-standard","has-post-thumbnail","hentry","category-politica","tag-ajuste","tag-educacion","tag-kicillof","tag-milei","tag-seguridad"],"jetpack_publicize_connections":[],"_links":{"self":[{"href":"https:\/\/www.enorsai.com\/noticias\/wp-json\/wp\/v2\/posts\/780","targetHints":{"allow":["GET"]}}],"collection":[{"href":"https:\/\/www.enorsai.com\/noticias\/wp-json\/wp\/v2\/posts"}],"about":[{"href":"https:\/\/www.enorsai.com\/noticias\/wp-json\/wp\/v2\/types\/post"}],"author":[{"embeddable":true,"href":"https:\/\/www.enorsai.com\/noticias\/wp-json\/wp\/v2\/users\/2"}],"replies":[{"embeddable":true,"href":"https:\/\/www.enorsai.com\/noticias\/wp-json\/wp\/v2\/comments?post=780"}],"version-history":[{"count":2,"href":"https:\/\/www.enorsai.com\/noticias\/wp-json\/wp\/v2\/posts\/780\/revisions"}],"predecessor-version":[{"id":786,"href":"https:\/\/www.enorsai.com\/noticias\/wp-json\/wp\/v2\/posts\/780\/revisions\/786"}],"wp:featuredmedia":[{"embeddable":true,"href":"https:\/\/www.enorsai.com\/noticias\/wp-json\/wp\/v2\/media\/785"}],"wp:attachment":[{"href":"https:\/\/www.enorsai.com\/noticias\/wp-json\/wp\/v2\/media?parent=780"}],"wp:term":[{"taxonomy":"category","embeddable":true,"href":"https:\/\/www.enorsai.com\/noticias\/wp-json\/wp\/v2\/categories?post=780"},{"taxonomy":"post_tag","embeddable":true,"href":"https:\/\/www.enorsai.com\/noticias\/wp-json\/wp\/v2\/tags?post=780"}],"curies":[{"name":"wp","href":"https:\/\/api.w.org\/{rel}","templated":true}]}}