{"id":7783,"date":"2025-08-23T09:09:30","date_gmt":"2025-08-23T12:09:30","guid":{"rendered":"https:\/\/www.enorsai.com\/noticias\/?p=7783"},"modified":"2025-08-23T09:09:30","modified_gmt":"2025-08-23T12:09:30","slug":"el-gobierno-y-el-titanic-escandalos-impunidad-y-silencio-oficial","status":"publish","type":"post","link":"https:\/\/www.enorsai.com\/noticias\/politica\/el-gobierno-y-el-titanic-escandalos-impunidad-y-silencio-oficial\/","title":{"rendered":"El Gobierno y el Titanic: esc\u00e1ndalos, impunidad y silencio oficial"},"content":{"rendered":"\n<p><strong>Mientras se acumulan denuncias de irregularidades \u2014desde contratos cuestionados hasta fraudes cripto\u2014, el oficialismo responde con la misma l\u00f3gica que la \u201ccasta\u201d que prometi\u00f3 desterrar. \u00bfHasta cu\u00e1ndo?<\/strong><\/p>\n\n\n\n<h2 class=\"wp-block-heading\">Una met\u00e1fora que incomoda: \u00bfel gobierno se hunde como el Titanic?<\/h2>\n\n\n\n<p>El conductor <strong>Dar\u00edo Villarruel<\/strong> abri\u00f3 su editorial en Radio 10 comparando la situaci\u00f3n actual del gobierno de <strong>Javier Milei<\/strong> con la escena de los m\u00fasicos que siguen tocando mientras el <em>Titanic<\/em> se hunde. Una met\u00e1fora que resume la contradicci\u00f3n entre la magnitud de los esc\u00e1ndalos y la pasividad oficial frente a ellos.<\/p>\n\n\n\n<h2 class=\"wp-block-heading\">Los esc\u00e1ndalos que golpean a la gesti\u00f3n<\/h2>\n\n\n\n<p>En poco m\u00e1s de un a\u00f1o y medio de gesti\u00f3n, la administraci\u00f3n libertaria acumula episodios de alto voltaje pol\u00edtico y judicial:<\/p>\n\n\n\n<ul class=\"wp-block-list\">\n<li><strong>Criptomonedas:<\/strong> la promoci\u00f3n presidencial de una inversi\u00f3n que termin\u00f3 en estafa.<\/li>\n\n\n\n<li><strong>Valijas sin control aduanero:<\/strong> el caso <em>Scatturice<\/em>, con ingreso irregular de dinero desde Estados Unidos.<\/li>\n\n\n\n<li><strong>Banco Naci\u00f3n:<\/strong> contratos con una empresa vinculada a la familia de <strong>Mart\u00edn Menem<\/strong>.<\/li>\n\n\n\n<li><strong>Discapacidad:<\/strong> audios filtrados que mencionan a <strong>Eduardo \u201cLule\u201d Menem<\/strong> en maniobras con laboratorios y retornos de contratos.<\/li>\n\n\n\n<li><strong>Otros organismos en la mira:<\/strong> <em>ANSES, PAMI, ANDIS, ANMAT y Aduana<\/em>, todos bajo sospecha de pr\u00e1cticas discrecionales.<\/li>\n<\/ul>\n\n\n\n<p>\u201c\u00bfNo son demasiados esc\u00e1ndalos para un a\u00f1o y medio de gobierno?\u201d, se pregunt\u00f3 Villarruel, marcando la falta de responsables pol\u00edticos en un oficialismo que lleg\u00f3 al poder con la promesa de barrer con la corrupci\u00f3n de la casta.<\/p>\n\n\n\n<h2 class=\"wp-block-heading\">El c\u00edrculo \u00edntimo de Karina Milei<\/h2>\n\n\n\n<p>El debate radial puso el foco en <strong>Karina Milei<\/strong> y en su reducido n\u00facleo de confianza: <strong>Eduardo \u201cLule\u201d Menem<\/strong>, <strong>Mart\u00edn Menem<\/strong>, <strong>Sebasti\u00e1n Pareja<\/strong>, <strong>Santiago Viola<\/strong>, el vice del Banco Naci\u00f3n <strong>Wasserman<\/strong>, la diputada <strong>Romina D\u00edez<\/strong> y la funcionaria <strong>Pilar Ram\u00edrez<\/strong>. El se\u00f1alamiento es claro: lejos de cortar con viejas pr\u00e1cticas, el poder se concentra en un clan reducido y familiar.<\/p>\n\n\n\n<h2 class=\"wp-block-heading\">Periodismo bajo sospecha: lealtades e intereses<\/h2>\n\n\n\n<p>Otro tramo de la editorial apunt\u00f3 a periodistas que, seg\u00fan Villarruel y sus compa\u00f1eros, viraron su l\u00ednea editorial de manera abrupta. Nombres como <strong>Alejandro Fantino<\/strong>, <strong>Pablo Rossi<\/strong>, <strong>Jonatan Viale<\/strong> y <strong>Eduardo Feinmann<\/strong> fueron se\u00f1alados por haber perdido credibilidad frente a la audiencia. El caso de Viale, tras un cruce inc\u00f3modo en vivo con el entorno libertario, fue mencionado como ejemplo de la tensi\u00f3n entre prensa y poder.<\/p>\n\n\n\n<h2 class=\"wp-block-heading\">La sensaci\u00f3n social: impunidad y desencanto<\/h2>\n\n\n\n<p>La comparaci\u00f3n con el Titanic tambi\u00e9n interpela a la ciudadan\u00eda: mientras se suceden las denuncias, <em>s\u00f3lo una renuncia de segunda l\u00ednea<\/em> fue la respuesta pol\u00edtica hasta el momento. \u201c\u00bfTenemos cara de boludos?\u201d, se pregunt\u00f3 el conductor, reflejando la bronca social frente a la falta de sanciones reales.<\/p>\n\n\n\n<h3 class=\"wp-block-heading\">Un patr\u00f3n que se repite<\/h3>\n\n\n\n<p>La situaci\u00f3n actual recuerda a otras etapas en la historia argentina en las que gobiernos surgidos con fuerte impronta moralista terminaron atrapados por sus propias contradicciones. En Am\u00e9rica Latina, episodios similares han derivado en severas crisis de legitimidad, como ocurri\u00f3 en Per\u00fa con las denuncias contra <strong>Alberto Fujimori<\/strong> en los a\u00f1os 90.<\/p>\n\n\n\n<p><strong>Infograf\u00eda de esc\u00e1ndalos 2024-2025:<\/strong><\/p>\n\n\n\n<figure class=\"wp-block-table\"><table class=\"has-fixed-layout\"><tbody><tr><th>Caso<\/th><th>Protagonistas<\/th><th>Organismo afectado<\/th><\/tr><tr><td>Fraude cripto<\/td><td>Presidente Milei<\/td><td>Promoci\u00f3n financiera<\/td><\/tr><tr><td>Valijas<\/td><td>Scatturice<\/td><td>Aduana<\/td><\/tr><tr><td>Contratos<\/td><td>Mart\u00edn Menem<\/td><td>Banco Naci\u00f3n<\/td><\/tr><tr><td>Retornos<\/td><td>Lule Menem<\/td><td>Discapacidad<\/td><\/tr><\/tbody><\/table><\/figure>\n\n\n\n<h2 class=\"wp-block-heading\">Reflexi\u00f3n final<\/h2>\n\n\n\n<p>La interpelaci\u00f3n es directa: si el gobierno libertario no logra diferenciarse de aquello que defini\u00f3 como \u201ccasta\u201d, se arriesga a hundirse con la misma imagen de corrupci\u00f3n e impunidad que prometi\u00f3 desterrar. Como se\u00f1al\u00f3 Villarruel, \u201cla suerte estar\u00e1 echada\u201d.<\/p>\n\n\n\n<p><em>Dejanos tu comentario debajo o escribinos a <a href=\"mailto:enorsaionline@gmail.com\">enorsaionline@gmail.com<\/a><\/em><\/p>\n\n\n\n<hr class=\"wp-block-separator has-alpha-channel-opacity\"\/>\n\n\n\n<h2 class=\"wp-block-heading\">Preguntas frecuentes<\/h2>\n\n\n\n<p>\u00bfCu\u00e1les son los principales esc\u00e1ndalos que enfrenta el gobierno de Milei? Desde la estafa vinculada a criptomonedas hasta contratos del Banco Naci\u00f3n con la familia Menem, pasando por irregularidades en Aduana, PAMI y ANSES. \u00bfQu\u00e9 rol tienen Karina Milei y los Menem en estas denuncias? Seg\u00fan audios y testimonios, el entorno de <strong>Karina Milei<\/strong> y los primos <strong>Mart\u00edn y Eduardo \u201cLule\u201d Menem<\/strong> concentran la toma de decisiones y \u00e1reas clave. \u00bfCu\u00e1ntos funcionarios fueron removidos por los esc\u00e1ndalos? Hasta ahora, s\u00f3lo una renuncia menor se concret\u00f3. Los principales se\u00f1alados permanecen en sus cargos. \u00bfQu\u00e9 impacto tiene esto en la opini\u00f3n p\u00fablica? La falta de sanciones alimenta la percepci\u00f3n de impunidad. Seg\u00fan encuestas de <a href=\"https:\/\/www.telam.com.ar\/\">T\u00e9lam<\/a>, crece la desaprobaci\u00f3n del oficialismo. \u00bfD\u00f3nde puedo leer m\u00e1s investigaciones sobre corrupci\u00f3n y poder? En <a href=\"https:\/\/www.enorsai.com\">En Orsai<\/a> pod\u00e9s encontrar an\u00e1lisis cr\u00edticos y en profundidad sobre estas maniobras.<\/p>\n\n\n\n<hr class=\"wp-block-separator has-alpha-channel-opacity\"\/>\n\n\n\n<p><strong>Palabras clave:<\/strong> Javier Milei, Karina Milei, Lule Menem, Mart\u00edn Menem, corrupci\u00f3n, esc\u00e1ndalos, Banco Naci\u00f3n, Radio 10<\/p>\n\n\n\n<p><strong>T\u00edtulo alternativo para redes sociales:<\/strong> El Titanic del gobierno: Milei y los esc\u00e1ndalos que no paran<\/p>\n\n\n\n<p><strong>Descripci\u00f3n corta para redes:<\/strong> Fraudes cripto, contratos irregulares y el poder concentrado en Karina Milei y los Menem: el gobierno enfrenta m\u00e1s esc\u00e1ndalos que respuestas.<\/p>\n","protected":false},"excerpt":{"rendered":"<p>si el gobierno libertario no logra diferenciarse de aquello que defini\u00f3 como \u201ccasta\u201d, se arriesga a hundirse con la misma imagen de corrupci\u00f3n e impunidad que prometi\u00f3 desterrar. Como se\u00f1al\u00f3 Villarruel, \u201cla suerte estar\u00e1 echada\u201d.<\/p>\n","protected":false},"author":5,"featured_media":7784,"comment_status":"open","ping_status":"open","sticky":false,"template":"","format":"standard","meta":{"_monsterinsights_skip_tracking":false,"_monsterinsights_sitenote_active":false,"_monsterinsights_sitenote_note":"","_monsterinsights_sitenote_category":0,"footnotes":"","jetpack_publicize_message":"Fraudes cripto, contratos irregulares y el poder concentrado en Karina Milei y los Menem: el gobierno enfrenta m\u00e1s esc\u00e1ndalos que respuestas.","jetpack_publicize_feature_enabled":true,"jetpack_social_post_already_shared":false,"jetpack_social_options":{"image_generator_settings":{"template":"highway","default_image_id":0,"font":"","enabled":false},"version":2}},"categories":[2,4],"tags":[3201,75,43,3200,106,174,3202,3177,3199,45,2362],"class_list":["post-7783","post","type-post","status-publish","format-standard","has-post-thumbnail","hentry","category-politica","category-sociedad","tag-banco-nacion","tag-corrupcion","tag-crisis","tag-escandalos","tag-javier-milei","tag-karina-milei","tag-karina-milei-menem-corrupcion-jpg","tag-lule-menem","tag-martin-menem","tag-milei","tag-radio-10"],"jetpack_publicize_connections":[],"_links":{"self":[{"href":"https:\/\/www.enorsai.com\/noticias\/wp-json\/wp\/v2\/posts\/7783","targetHints":{"allow":["GET"]}}],"collection":[{"href":"https:\/\/www.enorsai.com\/noticias\/wp-json\/wp\/v2\/posts"}],"about":[{"href":"https:\/\/www.enorsai.com\/noticias\/wp-json\/wp\/v2\/types\/post"}],"author":[{"embeddable":true,"href":"https:\/\/www.enorsai.com\/noticias\/wp-json\/wp\/v2\/users\/5"}],"replies":[{"embeddable":true,"href":"https:\/\/www.enorsai.com\/noticias\/wp-json\/wp\/v2\/comments?post=7783"}],"version-history":[{"count":1,"href":"https:\/\/www.enorsai.com\/noticias\/wp-json\/wp\/v2\/posts\/7783\/revisions"}],"predecessor-version":[{"id":7785,"href":"https:\/\/www.enorsai.com\/noticias\/wp-json\/wp\/v2\/posts\/7783\/revisions\/7785"}],"wp:featuredmedia":[{"embeddable":true,"href":"https:\/\/www.enorsai.com\/noticias\/wp-json\/wp\/v2\/media\/7784"}],"wp:attachment":[{"href":"https:\/\/www.enorsai.com\/noticias\/wp-json\/wp\/v2\/media?parent=7783"}],"wp:term":[{"taxonomy":"category","embeddable":true,"href":"https:\/\/www.enorsai.com\/noticias\/wp-json\/wp\/v2\/categories?post=7783"},{"taxonomy":"post_tag","embeddable":true,"href":"https:\/\/www.enorsai.com\/noticias\/wp-json\/wp\/v2\/tags?post=7783"}],"curies":[{"name":"wp","href":"https:\/\/api.w.org\/{rel}","templated":true}]}}