{"id":7775,"date":"2025-08-22T09:09:26","date_gmt":"2025-08-22T12:09:26","guid":{"rendered":"https:\/\/www.enorsai.com\/noticias\/?p=7775"},"modified":"2025-08-22T09:09:26","modified_gmt":"2025-08-22T12:09:26","slug":"llegar-a-fin-de-mes-la-mision-imposible-en-la-argentina-del-ajuste","status":"publish","type":"post","link":"https:\/\/www.enorsai.com\/noticias\/economia\/llegar-a-fin-de-mes-la-mision-imposible-en-la-argentina-del-ajuste\/","title":{"rendered":"Llegar a fin de mes, la misi\u00f3n imposible en la Argentina del ajuste"},"content":{"rendered":"\n<p><strong>La brecha entre los sueldos pol\u00edticos (la casta) y la realidad de los trabajadores<\/strong> provoca indignaci\u00f3n: con senadores que superan los 10 millones de pesos mensuales y jubilaciones que no alcanzan para cubrir servicios b\u00e1sicos, la crisis social golpea cada vez m\u00e1s fuerte.<\/p>\n\n\n\n<h2 class=\"wp-block-heading\">Dietas millonarias vs salarios de hambre<\/h2>\n\n\n\n<p>Un informe de <strong>Cr\u00f3nica TV<\/strong> puso en evidencia la desproporci\u00f3n entre los <strong>sueldos de los senadores<\/strong> y la situaci\u00f3n de millones de argentinos. Mientras un legislador nacional percibe alrededor de <strong>10,2 millones de pesos por mes<\/strong>, el salario promedio ronda los <strong>500 mil pesos<\/strong> y una <strong>jubilaci\u00f3n m\u00ednima<\/strong> apenas cubre medicamentos y servicios b\u00e1sicos.<\/p>\n\n\n\n<p>La bronca social crece: <em>\u00abNo est\u00e1 mal que un funcionario tenga un salario acorde a su responsabilidad, pero es inmoral cuando la mayor\u00eda no llega a fin de mes\u00bb<\/em>, afirmaron en el programa. La desigualdad queda clara si se compara con el techo presidencial, que deber\u00eda ser el l\u00edmite de remuneraci\u00f3n en el Estado.<\/p>\n\n\n\n<figure class=\"wp-block-embed is-type-wp-embed is-provider-incrustado wp-block-embed-incrustado\"><div class=\"wp-block-embed__wrapper\">\n<blockquote class=\"wp-embedded-content\" data-secret=\"5YvHIgLFsL\"><a href=\"https:\/\/www.enorsai.com\/noticias\/economia\/consumo-en-crisis-8-de-cada-10-argentinos-ajustan-gastos-mientras-senadores-se-suben-el-sueldo\/\">Consumo en crisis: 8 de cada 10 argentinos ajustan gastos mientras senadores se suben el sueldo<\/a><\/blockquote><iframe loading=\"lazy\" class=\"wp-embedded-content\" sandbox=\"allow-scripts\" security=\"restricted\" style=\"position: absolute; visibility: hidden;\" title=\"\u00abConsumo en crisis: 8 de cada 10 argentinos ajustan gastos mientras senadores se suben el sueldo\u00bb \u2014 \" src=\"https:\/\/www.enorsai.com\/noticias\/economia\/consumo-en-crisis-8-de-cada-10-argentinos-ajustan-gastos-mientras-senadores-se-suben-el-sueldo\/embed\/#?secret=zgeHe7DnCh#?secret=5YvHIgLFsL\" data-secret=\"5YvHIgLFsL\" width=\"600\" height=\"338\" frameborder=\"0\" marginwidth=\"0\" marginheight=\"0\" scrolling=\"no\"><\/iframe>\n<\/div><\/figure>\n\n\n\n<h2 class=\"wp-block-heading\">Desconexi\u00f3n pol\u00edtica y empat\u00eda ausente<\/h2>\n\n\n\n<p>Las cr\u00edticas alcanzan a todos los partidos: se trata de un <strong>problema transversal<\/strong>, con senadores de distintos bloques votando mecanismos de actualizaci\u00f3n de dietas atadas a las paritarias de empleados legislativos. Aunque en teor\u00eda pueden renunciar a los aumentos, la pr\u00e1ctica muestra pocas excepciones.<\/p>\n\n\n\n<p>Se record\u00f3 el caso de <strong>Alicia Kirchner<\/strong>, que opt\u00f3 por no cobrar ambos ingresos (jubilaci\u00f3n y dieta), como gesto \u00e9tico. Sin embargo, la mayor\u00eda de la clase pol\u00edtica est\u00e1 bajo la lupa por su <strong>desconexi\u00f3n con la crisis econ\u00f3mica<\/strong> que atraviesa el pa\u00eds.<\/p>\n\n\n\n<h2 class=\"wp-block-heading\">Pobreza en alza y datos en disputa<\/h2>\n\n\n\n<p>En paralelo, la <strong>pobreza estructural<\/strong> sigue creciendo. Seg\u00fan cifras oficiales, aument\u00f3 un 27% el n\u00famero de personas en situaci\u00f3n de calle en la Argentina. Esto contrasta con las mediciones que se\u00f1alan que la pobreza habr\u00eda bajado al 20%, una aparente contradicci\u00f3n que genera sospechas sobre la <strong>fiabilidad del INDEC<\/strong> y sus m\u00e9todos de medici\u00f3n.<\/p>\n\n\n\n<p>La calle muestra otra realidad: cada vez m\u00e1s adultos y familias con menores viven en veredas o improvisados refugios. Una postal que refleja la falta de pol\u00edticas activas, en un contexto donde ya cerraron m\u00e1s de <strong>30 mil pymes<\/strong> en los \u00faltimos a\u00f1os. <\/p>\n\n\n\n<figure class=\"wp-block-embed is-type-wp-embed is-provider-incrustado wp-block-embed-incrustado\"><div class=\"wp-block-embed__wrapper\">\n<blockquote class=\"wp-embedded-content\" data-secret=\"YmUOs4Tpjw\"><a href=\"https:\/\/www.enorsai.com\/noticias\/politica\/no-pienso-renunciar-sin-llevarme-a-karina-y-los-menem-escandalo-de-corrupcion-golpea-al-corazon-del-gobierno-milei\/\">\u00abNo pienso renunciar sin llevarme a Karina y los Menem\u00bb: esc\u00e1ndalo de corrupci\u00f3n golpea al coraz\u00f3n del Gobierno Milei<\/a><\/blockquote><iframe loading=\"lazy\" class=\"wp-embedded-content\" sandbox=\"allow-scripts\" security=\"restricted\" style=\"position: absolute; visibility: hidden;\" title=\"\u00ab\u00abNo pienso renunciar sin llevarme a Karina y los Menem\u00bb: esc\u00e1ndalo de corrupci\u00f3n golpea al coraz\u00f3n del Gobierno Milei\u00bb \u2014 \" src=\"https:\/\/www.enorsai.com\/noticias\/politica\/no-pienso-renunciar-sin-llevarme-a-karina-y-los-menem-escandalo-de-corrupcion-golpea-al-corazon-del-gobierno-milei\/embed\/#?secret=RVAN6SHdAl#?secret=YmUOs4Tpjw\" data-secret=\"YmUOs4Tpjw\" width=\"600\" height=\"338\" frameborder=\"0\" marginwidth=\"0\" marginheight=\"0\" scrolling=\"no\"><\/iframe>\n<\/div><\/figure>\n\n\n\n<h2 class=\"wp-block-heading\">El ajuste y la vida cotidiana<\/h2>\n\n\n\n<p>El choque entre decisiones pol\u00edticas y necesidades ciudadanas se expresa en datos concretos:<\/p>\n\n\n\n<ul class=\"wp-block-list\">\n<li>Un jubilado destina en promedio m\u00e1s del <strong>15% de sus ingresos a pagar la luz<\/strong>.<\/li>\n\n\n\n<li>El costo real de servicios como gas, agua y medicamentos consume buena parte de la jubilaci\u00f3n m\u00ednima.<\/li>\n\n\n\n<li>Los bonos propuestos resultan insuficientes frente a la inflaci\u00f3n y la p\u00e9rdida de poder adquisitivo.<\/li>\n<\/ul>\n\n\n\n<p>Mientras tanto, economistas advierten que el pa\u00eds mantiene dos realidades paralelas: un <strong>\u201cc\u00edrculo rojo\u201d empresarial<\/strong> que logra sostener ganancias y una <strong>mayor\u00eda social empobrecida<\/strong>, que apenas alcanza a cubrir lo b\u00e1sico.<\/p>\n\n\n\n<h2 class=\"wp-block-heading\">Reflexi\u00f3n final<\/h2>\n\n\n\n<p>Lo simb\u00f3lico importa: que senadores se aumenten sus dietas mientras millones no llegan a fin de mes profundiza la sensaci\u00f3n de injusticia. La pol\u00edtica est\u00e1 obligada a recuperar empat\u00eda social si pretende gobernar en una Argentina atravesada por la desigualdad.<\/p>\n\n\n\n<p><em>Dejanos tu comentario debajo o escribinos a <a href=\"mailto:enorsaionline@gmail.com\">enorsaionline@gmail.com<\/a><\/em><\/p>\n\n\n\n<p><a href=\"https:\/\/enorsai.com\/nota\/xxx\">Le\u00e9 tambi\u00e9n: Jubilaciones en la mira del ajuste<\/a><\/p>\n\n\n\n<p><a href=\"https:\/\/enorsai.com.ar\/nota\/xxx\">M\u00e1s sobre el impacto de la pobreza en la Argentina actual<\/a><\/p>\n\n\n\n<p>Fuente complementaria: <a href=\"https:\/\/www.telam.com.ar\">T\u00e9lam<\/a><\/p>\n\n\n\n<hr class=\"wp-block-separator has-alpha-channel-opacity\"\/>\n\n\n\n<h2 class=\"wp-block-heading\">Preguntas Frecuentes<\/h2>\n\n\n\n<h3 class=\"wp-block-heading\">Cu\u00e1nto gana un senador en Argentina?<\/h3>\n\n\n\n<p>Actualmente un senador nacional percibe alrededor de 10,2 millones de pesos mensuales, cifra muy superior al salario promedio de los trabajadores y a la jubilaci\u00f3n m\u00ednima.<\/p>\n\n\n\n<h3 class=\"wp-block-heading\">Por qu\u00e9 crece la indignaci\u00f3n con la clase pol\u00edtica?<\/h3>\n\n\n\n<p>Porque mientras aumentan sus dietas millonarias, gran parte de la poblaci\u00f3n no llega a cubrir alimentos, servicios y medicamentos. La desconexi\u00f3n pol\u00edtica se percibe cada vez m\u00e1s profunda. <a href=\"https:\/\/enorsai.com\/nota\/xxx\">M\u00e1s info ac\u00e1<\/a>.<\/p>\n\n\n\n<h3 class=\"wp-block-heading\">Qu\u00e9 relaci\u00f3n hay entre pobreza y situaci\u00f3n de calle?<\/h3>\n\n\n\n<p>Mientras las estad\u00edsticas oficiales hablan de una merma en la pobreza, hay un 27% m\u00e1s de personas viviendo en la calle. La falta de coherencia de los datos provoca desconfianza en las mediciones.<\/p>\n\n\n\n<h3 class=\"wp-block-heading\">Qu\u00e9 porcentaje de la jubilaci\u00f3n se destina a servicios b\u00e1sicos?<\/h3>\n\n\n\n<p>En promedio, un jubilado dedica un 15% de su ingreso a la luz, m\u00e1s gastos crecientes en gas, agua y medicamentos. Esto vuelve insuficientes los bonos y aumentos otorgados por el gobierno.<\/p>\n\n\n\n<h3 class=\"wp-block-heading\">Se pueden revertir los aumentos de dietas pol\u00edticas?<\/h3>\n\n\n\n<p>S\u00ed. Depende de que el Congreso vote una norma para desvincularlas de las paritarias o los legisladores renuncien voluntariamente. Pero en la pr\u00e1ctica, son pocos los que lo hacen.<\/p>\n","protected":false},"excerpt":{"rendered":"<p>Los senadores cobran m\u00e1s de 10 millones mientras cada vez m\u00e1s familias viven en la calle. La brecha salarial y la falta de empat\u00eda pol\u00edtica profundizan la crisis social.<\/p>\n","protected":false},"author":4,"featured_media":7780,"comment_status":"open","ping_status":"open","sticky":false,"template":"","format":"standard","meta":{"_monsterinsights_skip_tracking":false,"_monsterinsights_sitenote_active":false,"_monsterinsights_sitenote_note":"","_monsterinsights_sitenote_category":0,"footnotes":"","jetpack_publicize_message":"\ud83d\udc49 \u201cDietas millonarias vs hambre: la brecha que indigna al pa\u00eds\u201d\n\n","jetpack_publicize_feature_enabled":true,"jetpack_social_post_already_shared":false,"jetpack_social_options":{"image_generator_settings":{"template":"highway","default_image_id":0,"font":"","enabled":false},"version":2}},"categories":[3,4],"tags":[1491,3197,3198,3194,3196,105,3195,3193],"class_list":["post-7775","post","type-post","status-publish","format-standard","has-post-thumbnail","hentry","category-economia","category-sociedad","tag-ajuste-economico","tag-cronica-tv-inflacion","tag-desigualdad-social-argentina","tag-jubilacion-minima","tag-llegar-a-fin-de-mes","tag-pobreza-en-argentina","tag-situacion-de-calle","tag-sueldos-senadores-argentina"],"jetpack_publicize_connections":[],"_links":{"self":[{"href":"https:\/\/www.enorsai.com\/noticias\/wp-json\/wp\/v2\/posts\/7775","targetHints":{"allow":["GET"]}}],"collection":[{"href":"https:\/\/www.enorsai.com\/noticias\/wp-json\/wp\/v2\/posts"}],"about":[{"href":"https:\/\/www.enorsai.com\/noticias\/wp-json\/wp\/v2\/types\/post"}],"author":[{"embeddable":true,"href":"https:\/\/www.enorsai.com\/noticias\/wp-json\/wp\/v2\/users\/4"}],"replies":[{"embeddable":true,"href":"https:\/\/www.enorsai.com\/noticias\/wp-json\/wp\/v2\/comments?post=7775"}],"version-history":[{"count":1,"href":"https:\/\/www.enorsai.com\/noticias\/wp-json\/wp\/v2\/posts\/7775\/revisions"}],"predecessor-version":[{"id":7781,"href":"https:\/\/www.enorsai.com\/noticias\/wp-json\/wp\/v2\/posts\/7775\/revisions\/7781"}],"wp:featuredmedia":[{"embeddable":true,"href":"https:\/\/www.enorsai.com\/noticias\/wp-json\/wp\/v2\/media\/7780"}],"wp:attachment":[{"href":"https:\/\/www.enorsai.com\/noticias\/wp-json\/wp\/v2\/media?parent=7775"}],"wp:term":[{"taxonomy":"category","embeddable":true,"href":"https:\/\/www.enorsai.com\/noticias\/wp-json\/wp\/v2\/categories?post=7775"},{"taxonomy":"post_tag","embeddable":true,"href":"https:\/\/www.enorsai.com\/noticias\/wp-json\/wp\/v2\/tags?post=7775"}],"curies":[{"name":"wp","href":"https:\/\/api.w.org\/{rel}","templated":true}]}}