{"id":7771,"date":"2025-08-22T08:28:28","date_gmt":"2025-08-22T11:28:28","guid":{"rendered":"https:\/\/www.enorsai.com\/noticias\/?p=7771"},"modified":"2025-08-22T08:28:28","modified_gmt":"2025-08-22T11:28:28","slug":"los-audios-de-spagnuolo-destapan-una-trama-de-coimas-con-vinculos-a-los-menem","status":"publish","type":"post","link":"https:\/\/www.enorsai.com\/noticias\/politica\/los-audios-de-spagnuolo-destapan-una-trama-de-coimas-con-vinculos-a-los-menem\/","title":{"rendered":"Los audios de Spagnuolo destapan una trama de coimas con v\u00ednculos a los Menem"},"content":{"rendered":"\n<p><strong>Una filtraci\u00f3n explosiva sacude al Gobierno de Javier Milei<\/strong>: los audios de Fernando Spagnuolo, ex titular de la Agencia Nacional de Discapacidad, revelan supuestos retornos ilegales que involucran a la familia Menem y mencionan a Karina Milei en la recaudaci\u00f3n.<\/p>\n\n\n\n<h2 class=\"wp-block-heading\">La investigaci\u00f3n period\u00edstica que encendi\u00f3 la alarma<\/h2>\n\n\n\n<p>El periodista <strong>Mauro Federico<\/strong> (Urbana Play) difundi\u00f3 grabaciones en las que <strong>Fernando Spagnuolo<\/strong>, abogado cercano al presidente Javier Milei, describe un sistema de retornos ilegales en contratos de la <strong>Agencia Nacional de Discapacidad (ANDIS)<\/strong>. Seg\u00fan su testimonio, una droguer\u00eda vinculada al clan <strong>Menem<\/strong> \u2014en particular, <em>Suizo Argentina<\/em>\u2014 habr\u00eda sido la pieza clave en la maniobra.<\/p>\n\n\n\n<p>Los audios fueron grabados en 2024 y verificados con herramientas tecnol\u00f3gicas de identificaci\u00f3n de voz con un 99% de coincidencia, seg\u00fan revel\u00f3 el propio Federico. Su publicaci\u00f3n oblig\u00f3 al Gobierno a desplazar tanto a Spagnuolo como a <strong>Hern\u00e1n Garbellini<\/strong>, otro funcionario mencionado en la trama.<\/p>\n\n\n\n<h2 class=\"wp-block-heading\">C\u00f3mo funcionar\u00eda el esquema de retornos<\/h2>\n\n\n\n<p>De acuerdo al relato de Spagnuolo, la operatoria consist\u00eda en:<\/p>\n\n\n\n<ul class=\"wp-block-list\">\n<li>Laboratorios venden medicamentos a droguer\u00edas.<\/li>\n\n\n\n<li>La droguer\u00eda <em>Suizo Argentina<\/em> intermedia con el Estado.<\/li>\n\n\n\n<li>Se establec\u00eda un retorno del 5 al 8% en cada contrato.<\/li>\n\n\n\n<li>Ese excedente ir\u00eda a parar, seg\u00fan Spagnuolo, a <strong>Eduardo \u201cLule\u201d Menem<\/strong> y a <strong>Karina Milei<\/strong>.<\/li>\n<\/ul>\n\n\n\n<p>La <strong>licitaci\u00f3n adjudicada en 2024 por 15 mil millones de pesos a Suizo Argentina<\/strong> refuerza las sospechas sobre un favoritismo indebido. Tal como record\u00f3 Federico, no es la primera vez que esta droguer\u00eda aparece bajo la lupa: ya en 2023 hab\u00eda sido se\u00f1alada en otra causa judicial iniciada por denuncias period\u00edsticas.<\/p>\n\n\n\n<h2 class=\"wp-block-heading\">Impacto pol\u00edtico y judicial<\/h2>\n\n\n\n<p>Tras la difusi\u00f3n, el juez federal <strong>Sebasti\u00e1n Casanello<\/strong> y el fiscal <strong>Franco Picardi<\/strong> tomaron la investigaci\u00f3n. Se esperan <strong>allanamientos<\/strong> en la ANDIS y en la droguer\u00eda, adem\u00e1s del secuestro de dispositivos electr\u00f3nicos. Spagnuolo habr\u00eda afirmado tener <strong>mensajes de WhatsApp con Karina Milei<\/strong> que probar\u00edan sus denuncias.<\/p>\n\n\n\n<p>Las denuncias de <strong>Gregorio Dalb\u00f3n<\/strong> (abogado) y <strong>Gabriel Solano<\/strong> (diputado del FIT) tambi\u00e9n entraron al Juzgado Federal N\u00ba 11, donde podr\u00edan unificarse con causas previas. La investigaci\u00f3n podr\u00eda convertirse en uno de los casos de corrupci\u00f3n m\u00e1s delicados del gobierno libertario.<\/p>\n\n\n\n<h2 class=\"wp-block-heading\">Los Menem, Karina Milei y el poder paralelo<\/h2>\n\n\n\n<p>Los v\u00ednculos entre <strong>Mart\u00edn Menem<\/strong> \u2014presidente de la C\u00e1mara de Diputados\u2014 y la Casa Rosada no son nuevos. Las denuncias de supuestos negocios de seguridad privada y contratos estatales ya hab\u00edan sido adelantadas por dirigentes opositores como <strong>Marcela Pagano<\/strong>. Ahora, los audios de Spagnuolo suman un elemento m\u00e1s: responsabilizan directamente a la secretaria general de la Presidencia, <strong>Karina Milei<\/strong>, conocida como \u201cel Jefe\u201d.<\/p>\n\n\n\n<p>En perspectiva hist\u00f3rica, las tramas de retornos en la compra estatal de medicamentos no son novedad en Argentina ni en otros pa\u00edses. Casos similares se investigaron en Brasil durante la <em>Operaci\u00f3n Lava Jato<\/em> y en Italia con el <em>Tangentopoli<\/em>. La diferencia aqu\u00ed es la cercan\u00eda con el c\u00edrculo \u00edntimo del presidente libertario.<\/p>\n\n\n\n<h2 class=\"wp-block-heading\">Qu\u00e9 puede pasar ahora<\/h2>\n\n\n\n<p>La causa reci\u00e9n comienza, pero ya hay tres elementos clave:<\/p>\n\n\n\n<ol class=\"wp-block-list\">\n<li><strong>Prueba en audios<\/strong>: filtraci\u00f3n verificada de Spagnuolo.<\/li>\n\n\n\n<li><strong>Denuncias judiciales m\u00faltiples<\/strong>: Dalb\u00f3n, Solano y otros sectores opositores.<\/li>\n\n\n\n<li><strong>Prueba complementaria<\/strong>: presuntos mensajes con Karina Milei en manos del exfuncionario.<\/li>\n<\/ol>\n\n\n\n<p>Todo apunta a que la investigaci\u00f3n avanzar\u00e1 con medidas concretas en los pr\u00f3ximos d\u00edas, poniendo en tensi\u00f3n la relaci\u00f3n entre el c\u00edrculo presidencial y la Justicia Federal.<\/p>\n\n\n\n<h2 class=\"wp-block-heading\">Reflexi\u00f3n final<\/h2>\n\n\n\n<p>Los audios de Spagnuolo no solo golpean al gobierno de Milei sino que vuelven a instalar el interrogante central: <strong>\u00bfpuede la Argentina dejar atr\u00e1s los esquemas estructurales de corrupci\u00f3n pol\u00edtica y empresarial?<\/strong> La respuesta depender\u00e1 de qu\u00e9 tan lejos est\u00e9 dispuesta a llegar la Justicia.<\/p>\n\n\n\n<p><em>Dejanos tu comentario debajo o escribinos a <a href=\"mailto:enorsaionline@gmail.com\">enorsaionline@gmail.com<\/a><\/em><\/p>\n\n\n\n<p><a href=\"https:\/\/enorsai.com\/nota\/xxx\">Le\u00e9 tambi\u00e9n: Negocios de Mart\u00edn Menem bajo la lupa<\/a><\/p>\n\n\n\n<p><a href=\"https:\/\/enorsai.com.ar\/nota\/xxx\">M\u00e1s sobre: Corrupci\u00f3n en la compra de medicamentos<\/a><\/p>\n\n\n\n<p>Fuente complementaria: <a href=\"https:\/\/www.pagina12.com.ar\/\">P\u00e1gina 12<\/a><\/p>\n\n\n\n<hr class=\"wp-block-separator has-alpha-channel-opacity\"\/>\n\n\n\n<h2 class=\"wp-block-heading\">Preguntas Frecuentes<\/h2>\n\n\n\n<h3 class=\"wp-block-heading\">\u00bfQui\u00e9n es Fernando Spagnuolo?<\/h3>\n\n\n\n<p>Fue titular de la Agencia Nacional de Discapacidad (ANDIS) y abogado cercano a Javier Milei. Renunci\u00f3 tras la filtraci\u00f3n de audios que lo involucran en un esquema de coimas con la familia Menem.<\/p>\n\n\n\n<h3 class=\"wp-block-heading\">Qu\u00e9 revelan los audios de Spagnuolo?<\/h3>\n\n\n\n<p>Los audios exponen un supuesto circuito de retornos del 8% en contratos de medicamentos con el Estado, que seg\u00fan Spagnuolo llegaban a Eduardo \u201cLule\u201d Menem y Karina Milei.<\/p>\n\n\n\n<h3 class=\"wp-block-heading\">Qu\u00e9 empresas est\u00e1n implicadas en el caso Spagnuolo?<\/h3>\n\n\n\n<p>Principalmente la droguer\u00eda <em>Suizo Argentina<\/em>, que obtuvo contratos millonarios en la ANDIS. Tambi\u00e9n se investigan laboratorios proveedores y funcionarios de compras del organismo. <a href=\"https:\/\/enorsai.com\/nota\/xxx\">M\u00e1s datos ac\u00e1<\/a>.<\/p>\n\n\n\n<h3 class=\"wp-block-heading\">Por qu\u00e9 es clave el rol de la familia Menem?<\/h3>\n\n\n\n<p>Porque Mart\u00edn Menem y otros familiares tienen v\u00ednculos con la droguer\u00eda se\u00f1alada. Adem\u00e1s, su cercan\u00eda con Karina Milei genera sospechas de un engranaje pol\u00edtico-empresarial en beneficio propio.<\/p>\n\n\n\n<h3 class=\"wp-block-heading\">Qu\u00e9 puede pasar con la investigaci\u00f3n judicial?<\/h3>\n\n\n\n<p>El juez Sebasti\u00e1n Casanello podr\u00eda ordenar allanamientos y secuestro de celulares. Si se confirman los mensajes con Karina Milei, el caso podr\u00eda escalar a un esc\u00e1ndalo pol\u00edtico e institucional. <a href=\"https:\/\/www.telam.com.ar\">M\u00e1s informaci\u00f3n oficial<\/a>.<\/p>\n","protected":false},"excerpt":{"rendered":"<p>Los audios filtrados de Fernando Spagnuolo, ex titular de la ANDIS, revelan un esquema de retornos con una droguer\u00eda ligada a los Menem y mencionan a Karina Milei como beneficiaria. La Justicia ya investiga.<\/p>\n","protected":false},"author":4,"featured_media":7772,"comment_status":"open","ping_status":"open","sticky":false,"template":"","format":"standard","meta":{"_monsterinsights_skip_tracking":false,"_monsterinsights_sitenote_active":false,"_monsterinsights_sitenote_note":"","_monsterinsights_sitenote_category":0,"footnotes":"","jetpack_publicize_message":"\ud83d\udc49 \u201cLos audios de coimas que comprometen al Gobierno de Milei\u201d","jetpack_publicize_feature_enabled":true,"jetpack_social_post_already_shared":false,"jetpack_social_options":{"image_generator_settings":{"template":"highway","default_image_id":0,"font":"","enabled":false},"version":2}},"categories":[2,4],"tags":[3191,3176,3190,3192,3188,3189,3187],"class_list":["post-7771","post","type-post","status-publish","format-standard","has-post-thumbnail","hentry","category-politica","category-sociedad","tag-andis-contratos","tag-coimas-gobierno-milei","tag-corrupcion-menem","tag-franco-picardi-investigacion","tag-karina-milei-licitaciones","tag-spagnuolo-audios","tag-suizo-argentina-medicamentos"],"jetpack_publicize_connections":[],"_links":{"self":[{"href":"https:\/\/www.enorsai.com\/noticias\/wp-json\/wp\/v2\/posts\/7771","targetHints":{"allow":["GET"]}}],"collection":[{"href":"https:\/\/www.enorsai.com\/noticias\/wp-json\/wp\/v2\/posts"}],"about":[{"href":"https:\/\/www.enorsai.com\/noticias\/wp-json\/wp\/v2\/types\/post"}],"author":[{"embeddable":true,"href":"https:\/\/www.enorsai.com\/noticias\/wp-json\/wp\/v2\/users\/4"}],"replies":[{"embeddable":true,"href":"https:\/\/www.enorsai.com\/noticias\/wp-json\/wp\/v2\/comments?post=7771"}],"version-history":[{"count":1,"href":"https:\/\/www.enorsai.com\/noticias\/wp-json\/wp\/v2\/posts\/7771\/revisions"}],"predecessor-version":[{"id":7773,"href":"https:\/\/www.enorsai.com\/noticias\/wp-json\/wp\/v2\/posts\/7771\/revisions\/7773"}],"wp:featuredmedia":[{"embeddable":true,"href":"https:\/\/www.enorsai.com\/noticias\/wp-json\/wp\/v2\/media\/7772"}],"wp:attachment":[{"href":"https:\/\/www.enorsai.com\/noticias\/wp-json\/wp\/v2\/media?parent=7771"}],"wp:term":[{"taxonomy":"category","embeddable":true,"href":"https:\/\/www.enorsai.com\/noticias\/wp-json\/wp\/v2\/categories?post=7771"},{"taxonomy":"post_tag","embeddable":true,"href":"https:\/\/www.enorsai.com\/noticias\/wp-json\/wp\/v2\/tags?post=7771"}],"curies":[{"name":"wp","href":"https:\/\/api.w.org\/{rel}","templated":true}]}}