{"id":7762,"date":"2025-08-21T20:24:19","date_gmt":"2025-08-21T23:24:19","guid":{"rendered":"https:\/\/www.enorsai.com\/noticias\/?p=7762"},"modified":"2025-08-21T20:31:16","modified_gmt":"2025-08-21T23:31:16","slug":"no-pienso-renunciar-sin-llevarme-a-karina-y-los-menem-escandalo-de-corrupcion-golpea-al-corazon-del-gobierno-milei","status":"publish","type":"post","link":"https:\/\/www.enorsai.com\/noticias\/politica\/no-pienso-renunciar-sin-llevarme-a-karina-y-los-menem-escandalo-de-corrupcion-golpea-al-corazon-del-gobierno-milei\/","title":{"rendered":"\u00abNo pienso renunciar sin llevarme a Karina y los Menem\u00bb: esc\u00e1ndalo de corrupci\u00f3n golpea al coraz\u00f3n del Gobierno Milei"},"content":{"rendered":"\n<p><\/p>\n\n\n\n<p><strong>Audios comprometedores, denuncias de coimas millonarias y v\u00ednculos directos con Karina Milei y los Menem destapan el caso de corrupci\u00f3n m\u00e1s grave del Gobierno libertario hasta ahora.<\/strong><\/p>\n\n\n\n<h2 class=\"wp-block-heading\">El audio que hizo temblar a la Casa Rosada<\/h2>\n\n\n\n<p>La filtraci\u00f3n de un audio de <strong>Diego Spagnuolo<\/strong>, ex director de la <strong>Agencia Nacional de Discapacidad (ANDIS)<\/strong>, sacudi\u00f3 al oficialismo: <em>\u201cNo pienso renunciar sin llevarme a alguien conmigo: a los Menem y a Karina\u201d<\/em>. La frase, contundente y reveladora, abri\u00f3 la puerta a acusaciones que alcanzan al c\u00edrculo m\u00e1s \u00edntimo del presidente <strong>Javier Milei<\/strong>. <\/p>\n\n\n\n<p><a href=\"https:\/\/www.enorsai.com.ar\/politica\/42347-el-entramado-millonario-de-los-menem-y-su-pacto-con-el-gobierno-de-javier-milei.html\" data-type=\"link\" data-id=\"https:\/\/www.enorsai.com.ar\/politica\/42347-el-entramado-millonario-de-los-menem-y-su-pacto-con-el-gobierno-de-javier-milei.html\"><strong>El entramado millonario de los Menem<\/strong> y su pacto con el gobierno de Javier Milei<\/a><\/p>\n\n\n\n<h2 class=\"wp-block-heading\">Esquema de coimas en la provisi\u00f3n de medicamentos<\/h2>\n\n\n\n<p>Seg\u00fan el testimonio de Spagnuolo y la investigaci\u00f3n en curso, se detect\u00f3 un <strong>circuito de sobornos en la compra y entrega de medicamentos<\/strong>. El sistema funcionaba con la participaci\u00f3n de una droguer\u00eda suizo-argentina que operaba como intermediaria:<\/p>\n\n\n\n<ul class=\"wp-block-list\">\n<li>El margen de ganancia de la droguer\u00eda era del 5%, pero pas\u00f3 al 8%.<\/li>\n\n\n\n<li>Ese 3% adicional habr\u00eda ido a parar directamente a estructuras vinculadas a <strong>Presidencia<\/strong>.<\/li>\n\n\n\n<li>Los nombres mencionados: <strong>Karina Milei<\/strong> y <strong>Lule Menem<\/strong>.<\/li>\n<\/ul>\n\n\n\n<p>El m\u00e9todo era simple: para obtener contratos directos o liberar pagos retenidos, parte de la ganancia se transformaba en coimas, distorsionando las licitaciones p\u00fablicas e incrementando el costo al Estado.<\/p>\n\n\n\n<h2 class=\"wp-block-heading\">Repercusiones pol\u00edticas y judiciales<\/h2>\n\n\n\n<p>El fiscal <strong>Piccardi<\/strong> analiza ordenar el secuestro del celular de Spagnuolo, donde habr\u00eda <strong>mensajes de WhatsApp<\/strong> de Karina Milei con instrucciones sobre el reparto de dinero. Al mismo tiempo, el diputado <strong>Gabriel Solano<\/strong> present\u00f3 <strong>una segunda denuncia<\/strong> contra el ex funcionario y contra la hermana del presidente. <\/p>\n\n\n\n<figure class=\"wp-block-embed is-type-wp-embed is-provider-incrustado wp-block-embed-incrustado\"><div class=\"wp-block-embed__wrapper\">\n<blockquote class=\"wp-embedded-content\" data-secret=\"VXTpnybaLE\"><a href=\"https:\/\/www.enorsai.com\/noticias\/politica\/santoro-los-audios-de-las-coimas-en-discapacidad-son-mas-graves-que-el-escandalo-libra\/\">Santoro: \u201cLos audios de las coimas en Discapacidad son m\u00e1s graves que el esc\u00e1ndalo Libra\u201d<\/a><\/blockquote><iframe loading=\"lazy\" class=\"wp-embedded-content\" sandbox=\"allow-scripts\" security=\"restricted\" style=\"position: absolute; visibility: hidden;\" title=\"\u00abSantoro: \u201cLos audios de las coimas en Discapacidad son m\u00e1s graves que el esc\u00e1ndalo Libra\u201d\u00bb \u2014 \" src=\"https:\/\/www.enorsai.com\/noticias\/politica\/santoro-los-audios-de-las-coimas-en-discapacidad-son-mas-graves-que-el-escandalo-libra\/embed\/#?secret=9AfRQoDBbI#?secret=VXTpnybaLE\" data-secret=\"VXTpnybaLE\" width=\"600\" height=\"338\" frameborder=\"0\" marginwidth=\"0\" marginheight=\"0\" scrolling=\"no\"><\/iframe>\n<\/div><\/figure>\n\n\n\n<p>En el Congreso, la oposici\u00f3n pidi\u00f3 la <strong>interpelaci\u00f3n inmediata<\/strong> tanto de Karina Milei como de Spagnuolo. La presi\u00f3n pol\u00edtica escala y amenaza con confrontar directamente al oficialismo con uno de los cap\u00edtulos m\u00e1s graves de presunta corrupci\u00f3n.<\/p>\n\n\n\n<h2 class=\"wp-block-heading\">Otros casos que ensombrecen al Gobierno Milei<\/h2>\n\n\n\n<p>El affaire Spagnuolo no es el primero que golpea al oficialismo. En los \u00faltimos meses, diversos episodios aumentaron las sospechas sobre manejos turbios:<\/p>\n\n\n\n<ul class=\"wp-block-list\">\n<li><strong>Contrato con empresas cercanas a funcionarios<\/strong>: denuncias de adjudicaciones directas millonarias en \u00e1reas de infraestructura y energ\u00eda.<\/li>\n\n\n\n<li><strong>Negocios con consultoras privadas<\/strong>: contrataciones sin licitaci\u00f3n a firmas vinculadas a asesores econ\u00f3micos de Milei.<\/li>\n\n\n\n<li><strong>Fondos fiduciarios opacos<\/strong>: cuestionamientos a la falta de transparencia en el uso de fideicomisos para obras p\u00fablicas.<\/li>\n\n\n\n<li><strong>Acuerdos con laboratorios<\/strong>: sobreprecios en la compra de insumos hospitalarios, similares al circuito que hoy investiga la causa ANDIS.<\/li>\n<\/ul>\n\n\n\n<h2 class=\"wp-block-heading\">El quiebre con Milei<\/h2>\n\n\n\n<p>Spagnuolo no s\u00f3lo qued\u00f3 marcado por las denuncias y el apartamiento decidido por decreto, sino que tambi\u00e9n sufri\u00f3 el <strong>quiebre total con Javier Milei<\/strong>, quien lo bloque\u00f3 en su celular. Ese gesto lo dej\u00f3 aislado, aunque no sin capacidad de da\u00f1o: a\u00fan guarda pruebas que podr\u00edan comprometer a la mism\u00edsima <strong>Casa Rosada<\/strong>.<\/p>\n\n\n\n<h2 class=\"wp-block-heading\">Reflexi\u00f3n final<\/h2>\n\n\n\n<p>El caso Spagnuolo se presenta como el <strong>esc\u00e1ndalo de corrupci\u00f3n m\u00e1s grande del Gobierno de Milei<\/strong> hasta la fecha. Las denuncias alcanzan directamente a Karina Milei, cerebro pol\u00edtico del Ejecutivo, y a la familia Menem, parte del engranaje oficialista. En un clima social marcado por la crisis econ\u00f3mica y la p\u00e9rdida de poder adquisitivo, un esc\u00e1ndalo de estas dimensiones no s\u00f3lo erosiona la confianza ciudadana, sino que tambi\u00e9n amenaza con desestabilizar la estructura de poder del propio presidente.<\/p>\n\n\n\n<p><strong>Dejanos tu comentario debajo o escribinos a <a href=\"mailto:enorsaionline@gmail.com\">enorsaionline@gmail.com<\/a><\/strong><\/p>\n\n\n\n<hr class=\"wp-block-separator has-alpha-channel-opacity\"\/>\n\n\n\n<h3 class=\"wp-block-heading\">Preguntas frecuentes sobre el caso Spagnuolo y Milei<\/h3>\n\n\n\n<h4 class=\"wp-block-heading\">\u00bfQu\u00e9 dijo Spagnuolo sobre Karina Milei y los Menem?<\/h4>\n\n\n\n<p>En un audio filtrado, afirm\u00f3: <em>\u201cNo pienso renunciar sin llevarme a alguien conmigo: a los Menem y a Karina\u201d<\/em>, comprometiendo al c\u00edrculo \u00edntimo del presidente.<\/p>\n\n\n\n<h4 class=\"wp-block-heading\">C\u00f3mo funcionaba el esquema de coimas en la ANDIS<\/h4>\n\n\n\n<p>Una droguer\u00eda intermediaria inflaba un 3% adicional en sus operaciones destinado, seg\u00fan denuncias, a estructuras vinculadas a la Presidencia y al entorno Milei.<\/p>\n\n\n\n<h4 class=\"wp-block-heading\">Qui\u00e9n present\u00f3 las \u00faltimas denuncias judiciales<\/h4>\n\n\n\n<p>El legislador Gabriel Solano present\u00f3 una segunda denuncia formal contra Spagnuolo y contra Karina Milei por su presunta participaci\u00f3n en el esquema de corrupci\u00f3n.<\/p>\n\n\n\n<h4 class=\"wp-block-heading\">Qu\u00e9 v\u00ednculos existen con otros casos de corrupci\u00f3n<\/h4>\n\n\n\n<p>Existen denuncias de contratos direccionados, fideicomisos opacos y sobreprecios en insumos hospitalarios, similares al esquema revelado en la ANDIS. M\u00e1s detalles en <a href=\"https:\/\/www.enorsai.com\/nota\/33521-precios-cuidados-y-las-limitaciones-del-control-de-precios.html\">esta nota de Enorsai<\/a>.<\/p>\n\n\n\n<h4 class=\"wp-block-heading\">Qu\u00e9 pasos judiciales se esperan en la causa<\/h4>\n\n\n\n<p>La justicia podr\u00eda secuestrar el celular de Spagnuolo, clave para verificar mensajes y WhatsApps que lo vincular\u00edan a Karina Milei y a los Menem en la trama. <\/p>\n\n\n\n<figure class=\"wp-block-embed is-type-wp-embed is-provider-incrustado wp-block-embed-incrustado\"><div class=\"wp-block-embed__wrapper\">\n<blockquote class=\"wp-embedded-content\" data-secret=\"SUL7ceJhuY\"><a href=\"https:\/\/www.enorsai.com\/noticias\/politica\/escandalo-de-corrupcion-libertaria-en-la-agencia-nacional-de-discapacidad-audios-comprometen-al-gobierno-de-javier-y-karina-milei\/\">Esc\u00e1ndalo de Corrupci\u00f3n Libertaria en la Agencia Nacional de Discapacidad: audios comprometen al Gobierno de Javier y Karina Milei<\/a><\/blockquote><iframe loading=\"lazy\" class=\"wp-embedded-content\" sandbox=\"allow-scripts\" security=\"restricted\" style=\"position: absolute; visibility: hidden;\" title=\"\u00abEsc\u00e1ndalo de Corrupci\u00f3n Libertaria en la Agencia Nacional de Discapacidad: audios comprometen al Gobierno de Javier y Karina Milei\u00bb \u2014 \" src=\"https:\/\/www.enorsai.com\/noticias\/politica\/escandalo-de-corrupcion-libertaria-en-la-agencia-nacional-de-discapacidad-audios-comprometen-al-gobierno-de-javier-y-karina-milei\/embed\/#?secret=9oPqAMxKkY#?secret=SUL7ceJhuY\" data-secret=\"SUL7ceJhuY\" width=\"600\" height=\"338\" frameborder=\"0\" marginwidth=\"0\" marginheight=\"0\" scrolling=\"no\"><\/iframe>\n<\/div><\/figure>\n","protected":false},"excerpt":{"rendered":"<p>Audios comprometedores, denuncias de coimas millonarias y v\u00ednculos directos con Karina Milei y los Menem destapan el caso de corrupci\u00f3n m\u00e1s grave del Gobierno libertario hasta ahora.<\/p>\n","protected":false},"author":4,"featured_media":7763,"comment_status":"open","ping_status":"open","sticky":false,"template":"","format":"standard","meta":{"_monsterinsights_skip_tracking":false,"_monsterinsights_sitenote_active":false,"_monsterinsights_sitenote_note":"","_monsterinsights_sitenote_category":0,"footnotes":"","jetpack_publicize_message":"CORRUPCI\u00d3N LIBERTARIA: \"No pienso renunciar sin llevarme a Karina y los Menem\"","jetpack_publicize_feature_enabled":true,"jetpack_social_post_already_shared":false,"jetpack_social_options":{"image_generator_settings":{"template":"highway","default_image_id":0,"font":"","enabled":false},"version":2}},"categories":[2,4],"tags":[93,3181,3176,75,3182,3179,3178,70,174,3177,45,72,3180],"class_list":["post-7762","post","type-post","status-publish","format-standard","has-post-thumbnail","hentry","category-politica","category-sociedad","tag-argentina","tag-audios-filtrados-milei","tag-coimas-gobierno-milei","tag-corrupcion","tag-corrupcion-en-presidencia","tag-denuncia-gabriel-solano","tag-escandalo-de-corrupcion-milei","tag-justicia","tag-karina-milei","tag-lule-menem","tag-milei","tag-politica","tag-spagnuolo-andis"],"jetpack_publicize_connections":[],"_links":{"self":[{"href":"https:\/\/www.enorsai.com\/noticias\/wp-json\/wp\/v2\/posts\/7762","targetHints":{"allow":["GET"]}}],"collection":[{"href":"https:\/\/www.enorsai.com\/noticias\/wp-json\/wp\/v2\/posts"}],"about":[{"href":"https:\/\/www.enorsai.com\/noticias\/wp-json\/wp\/v2\/types\/post"}],"author":[{"embeddable":true,"href":"https:\/\/www.enorsai.com\/noticias\/wp-json\/wp\/v2\/users\/4"}],"replies":[{"embeddable":true,"href":"https:\/\/www.enorsai.com\/noticias\/wp-json\/wp\/v2\/comments?post=7762"}],"version-history":[{"count":1,"href":"https:\/\/www.enorsai.com\/noticias\/wp-json\/wp\/v2\/posts\/7762\/revisions"}],"predecessor-version":[{"id":7764,"href":"https:\/\/www.enorsai.com\/noticias\/wp-json\/wp\/v2\/posts\/7762\/revisions\/7764"}],"wp:featuredmedia":[{"embeddable":true,"href":"https:\/\/www.enorsai.com\/noticias\/wp-json\/wp\/v2\/media\/7763"}],"wp:attachment":[{"href":"https:\/\/www.enorsai.com\/noticias\/wp-json\/wp\/v2\/media?parent=7762"}],"wp:term":[{"taxonomy":"category","embeddable":true,"href":"https:\/\/www.enorsai.com\/noticias\/wp-json\/wp\/v2\/categories?post=7762"},{"taxonomy":"post_tag","embeddable":true,"href":"https:\/\/www.enorsai.com\/noticias\/wp-json\/wp\/v2\/tags?post=7762"}],"curies":[{"name":"wp","href":"https:\/\/api.w.org\/{rel}","templated":true}]}}