{"id":7757,"date":"2025-08-21T11:08:30","date_gmt":"2025-08-21T14:08:30","guid":{"rendered":"https:\/\/www.enorsai.com\/noticias\/?p=7757"},"modified":"2025-08-21T11:08:30","modified_gmt":"2025-08-21T14:08:30","slug":"santoro-los-audios-de-las-coimas-en-discapacidad-son-mas-graves-que-el-escandalo-libra","status":"publish","type":"post","link":"https:\/\/www.enorsai.com\/noticias\/politica\/santoro-los-audios-de-las-coimas-en-discapacidad-son-mas-graves-que-el-escandalo-libra\/","title":{"rendered":"Santoro: \u201cLos audios de las coimas en Discapacidad son m\u00e1s graves que el esc\u00e1ndalo Libra\u201d"},"content":{"rendered":"\n<p>Por Redacci\u00f3n Enorsai<\/p>\n\n\n\n<p>Leandro Santoro, diputado nacional, calific\u00f3 como \u201cm\u00e1s grave\u201d el esc\u00e1ndalo de las coimas en la Agencia Nacional de Discapacidad que el caso Libra, y denunci\u00f3 que el Gobierno profundiz\u00f3 la crisis al evitar acciones judiciales y explicaciones p\u00fablicas. El ajuste toca a los m\u00e1s vulnerables y acent\u00faa la desconfianza pol\u00edtica.<\/p>\n\n\n\n<h2 class=\"wp-block-heading\">Santoro y el esc\u00e1ndalo: \u201cNo hicieron denuncia judicial, agravan el quilombo\u201d<\/h2>\n\n\n\n<p>En di\u00e1logo con <strong>AM 530 Somos Radio<\/strong>, <strong>Leandro Santoro<\/strong> critic\u00f3 la reacci\u00f3n oficial por la salida de <strong>Diego Spagnuolo<\/strong> tras los audios que revelan pedidos de coimas en la compra de medicamentos para discapacidad. \u201cNo s\u00e9 si es por incapacidad o porque el quilombo es tan grande que no supieron c\u00f3mo dibujarlo, pero terminaron agravando el esc\u00e1ndalo y la situaci\u00f3n judicial de todos los mencionados\u201d, sentenci\u00f3.<\/p>\n\n\n\n<p>Santoro subray\u00f3 que <strong>el Gobierno evit\u00f3 referirse al contenido de los audios<\/strong> y dej\u00f3 ir al funcionario sin presentar denuncia penal: \u201cCometen un error y no s\u00e9 si hasta un delito\u201d.<\/p>\n\n\n\n<h2 class=\"wp-block-heading\">\u201cEsto es una caja pol\u00edtica y roban a los m\u00e1s vulnerables\u201d<\/h2>\n\n\n\n<ul class=\"wp-block-list\">\n<li>Santoro lament\u00f3 que los audios revelan una trama donde se desviaban hasta <strong>800 mil d\u00f3lares mensuales<\/strong> de proveedores de discapacidad.<\/li>\n\n\n\n<li>\u201cEs robar la plata de los m\u00e1s necesitados. No s\u00e9 qu\u00e9 m\u00e1s hijo de puta se puede ser\u201d, dispar\u00f3.<\/li>\n\n\n\n<li>Cuestion\u00f3 la pasividad del presidente Milei: \u201cSe lo dec\u00edan al presidente y el presidente se hac\u00eda el boludo. Los funcionarios deben dar explicaciones\u201d.<\/li>\n\n\n\n<li>Compar\u00f3 el esc\u00e1ndalo con Libra: \u201cEn Libra muchos piensan que es una estafa entre privados; esto es robo desde una caja pol\u00edtica en plena discusi\u00f3n por la ley de emergencia en discapacidad\u201d.<\/li>\n<\/ul>\n\n\n\n<h2 class=\"wp-block-heading\">Santoro sobre el Congreso: \u201cVotos canjeados por plata, insensibilidad inaudita\u201d<\/h2>\n\n\n\n<p>El diputado critic\u00f3 a los gobernadores que negociaron votos en la sesi\u00f3n sobre el veto presidencial a discapacidad y jubilaciones. \u201cEso se canjea por plata para las provincias. Es un nivel de insensibilidad inaudito. El ajuste se materializa negociando derechos elementales de los sectores m\u00e1s vulnerados\u201d, sentenci\u00f3.<\/p>\n\n\n\n<p>El debate parlamentario sigue caliente: mientras se rechaza el veto en discapacidad, el de jubilaciones sobrevive gracias al juego de los gobernadores y acuerdos subterr\u00e1neos.<\/p>\n\n\n\n<p><strong>Infograf\u00eda | Comparativo pol\u00edtico<\/strong><\/p>\n\n\n\n<figure class=\"wp-block-table\"><table class=\"has-fixed-layout\"><thead><tr><th>Esc\u00e1ndalo<\/th><th>Implicados<\/th><th>Impacto<\/th><\/tr><\/thead><tbody><tr><td>Libra<\/td><td>Milei, privados<\/td><td>Fraude, abuso de autoridad, tokens<\/td><\/tr><tr><td>Coimas Discapacidad<\/td><td>Spagnuolo, Karina Milei, gobierno nacional<\/td><td>Corrupci\u00f3n en prestaciones, robo a vulnerables<\/td><\/tr><\/tbody><\/table><\/figure>\n\n\n\n<p><small>Fuentes internas: <a href=\"https:\/\/www.enorsai.com.ar\/sociedad\/2025\/08\/20\/ley-discapacidad-diputados-veto-prestadores-senado.html\">Enorsai<\/a><\/small><\/p>\n\n\n\n<h2 class=\"wp-block-heading\">El contexto social y pol\u00edtico: agravamiento de la crisis<\/h2>\n\n\n\n<p>El esc\u00e1ndalo estalla junto al debate por el ajuste en sectores sociales, la emergencia en discapacidad y jubilaciones, y la desconfianza creciente en las instituciones. Como <a href=\"https:\/\/www.enorsai.com.ar\/politica\/2025\/08\/21\/escandalo-coimas-discapacidad-karina-milei.html\">analiza Enorsai<\/a>, la gravedad del hecho radica en que \u201ctoca el bolsillo p\u00fablico y la dignidad de quienes m\u00e1s necesitan\u201d.<\/p>\n\n\n\n<p>Santoro sintetiz\u00f3 el clima: \u201cNunca vi tanta insensibilidad. El Gobierno deber\u00eda explicar y la justicia actuar, no encubrir ni agravar la situaci\u00f3n\u201d.<\/p>\n\n\n\n<p><strong>Reflexi\u00f3n final:<\/strong> Los audios y la reacci\u00f3n oficial exponen una crisis \u00e9tica y pol\u00edtica profunda. El ajuste y la corrupci\u00f3n afectan directamente a los m\u00e1s desprotegidos. La sociedad y la justicia deben exigir explicaciones de todos los implicados.<\/p>\n\n\n\n<p>Dejanos tu comentario debajo o escribinos a <a href=\"mailto:enorsaionline@gmail.com\">enorsaionline@gmail.com<\/a><\/p>\n\n\n\n<h2 class=\"wp-block-heading\">Preguntas frecuentes sobre coimas en discapacidad y reacci\u00f3n oficial<\/h2>\n\n\n\n<h3 class=\"wp-block-heading\">\u00bfQu\u00e9 dijo Santoro sobre los audios de coimas en Discapacidad?<\/h3>\n\n\n\n<p>Santoro dijo que el esc\u00e1ndalo de coimas en la Agencia Nacional de Discapacidad es m\u00e1s grave a\u00fan que Libra, y critic\u00f3 al Gobierno por no responder ni hacer denuncia judicial.<\/p>\n\n\n\n<h3 class=\"wp-block-heading\">\u00bfQu\u00e9 diferencia el esc\u00e1ndalo de Discapacidad del caso Libra?<\/h3>\n\n\n\n<p>Para Santoro, Libra involucra fraude entre privados, pero la corrupci\u00f3n en Discapacidad es robo desde una caja pol\u00edtica, directamente sobre fondos vulnerables.<\/p>\n\n\n\n<h3 class=\"wp-block-heading\">\u00bfQu\u00e9 impacto tiene el esc\u00e1ndalo en la opini\u00f3n p\u00fablica?<\/h3>\n\n\n\n<p>Santoro advirti\u00f3 que para la sociedad, las coimas en Discapacidad son a\u00fan m\u00e1s graves por afectar la protecci\u00f3n estatal a los vulnerables. Consulta <a href=\"https:\/\/www.enorsai.com.ar\/sociedad\/2025\/08\/20\/ley-discapacidad-diputados-veto-prestadores-senado.html\">Enorsai<\/a> para contexto.<\/p>\n\n\n\n<h3 class=\"wp-block-heading\">\u00bfEl Gobierno denunci\u00f3 penalmente a los implicados?<\/h3>\n\n\n\n<p>No. Santoro denunci\u00f3 que dejaron ir a Spagnuolo sin denuncia judicial, simplemente despidi\u00e9ndolo y agravando la crisis pol\u00edtica y judicial.<\/p>\n\n\n\n<h3 class=\"wp-block-heading\">\u00bfHabr\u00e1 consecuencias judiciales sobre Milei y Karina Milei?<\/h3>\n\n\n\n<p>El clima pide investigaci\u00f3n y sanci\u00f3n para todos los implicados. La justicia tiene la responsabilidad de esclarecer y sancionar seg\u00fan la gravedad de lo denunciado.<\/p>\n","protected":false},"excerpt":{"rendered":"<p>El diputado Santoro denuncia que el ajuste y las coimas del gobierno dejan a los m\u00e1s vulnerables sin protecci\u00f3n. Grave crisis \u00e9tica y pol\u00edtica.<\/p>\n","protected":false},"author":4,"featured_media":7758,"comment_status":"open","ping_status":"open","sticky":false,"template":"","format":"standard","meta":{"_monsterinsights_skip_tracking":false,"_monsterinsights_sitenote_active":false,"_monsterinsights_sitenote_note":"","_monsterinsights_sitenote_category":0,"footnotes":"","jetpack_publicize_message":"CORRUPCI\u00d3N LIBERTARIA - Los audios que revelan pedidos de coimas en la compra de medicamentos para discapacidad","jetpack_publicize_feature_enabled":true,"jetpack_social_post_already_shared":false,"jetpack_social_options":{"image_generator_settings":{"template":"highway","default_image_id":0,"font":"","enabled":false},"version":2}},"categories":[2,4],"tags":[3169,3172,3174,3171,3173,622,174,3170,3175],"class_list":["post-7757","post","type-post","status-publish","format-standard","has-post-thumbnail","hentry","category-politica","category-sociedad","tag-ajuste-prestaciones","tag-audios-filtrados","tag-coimas-discapacidad","tag-corrupcion-gobierno-milei","tag-diego-spagnuolo","tag-escandalo-politico","tag-karina-milei","tag-ley-discapacidad","tag-santoro-am-530"],"jetpack_publicize_connections":[],"_links":{"self":[{"href":"https:\/\/www.enorsai.com\/noticias\/wp-json\/wp\/v2\/posts\/7757","targetHints":{"allow":["GET"]}}],"collection":[{"href":"https:\/\/www.enorsai.com\/noticias\/wp-json\/wp\/v2\/posts"}],"about":[{"href":"https:\/\/www.enorsai.com\/noticias\/wp-json\/wp\/v2\/types\/post"}],"author":[{"embeddable":true,"href":"https:\/\/www.enorsai.com\/noticias\/wp-json\/wp\/v2\/users\/4"}],"replies":[{"embeddable":true,"href":"https:\/\/www.enorsai.com\/noticias\/wp-json\/wp\/v2\/comments?post=7757"}],"version-history":[{"count":1,"href":"https:\/\/www.enorsai.com\/noticias\/wp-json\/wp\/v2\/posts\/7757\/revisions"}],"predecessor-version":[{"id":7759,"href":"https:\/\/www.enorsai.com\/noticias\/wp-json\/wp\/v2\/posts\/7757\/revisions\/7759"}],"wp:featuredmedia":[{"embeddable":true,"href":"https:\/\/www.enorsai.com\/noticias\/wp-json\/wp\/v2\/media\/7758"}],"wp:attachment":[{"href":"https:\/\/www.enorsai.com\/noticias\/wp-json\/wp\/v2\/media?parent=7757"}],"wp:term":[{"taxonomy":"category","embeddable":true,"href":"https:\/\/www.enorsai.com\/noticias\/wp-json\/wp\/v2\/categories?post=7757"},{"taxonomy":"post_tag","embeddable":true,"href":"https:\/\/www.enorsai.com\/noticias\/wp-json\/wp\/v2\/tags?post=7757"}],"curies":[{"name":"wp","href":"https:\/\/api.w.org\/{rel}","templated":true}]}}