{"id":7754,"date":"2025-08-21T10:52:02","date_gmt":"2025-08-21T13:52:02","guid":{"rendered":"https:\/\/www.enorsai.com\/noticias\/?p=7754"},"modified":"2025-08-21T10:52:02","modified_gmt":"2025-08-21T13:52:02","slug":"escandalo-de-corrupcion-libertaria-en-la-agencia-nacional-de-discapacidad-audios-comprometen-al-gobierno-de-javier-y-karina-milei","status":"publish","type":"post","link":"https:\/\/www.enorsai.com\/noticias\/politica\/escandalo-de-corrupcion-libertaria-en-la-agencia-nacional-de-discapacidad-audios-comprometen-al-gobierno-de-javier-y-karina-milei\/","title":{"rendered":"Esc\u00e1ndalo de Corrupci\u00f3n Libertaria en la Agencia Nacional de Discapacidad: audios comprometen al Gobierno de Javier y Karina Milei"},"content":{"rendered":"\n<p>Por Redacci\u00f3n Enorsai<\/p>\n\n\n\n<p>El despido de Diego Spagnuolo, titular de la Agencia Nacional de Discapacidad, expuso una trama de <strong>corrupci\u00f3n, coimas y manejo oscuro de fondos p\u00fablicos<\/strong>. Audios filtrados lo vinculan con pedidos de sobornos del 8% en la compra de medicamentos y mencionan directamente al presidente Javier Milei y su hermana Karina. El caso genera revuelo pol\u00edtico y pone bajo la lupa el ajuste estatal y el trato a los m\u00e1s vulnerables.<\/p>\n\n\n\n<h2 class=\"wp-block-heading\">Audios filtrados y salida de Spagnuolo: el Gobierno en crisis<\/h2>\n\n\n\n<p>El esc\u00e1ndalo sacude a la administraci\u00f3n nacional. La difusi\u00f3n de audios donde <strong>Diego Spagnuolo<\/strong> (titular de la Agencia Nacional de Discapacidad) denuncia coimas sistem\u00e1ticas \u2014del 8% en la compra de medicamentos\u2014 y acusa directamente a la estructura oficial, forz\u00f3 al Gobierno a removerlo del cargo en un comunicado plagado de eufemismos.<\/p>\n\n\n\n<p>Seg\u00fan las grabaciones, los sobornos eran compartidos y hasta <strong>Karina Milei<\/strong>, hermana presidencial y principal operadora pol\u00edtica, era mencionada como beneficiaria de las maniobras. El propio Spagnuolo afirma haber informado a <strong>Javier Milei<\/strong> de la situaci\u00f3n sin obtener respuesta concreta. <\/p>\n\n\n\n<figure class=\"wp-block-embed is-type-wp-embed is-provider-incrustado wp-block-embed-incrustado\"><div class=\"wp-block-embed__wrapper\">\n<blockquote class=\"wp-embedded-content\" data-secret=\"Mln3EURHW0\"><a href=\"https:\/\/www.enorsai.com\/noticias\/politica\/corrupcion-libertaria-alerta-por-operacion-sospechosa-de-zefico-s-a-la-empresa-ligada-al-cerebro-de-milei\/\">CORRUPCI\u00d3N LIBERTARIA: Alerta por operaci\u00f3n sospechosa de Zefico S.A., la empresa ligada al \u201ccerebro\u201d de Milei<\/a><\/blockquote><iframe loading=\"lazy\" class=\"wp-embedded-content\" sandbox=\"allow-scripts\" security=\"restricted\" style=\"position: absolute; visibility: hidden;\" title=\"\u00abCORRUPCI\u00d3N LIBERTARIA: Alerta por operaci\u00f3n sospechosa de Zefico S.A., la empresa ligada al \u201ccerebro\u201d de Milei\u00bb \u2014 \" src=\"https:\/\/www.enorsai.com\/noticias\/politica\/corrupcion-libertaria-alerta-por-operacion-sospechosa-de-zefico-s-a-la-empresa-ligada-al-cerebro-de-milei\/embed\/#?secret=mq8Aafy0aU#?secret=Mln3EURHW0\" data-secret=\"Mln3EURHW0\" width=\"600\" height=\"338\" frameborder=\"0\" marginwidth=\"0\" marginheight=\"0\" scrolling=\"no\"><\/iframe>\n<\/div><\/figure>\n\n\n\n<h2 class=\"wp-block-heading\">\u00bfC\u00f3mo era el circuito de las coimas?<\/h2>\n\n\n\n<ul class=\"wp-block-list\">\n<li>Solicitud de retornos del 8% en compras del Estado de medicamentos esenciales para personas con discapacidad.<\/li>\n\n\n\n<li>Spagnuolo narra el reparto del dinero entre \u201cla operatoria\u201d, \u00e9l y Karina (seg\u00fan sus dichos: \u201cKarina te llevas el 3\u201d%).<\/li>\n\n\n\n<li>Referencia a montos entre medio mill\u00f3n y 800 mil pesos por mes en retornos.<\/li>\n\n\n\n<li>Spagnuolo asegura haber comunicado la maniobra y guardado pruebas (WhatsApp, nombres, transferencias).<\/li>\n\n\n\n<li>El presidente, seg\u00fan los audios, fue advertido y opt\u00f3 por el silencio.<\/li>\n<\/ul>\n\n\n\n<h2 class=\"wp-block-heading\">Un comunicado que agrava el esc\u00e1ndalo<\/h2>\n\n\n\n<p>La respuesta oficial se limit\u00f3 a un breve tuit que anunci\u00f3 la remoci\u00f3n \u201cpreventiva\u201d de Spagnuolo sin aclarar ni detallar los hechos. No se anunci\u00f3 denuncia penal, auditor\u00eda ni investigaci\u00f3n inmediata, y se culp\u00f3 a la oposici\u00f3n de utilizar el caso pol\u00edticamente. El comunicado refuerza el clima de opacidad y la falta de transparencia oficial (<a href=\"https:\/\/www.pagina12.com.ar\/\" target=\"_blank\" rel=\"noreferrer noopener\">P\u00e1gina 12<\/a>). <\/p>\n\n\n\n<p><a href=\"https:\/\/www.enorsai.com.ar\/politica\/41968-los-escandalos-de-corrupcion-en-el-gobierno-de-javier-milei.html\" data-type=\"link\" data-id=\"https:\/\/www.enorsai.com.ar\/politica\/41968-los-escandalos-de-corrupcion-en-el-gobierno-de-javier-milei.html\"><strong>Los esc\u00e1ndalos de Corrupci\u00f3n en el Gobierno de Javier Milei<\/strong><\/a><\/p>\n\n\n\n<h2 class=\"wp-block-heading\">Contexto hist\u00f3rico y debate pol\u00edtico<\/h2>\n\n\n\n<h3 class=\"wp-block-heading\">Casos similares y la singularidad del nuevo esc\u00e1ndalo<\/h3>\n\n\n\n<p>La corrupci\u00f3n en \u00e1reas de salud y discapacidad no es nueva, pero nunca antes las grabaciones mencionaron a la \u201cmesa chica\u201d del poder presidencial (Karina y Javier Milei). El caso estalla mientras el Gobierno justifica ajustes en el sector y coincide con leyes debatidas sobre financiamiento a prestaciones y reducci\u00f3n de beneficios, como abord\u00f3 <a href=\"https:\/\/www.enorsai.com.ar\/sociedad\/2025\/08\/20\/ley-discapacidad-diputados-veto-prestadores-senado.html\">Enorsai<\/a> en coberturas recientes.<\/p>\n\n\n\n<p>El caso tensiona al oficialismo, salpica la narrativa de \u201clucha anticorrupci\u00f3n\u201d y pone en tela de juicio la conducta \u00e9tica de las m\u00e1ximas autoridades. <strong>En el Congreso, los recortes y la crisis en discapacidad se discuten al mismo tiempo que se revelan estos manejos turbios.<\/strong><\/p>\n\n\n\n<p><strong>Infograf\u00eda<\/strong>:<br><strong>Corrupci\u00f3n en la Agencia Nacional de Discapacidad &#8211; Claves<\/strong><\/p>\n\n\n\n<ul class=\"wp-block-list\">\n<li>Audios y pruebas: 8% de retorno en compras, menci\u00f3n directa a Karina Milei.<\/li>\n\n\n\n<li>Remoci\u00f3n por tuit, sin investigaci\u00f3n inmediata.<\/li>\n\n\n\n<li>Ajustes y recortes paralelos en beneficios sociales.<\/li>\n\n\n\n<li>El tema impacta en debate legislativo y confianza p\u00fablica. <a href=\"https:\/\/www.enorsai.com.ar\/sociedad\/2025\/08\/20\/ley-discapacidad-diputados-veto-prestadores-senado.html\">Ver nota relacionada<\/a><\/li>\n<\/ul>\n\n\n\n<h2 class=\"wp-block-heading\">Repercusiones y voces cr\u00edticas<\/h2>\n\n\n\n<p>Referentes y periodistas, desde Ernesto Tenembaum hasta pol\u00edticos opositores y comunicadores como Babi Checopar, calificaron la maniobra como \u201ccanallesca y obscena\u201d, se\u00f1alando la gravedad de robar a los sectores m\u00e1s vulnerables. Se multiplicaron los pedidos de apertura de causa judicial y auditor\u00eda urgente.<\/p>\n\n\n\n<h2 class=\"wp-block-heading\">\u00bfQu\u00e9 significa este esc\u00e1ndalo para Milei?<\/h2>\n\n\n\n<ul class=\"wp-block-list\">\n<li>Es el hecho de corrupci\u00f3n m\u00e1s grave y cercano a la c\u00fapula presidencial en lo que va de la gesti\u00f3n.<\/li>\n\n\n\n<li>Compromete la credibilidad del relato anticasta.<\/li>\n\n\n\n<li>Obliga a la oposici\u00f3n y al sistema institucional a exigir respuestas claras y sanci\u00f3n a los responsables.<\/li>\n<\/ul>\n\n\n\n<h2 class=\"wp-block-heading\">\u00bfY ahora qu\u00e9?<\/h2>\n\n\n\n<p>Crecen las voces que exigen investigaciones penales y la renuncia de todos los funcionarios involucrados directa e indirectamente. El tema seguir\u00e1 en la agenda con pedidos de informaci\u00f3n judicial, auditor\u00eda integral y sanci\u00f3n social.<\/p>\n\n\n\n<p><strong>\u00bfC\u00f3mo sigue el ajuste y las pol\u00edticas de discapacidad en este contexto?<\/strong> El debate parlamentario contin\u00faa, con un ambiente de m\u00e1xima desconfianza y pedido de controles extremos.<\/p>\n\n\n\n<p><strong>Reflexi\u00f3n final:<\/strong> El esc\u00e1ndalo desaf\u00eda la idea de \u00e9tica y transparencia estatal. En un pa\u00eds que ajusta a los m\u00e1s vulnerables, la connivencia de altos funcionarios en maniobras de corrupci\u00f3n merece una respuesta a la altura. \u00bfQu\u00e9 pens\u00e1s de este nuevo caso?<\/p>\n\n\n\n<p>Dejanos tu comentario debajo o escribinos a <a href=\"mailto:enorsaionline@gmail.com\">enorsaionline@gmail.com<\/a><\/p>\n\n\n\n<h2 class=\"wp-block-heading\">Preguntas frecuentes sobre el esc\u00e1ndalo de coimas en discapacidad<\/h2>\n\n\n\n<h3 class=\"wp-block-heading\">\u00bfQu\u00e9 dice el audio filtrado que involucra a Karina Milei?<\/h3>\n\n\n\n<p>El audio muestra a Diego Spagnuolo, titular removido de la Agencia Nacional de Discapacidad, relatando c\u00f3mo se ped\u00edan y repart\u00edan coimas (del 8% en compras de medicamentos), mencionando que parte iba para Karina Milei. Spagnuolo se\u00f1ala haber informado a Javier Milei sobre estos hechos.<\/p>\n\n\n\n<h3 class=\"wp-block-heading\">\u00bfEl gobierno accion\u00f3 judicialmente tras conocer la denuncia?<\/h3>\n\n\n\n<p>Hasta el momento solo se anunci\u00f3 la remoci\u00f3n \u00abpreventiva\u00bb de Spagnuolo mediante un tuit oficial. No se difundieron medidas judiciales formales seg\u00fan <a href=\"https:\/\/www.pagina12.com.ar\/\" target=\"_blank\" rel=\"noreferrer noopener\">P\u00e1gina 12<\/a> y <a href=\"https:\/\/www.enorsai.com.ar\" target=\"_blank\" rel=\"noreferrer noopener\">Enorsai<\/a>.<\/p>\n\n\n\n<h3 class=\"wp-block-heading\">\u00bfC\u00f3mo operaba el circuito de las coimas denunciado?<\/h3>\n\n\n\n<p>Se trataba de un retorno sistem\u00e1tico del 8% en la compra estatal de medicamentos. Spagnuolo expone que parte era para \u00e9l y parte para Karina Milei, seg\u00fan sus dichos.<\/p>\n\n\n\n<h3 class=\"wp-block-heading\">\u00bfQu\u00e9 relaci\u00f3n tiene el esc\u00e1ndalo con los recortes en discapacidad?<\/h3>\n\n\n\n<p>El caso estalla en paralelo a fuertes recortes y ajuste en prestaciones a personas con discapacidad, tema que tambi\u00e9n se debate en el Congreso, como inform\u00f3 <a href=\"https:\/\/www.enorsai.com.ar\/sociedad\/2025\/08\/20\/ley-discapacidad-diputados-veto-prestadores-senado.html\" target=\"_blank\" rel=\"noreferrer noopener\">Enorsai<\/a>.<\/p>\n\n\n\n<h3 class=\"wp-block-heading\">\u00bfQu\u00e9 puede pasar ahora con la investigaci\u00f3n?<\/h3>\n\n\n\n<p>Crecen los pedidos por investigaci\u00f3n penal y auditor\u00eda, tanto de la oposici\u00f3n como de sectores sociales. El gobierno enfrenta presi\u00f3n p\u00fablica para abrir sumarios y esclarecer responsabilidades.<\/p>\n\n\n\n<p><\/p>\n","protected":false},"excerpt":{"rendered":"<p>Audios sobre coimas del 8% en medicamentos involucran a Spagnuolo, Karina y Javier Milei. El gobierno responde con opacidad y el esc\u00e1ndalo crece.<\/p>\n","protected":false},"author":4,"featured_media":7755,"comment_status":"open","ping_status":"open","sticky":false,"template":"","format":"standard","meta":{"_monsterinsights_skip_tracking":false,"_monsterinsights_sitenote_active":false,"_monsterinsights_sitenote_note":"","_monsterinsights_sitenote_category":0,"footnotes":"","jetpack_publicize_message":"Esc\u00e1ndalo de coimas salpica directo a Karina Milei y forz\u00f3 la remoci\u00f3n del titular de Discapacidad","jetpack_publicize_feature_enabled":true,"jetpack_social_post_already_shared":false,"jetpack_social_options":{"image_generator_settings":{"template":"highway","default_image_id":0,"font":"","enabled":false},"version":2}},"categories":[2],"tags":[],"class_list":["post-7754","post","type-post","status-publish","format-standard","has-post-thumbnail","hentry","category-politica"],"jetpack_publicize_connections":[],"_links":{"self":[{"href":"https:\/\/www.enorsai.com\/noticias\/wp-json\/wp\/v2\/posts\/7754","targetHints":{"allow":["GET"]}}],"collection":[{"href":"https:\/\/www.enorsai.com\/noticias\/wp-json\/wp\/v2\/posts"}],"about":[{"href":"https:\/\/www.enorsai.com\/noticias\/wp-json\/wp\/v2\/types\/post"}],"author":[{"embeddable":true,"href":"https:\/\/www.enorsai.com\/noticias\/wp-json\/wp\/v2\/users\/4"}],"replies":[{"embeddable":true,"href":"https:\/\/www.enorsai.com\/noticias\/wp-json\/wp\/v2\/comments?post=7754"}],"version-history":[{"count":1,"href":"https:\/\/www.enorsai.com\/noticias\/wp-json\/wp\/v2\/posts\/7754\/revisions"}],"predecessor-version":[{"id":7756,"href":"https:\/\/www.enorsai.com\/noticias\/wp-json\/wp\/v2\/posts\/7754\/revisions\/7756"}],"wp:featuredmedia":[{"embeddable":true,"href":"https:\/\/www.enorsai.com\/noticias\/wp-json\/wp\/v2\/media\/7755"}],"wp:attachment":[{"href":"https:\/\/www.enorsai.com\/noticias\/wp-json\/wp\/v2\/media?parent=7754"}],"wp:term":[{"taxonomy":"category","embeddable":true,"href":"https:\/\/www.enorsai.com\/noticias\/wp-json\/wp\/v2\/categories?post=7754"},{"taxonomy":"post_tag","embeddable":true,"href":"https:\/\/www.enorsai.com\/noticias\/wp-json\/wp\/v2\/tags?post=7754"}],"curies":[{"name":"wp","href":"https:\/\/api.w.org\/{rel}","templated":true}]}}