{"id":7749,"date":"2025-08-21T10:05:33","date_gmt":"2025-08-21T13:05:33","guid":{"rendered":"https:\/\/www.enorsai.com\/noticias\/?p=7749"},"modified":"2025-08-21T10:06:11","modified_gmt":"2025-08-21T13:06:11","slug":"pymes-en-alerta-came-advierte-por-ventas-en-caida-y-consumo-debilitado","status":"publish","type":"post","link":"https:\/\/www.enorsai.com\/noticias\/politica\/pymes-en-alerta-came-advierte-por-ventas-en-caida-y-consumo-debilitado\/","title":{"rendered":"PyMEs en alerta: CAME advierte por ventas en ca\u00edda y consumo debilitado"},"content":{"rendered":"\n<p><strong>El presidente de la C\u00e1mara Argentina de la Mediana Empresa (CAME), Ricardo Diab, advirti\u00f3 que las peque\u00f1as y medianas empresas atraviesan un estancamiento con ventas en baja, falta de competitividad y escaso poder de consumo en los hogares.<\/strong><\/p>\n\n\n\n<h2 class=\"wp-block-heading\">La actualidad de las PYMES: ventas flojas y costos en alza<\/h2>\n\n\n\n<p>En di\u00e1logo con <strong>Radio Victoria<\/strong> (AM 980), el titular de <strong>CAME<\/strong>, <strong>Ricardo Diab<\/strong>, describi\u00f3 un panorama cr\u00edtico para las <strong>peque\u00f1as y medianas empresas<\/strong> argentinas. Aunque algunos indicadores muestran leves mejoras respecto a 2024, el sector sigue golpeado por <strong>ventas consolidadas a la baja<\/strong> y un consumo que no repunta debido al bajo poder adquisitivo.<\/p>\n\n\n\n<p>\u201cSi bien hubo un repunte porcentual frente al derrumbe del a\u00f1o pasado, los \u00faltimos datos siguen mostrando ca\u00eddas en torno al 2% interanual\u201d, se\u00f1al\u00f3 Diab. \u201cEstamos en un amesetamiento que no permite crecer\u201d.<\/p>\n\n\n\n<h2 class=\"wp-block-heading\">Factores que complican al sector<\/h2>\n\n\n\n<ul class=\"wp-block-list\">\n<li><strong>Disminuci\u00f3n del consumo interno<\/strong> por p\u00e9rdida del poder adquisitivo de los salarios.<\/li>\n\n\n\n<li><strong>Aumento de alquileres<\/strong> que obliga a comercios a trasladarse fuera de zonas c\u00e9ntricas.<\/li>\n\n\n\n<li><strong>Suba de tarifas y combustibles<\/strong> que incrementan los costos fijos.<\/li>\n\n\n\n<li>Falta de competitividad en ciertos rubros frente a <strong>productos importados<\/strong>.<\/li>\n<\/ul>\n\n\n\n<p>Diab subray\u00f3 que si el bolsillo de los consumidores no mejora, \u201cla situaci\u00f3n de las PyMEs seguir\u00e1 siendo desafiante hasta fin de a\u00f1o\u201d.<\/p>\n\n\n\n<h2 class=\"wp-block-heading\">Sectores m\u00e1s afectados<\/h2>\n\n\n\n<p>Seg\u00fan la CAME, los rubros de <strong>indumentaria, calzado, marroquiner\u00eda y muebles<\/strong> son los m\u00e1s comprometidos, ya que varias industrias locales no pueden competir con la importaci\u00f3n y deben cerrar o reducir producci\u00f3n.<\/p>\n\n\n\n<p>En tanto, algunos sectores ligados a la <strong>energ\u00eda, miner\u00eda y automotriz<\/strong> logran sostener actividad. Pero los bienes de consumo masivo siguen en ca\u00edda.<\/p>\n\n\n\n<h2 class=\"wp-block-heading\">Contexto de consumo y perspectivas<\/h2>\n\n\n\n<p>El titular de CAME explic\u00f3 que el consumo est\u00e1 directamente atado al salario real, actualmente con un aumento proyectado de apenas 1% mensual. Esto, sumado a la inflaci\u00f3n persistente, genera un panorama sin mejoras a la vista.<\/p>\n\n\n\n<p>\u201cEl comercio resiste, pero no se observa recuperaci\u00f3n sostenida en lo que resta de 2025\u201d, afirm\u00f3. \u201cSi no hay medidas de incentivo, las PyMEs s\u00f3lo podr\u00e1n subsistir recortando gastos y esperando un cambio del escenario econ\u00f3mico\u201d.<\/p>\n\n\n\n<h2 class=\"wp-block-heading\">Comparaci\u00f3n hist\u00f3rica<\/h2>\n\n\n\n<p>Diab record\u00f3 que algunos problemas actuales recuerdan a los a\u00f1os 90, cuando la apertura indiscriminada de importaciones afect\u00f3 de lleno a la industria nacional. Sin embargo, advirti\u00f3 que hoy la presi\u00f3n de los <strong>costos dolarizados y la menor capacidad de consumo<\/strong> hacen a\u00fan m\u00e1s dif\u00edcil la subsistencia de las PyMEs.<\/p>\n\n\n\n<p>Seg\u00fan <a href=\"https:\/\/www.came.org.ar\/\" target=\"_blank\" rel=\"noreferrer noopener\">datos oficiales de CAME<\/a>, las ventas minoristas pymes registraron bajas interanuales en la mayor\u00eda de los meses del 2025. Incluso <a href=\"https:\/\/www.telam.com.ar\/notas\/202507\/temas-pymes-ventas-informe.html\" target=\"_blank\" rel=\"noreferrer noopener\">T\u00e9lam<\/a> hab\u00eda advertido en informes previos la cr\u00edtica situaci\u00f3n de las peque\u00f1as empresas en el pa\u00eds.<\/p>\n\n\n\n<p>En informes previos de <a href=\"https:\/\/www.enorsai.com\/noticias\/economia\/\" target=\"_blank\" rel=\"noreferrer noopener\">Enorsai sobre la recesi\u00f3n econ\u00f3mica<\/a> ya se hab\u00eda anticipado que el sector PyME era uno de los m\u00e1s golpeados por la ca\u00edda en el consumo y el ajuste de tarifas.<\/p>\n\n\n\n<h2 class=\"wp-block-heading\">Conclusi\u00f3n<\/h2>\n\n\n\n<p>Para Diab, la fortaleza de las PyMEs y el comercio depende de la capacidad del Estado para aumentar el poder adquisitivo de los ciudadanos. \u201cLas empresas aguantan, pero si no hay salarios en alza, no habr\u00e1 consumo que sostenga la producci\u00f3n\u201d, concluy\u00f3.<\/p>\n\n\n\n<p><em>\ud83d\udc49 Dejanos tu comentario debajo o escribinos a <a href=\"mailto:enorsaionline@gmail.com\">enorsaionline@gmail.com<\/a><\/em><\/p>\n\n\n\n<hr class=\"wp-block-separator has-alpha-channel-opacity\"\/>\n\n\n\n<h2 class=\"wp-block-heading\">Preguntas frecuentes<\/h2>\n\n\n\n<h3 class=\"wp-block-heading\">\u00bfC\u00f3mo est\u00e1 la situaci\u00f3n actual de las PyMEs en Argentina?<\/h3>\n\n\n\n<p>Seg\u00fan CAME, las PyMEs enfrentan ventas en baja, ca\u00edda del consumo y aumento de costos fijos, lo que genera un estancamiento productivo.<\/p>\n\n\n\n<h3 class=\"wp-block-heading\">\u00bfQu\u00e9 sectores de PyMEs est\u00e1n m\u00e1s afectados?<\/h3>\n\n\n\n<p>Principalmente indumentaria, calzado, marroquiner\u00eda y muebles. En contraste, algunos sectores de energ\u00eda y automotriz tienen mejor desempe\u00f1o.<\/p>\n\n\n\n<h3 class=\"wp-block-heading\">\u00bfCu\u00e1l es la relaci\u00f3n entre salarios y consumo en las PyMEs?<\/h3>\n\n\n\n<p>El consumo depende directamente del poder adquisitivo. Con aumentos salariales cercanos al 1% mensual, no se espera recuperaci\u00f3n significativa.<\/p>\n\n\n\n<h3 class=\"wp-block-heading\">\u00bfQu\u00e9 similitudes hay con los a\u00f1os 90?<\/h3>\n\n\n\n<p>En los 90 la apertura de importaciones golpe\u00f3 a la industria nacional. Hoy, esa l\u00f3gica se repite sumada a la p\u00e9rdida del poder adquisitivo.<\/p>\n\n\n\n<h3 class=\"wp-block-heading\">\u00bfD\u00f3nde leer m\u00e1s sobre la crisis PyME?<\/h3>\n\n\n\n<p>Pod\u00e9s consultar <a href=\"https:\/\/www.enorsai.com\/noticias\/economia\/\" target=\"_blank\" rel=\"noreferrer noopener\">notas de Enorsai sobre econom\u00eda<\/a> y tambi\u00e9n <a href=\"https:\/\/www.telam.com.ar\/\" target=\"_blank\" rel=\"noreferrer noopener\">informes de T\u00e9lam<\/a> que reflejan la situaci\u00f3n empresarial.<\/p>\n","protected":false},"excerpt":{"rendered":"<p>Ricardo Diab, titular de CAME, advirti\u00f3 que las PyMEs siguen con ventas en baja y escaso consumo. Sin mejoras en salarios, no habr\u00e1 recuperaci\u00f3n en 2025.<\/p>\n","protected":false},"author":4,"featured_media":7750,"comment_status":"open","ping_status":"open","sticky":false,"template":"","format":"standard","meta":{"_monsterinsights_skip_tracking":false,"_monsterinsights_sitenote_active":false,"_monsterinsights_sitenote_note":"","_monsterinsights_sitenote_category":0,"footnotes":"","jetpack_publicize_message":"CAME advirti\u00f3: \u201cLas PyMEs est\u00e1n en alerta por la ca\u00edda del consumo\u201d","jetpack_publicize_feature_enabled":true,"jetpack_social_post_already_shared":false,"jetpack_social_options":{"image_generator_settings":{"template":"highway","default_image_id":0,"font":"","enabled":false},"version":2}},"categories":[3,2],"tags":[2986,2721,179,3168,936,227,3165,2722,3167,3166],"class_list":["post-7749","post","type-post","status-publish","format-standard","has-post-thumbnail","hentry","category-economia","category-politica","tag-caida-del-consumo","tag-came","tag-crisis-economica","tag-diab-came-pyme-jpg","tag-importaciones","tag-inflacion","tag-pymes-argentina","tag-ricardo-diab","tag-salarios-bajos7","tag-ventas-minoristas"],"jetpack_publicize_connections":[],"_links":{"self":[{"href":"https:\/\/www.enorsai.com\/noticias\/wp-json\/wp\/v2\/posts\/7749","targetHints":{"allow":["GET"]}}],"collection":[{"href":"https:\/\/www.enorsai.com\/noticias\/wp-json\/wp\/v2\/posts"}],"about":[{"href":"https:\/\/www.enorsai.com\/noticias\/wp-json\/wp\/v2\/types\/post"}],"author":[{"embeddable":true,"href":"https:\/\/www.enorsai.com\/noticias\/wp-json\/wp\/v2\/users\/4"}],"replies":[{"embeddable":true,"href":"https:\/\/www.enorsai.com\/noticias\/wp-json\/wp\/v2\/comments?post=7749"}],"version-history":[{"count":3,"href":"https:\/\/www.enorsai.com\/noticias\/wp-json\/wp\/v2\/posts\/7749\/revisions"}],"predecessor-version":[{"id":7753,"href":"https:\/\/www.enorsai.com\/noticias\/wp-json\/wp\/v2\/posts\/7749\/revisions\/7753"}],"wp:featuredmedia":[{"embeddable":true,"href":"https:\/\/www.enorsai.com\/noticias\/wp-json\/wp\/v2\/media\/7750"}],"wp:attachment":[{"href":"https:\/\/www.enorsai.com\/noticias\/wp-json\/wp\/v2\/media?parent=7749"}],"wp:term":[{"taxonomy":"category","embeddable":true,"href":"https:\/\/www.enorsai.com\/noticias\/wp-json\/wp\/v2\/categories?post=7749"},{"taxonomy":"post_tag","embeddable":true,"href":"https:\/\/www.enorsai.com\/noticias\/wp-json\/wp\/v2\/tags?post=7749"}],"curies":[{"name":"wp","href":"https:\/\/api.w.org\/{rel}","templated":true}]}}