{"id":7745,"date":"2025-08-21T09:08:02","date_gmt":"2025-08-21T12:08:02","guid":{"rendered":"https:\/\/www.enorsai.com\/noticias\/?p=7745"},"modified":"2025-08-21T09:17:06","modified_gmt":"2025-08-21T12:17:06","slug":"dalbon-denuncio-a-milei-y-su-hermana-por-corrupcion-con-medicamentos-para-discapacitados","status":"publish","type":"post","link":"https:\/\/www.enorsai.com\/noticias\/politica\/dalbon-denuncio-a-milei-y-su-hermana-por-corrupcion-con-medicamentos-para-discapacitados\/","title":{"rendered":"Dalb\u00f3n denunci\u00f3 a Milei y su hermana por corrupci\u00f3n con medicamentos para discapacitados"},"content":{"rendered":"\n<p><strong>El abogado Gregorio Dalb\u00f3n apunt\u00f3 contra Javier y Karina Milei por un presunto esquema de corrupci\u00f3n con la venta de remedios destinados a personas con discapacidad. \u201cEstamos ante un gobierno corrupto y represivo\u201d, dispar\u00f3.<\/strong><\/p>\n\n\n\n<h2 class=\"wp-block-heading\">Un esc\u00e1ndalo de corrupci\u00f3n que golpea a los m\u00e1s vulnerables<\/h2>\n\n\n\n<p>En di\u00e1logo con <strong>Radio 10<\/strong>, el abogado <strong>Gregorio Dalb\u00f3n<\/strong> lanz\u00f3 fuertes acusaciones contra el presidente <strong>Javier Milei<\/strong>, su hermana <strong>Karina Milei<\/strong>, y otros funcionarios y allegados. Seg\u00fan explic\u00f3, existir\u00eda un esquema de <strong>coimas y retornos ilegales<\/strong> vinculados a la provisi\u00f3n de medicamentos para personas con discapacidad.<\/p>\n\n\n\n<p>Dalb\u00f3n calific\u00f3 el hecho como un acto de <em>\u201cmiserabilidad \u00fanica\u201d<\/em>, se\u00f1alando que \u201cnunca en democracia alguien se hab\u00eda animado a robarle a los discapacitados\u201d.<\/p>\n\n\n\n<h2 class=\"wp-block-heading\">Los principales se\u00f1alados<\/h2>\n\n\n\n<ul class=\"wp-block-list\">\n<li><strong>Javier Milei<\/strong> (presidente)<\/li>\n\n\n\n<li><strong>Karina Milei<\/strong>, su hermana y funcionaria con poder de decisi\u00f3n<\/li>\n\n\n\n<li><strong>Dios Spagnuolo<\/strong>, exfuncionario del \u00e1rea de Discapacidad<\/li>\n\n\n\n<li><strong>\u201cLule\u201d Menem<\/strong><\/li>\n\n\n\n<li><strong>Koval Ivker<\/strong>, empresario vinculado a la droguer\u00eda Suizo-Argentina<\/li>\n<\/ul>\n\n\n\n<p>Para Dalb\u00f3n, el mecanismo era claro: una articulaci\u00f3n entre el Estado y una firma privada para apropiarse de fondos destinados a tratamientos indispensables.<\/p>\n\n\n\n<h2 class=\"wp-block-heading\">Corrupci\u00f3n y represi\u00f3n: una denuncia doble<\/h2>\n\n\n\n<blockquote class=\"wp-block-quote is-layout-flow wp-block-quote-is-layout-flow\">\n<p>\u201cEstamos ante un gobierno corrupto que solo se mantiene en pie porque la Justicia argentina no avanza. Y adem\u00e1s es represivo\u201d, sostuvo Dalb\u00f3n.<\/p>\n<\/blockquote>\n\n\n\n<p>El abogado record\u00f3 que existen causas contra <strong>Patricia Bullrich<\/strong> por represi\u00f3n, y procesos vinculados a la estafa de <strong>Libra<\/strong>, que permanecen paralizados o archivados por jueces y fiscales c\u00f3mplices.<\/p>\n\n\n\n<h2 class=\"wp-block-heading\">Esquema denunciado por Dalb\u00f3n<\/h2>\n\n\n\n<p><strong>Infograf\u00eda simple<\/strong> (en texto explicativo):<\/p>\n\n\n\n<ol class=\"wp-block-list\">\n<li><strong>Agencia Nacional de Discapacidad<\/strong> \u2192 compra de medicamentos<\/li>\n\n\n\n<li><strong>Suizo-Argentina (Koval Ivker)<\/strong> \u2192 proveedora de f\u00e1rmacos<\/li>\n\n\n\n<li><strong>Retornos ilegales (3%)<\/strong> \u2192 hacia Karina Milei<\/li>\n\n\n\n<li><strong>Fondo final<\/strong> \u2192 c\u00edrculo presidencial<\/li>\n<\/ol>\n\n\n\n<h2 class=\"wp-block-heading\">El rol de Karina Milei<\/h2>\n\n\n\n<p>Seg\u00fan Dalb\u00f3n, <strong>Karina Milei fue la recaudadora central en todas las maniobras<\/strong>. Incluso, asegur\u00f3 que hay funcionarios del propio gobierno que confirmaron v\u00eda <em>chats<\/em> su rol operativo.<\/p>\n\n\n\n<p>\u201cEl propio Espa\u00f1ol dice que tiene chats con Karina donde se reconoce como recaudadora. Es grav\u00edsimo\u201d, expres\u00f3.<\/p>\n\n\n\n<h2 class=\"wp-block-heading\">La desprotecci\u00f3n judicial<\/h2>\n\n\n\n<p>Dalb\u00f3n apunt\u00f3 contra la justicia argentina y detall\u00f3 c\u00f3mo jueces y fiscales archivan causas sensibles. Record\u00f3 que nombres como <strong>Sebasti\u00e1n Casanello<\/strong>, <strong>Franco Picardi<\/strong> y <strong>R\u00edvolo<\/strong> aparecen en denuncias que terminan cajoneadas.<\/p>\n\n\n\n<p>\u201cCuando se trata de investigar al poder, la justicia vuelve a mirar para otro lado\u201d, afirm\u00f3.<\/p>\n\n\n\n<h2 class=\"wp-block-heading\">Impacto social: los que m\u00e1s sufren<\/h2>\n\n\n\n<p>La denuncia sostiene que pacientes con discapacidad quedaron <strong>sin acceso a medicamentos esenciales<\/strong>, mientras los fondos eran desviados por retornos ilegales.<\/p>\n\n\n\n<p>\u201cEsto es lo m\u00e1s cruel: le roban los remedios a quienes m\u00e1s los necesitan. Nunca pas\u00f3 algo as\u00ed en democracia\u201d, sentenci\u00f3 Dalb\u00f3n.<\/p>\n\n\n\n<h2 class=\"wp-block-heading\">Conclusi\u00f3n<\/h2>\n\n\n\n<p>Dalb\u00f3n sostuvo que este es un momento clave para que el Poder Judicial act\u00fae con independencia y que la sociedad entienda la gravedad hist\u00f3rica del caso.<\/p>\n\n\n\n<p><em>\ud83d\udc49 Dejanos tu comentario debajo o escribinos a <a href=\"mailto:enorsaionline@gmail.com\">enorsaionline@gmail.com<\/a><\/em><\/p>\n\n\n\n<hr class=\"wp-block-separator has-alpha-channel-opacity\"\/>\n\n\n\n<h2 class=\"wp-block-heading\">Preguntas frecuentes<\/h2>\n\n\n\n<h3 class=\"wp-block-heading\">\u00bfA qui\u00e9n denunci\u00f3 Gregorio Dalb\u00f3n en este caso?<\/h3>\n\n\n\n<p>Dalb\u00f3n apunt\u00f3 contra Javier Milei, su hermana Karina Milei, el exfuncionario Dios Spagnuolo, Lule Menem y el empresario Koval Ivker.<\/p>\n\n\n\n<h3 class=\"wp-block-heading\">\u00bfDe qu\u00e9 se trata la denuncia por medicamentos para discapacitados?<\/h3>\n\n\n\n<p>Se investiga un presunto esquema de corrupci\u00f3n y cobro de retornos ilegales en la compra de remedios destinados a personas con discapacidad, a trav\u00e9s de la droguer\u00eda Suizo-Argentina.<\/p>\n\n\n\n<h3 class=\"wp-block-heading\">\u00bfQu\u00e9 rol habr\u00eda tenido Karina Milei?<\/h3>\n\n\n\n<p>Seg\u00fan Dalb\u00f3n, Karina Milei funcionaba como recaudadora central de los retornos ilegales, concentrando fondos que luego llegaban al c\u00edrculo presidencial.<\/p>\n\n\n\n<h3 class=\"wp-block-heading\">\u00bfPor qu\u00e9 se cuestiona al Poder Judicial?<\/h3>\n\n\n\n<p>Dalb\u00f3n sostiene que jueces y fiscales archivan causas de corrupci\u00f3n vinculadas al gobierno, mientras avanzan con rapidez contra dirigentes opositores, generando una doble vara judicial.<\/p>\n\n\n\n<h3 class=\"wp-block-heading\">\u00bfD\u00f3nde puedo leer m\u00e1s sobre denuncias similares?<\/h3>\n\n\n\n<p>Pod\u00e9s ver <a href=\"https:\/\/www.enorsai.com\/noticias\/politica\/\" target=\"_blank\" rel=\"noreferrer noopener\">otras investigaciones publicadas por Enorsai<\/a> o consultar <a href=\"https:\/\/www.pagina12.com.ar\/\" target=\"_blank\" rel=\"noreferrer noopener\">informes recientes en P\u00e1gina 12<\/a>.<\/p>\n","protected":false},"excerpt":{"rendered":"<p>Dalb\u00f3n denunci\u00f3 a Javier y Karina Milei por un esquema de corrupci\u00f3n con medicamentos para discapacitados. Acus\u00f3 al gobierno de corrupto y represivo.<\/p>\n","protected":false},"author":5,"featured_media":7746,"comment_status":"open","ping_status":"open","sticky":false,"template":"","format":"standard","meta":{"_monsterinsights_skip_tracking":false,"_monsterinsights_sitenote_active":false,"_monsterinsights_sitenote_note":"","_monsterinsights_sitenote_category":0,"footnotes":"","jetpack_publicize_message":"Dalb\u00f3n denunci\u00f3 a Milei y a su hermana por corrupci\u00f3n con medicamentos para discapacitados.","jetpack_publicize_feature_enabled":true,"jetpack_social_post_already_shared":false,"jetpack_social_options":{"image_generator_settings":{"template":"highway","default_image_id":0,"font":"","enabled":false},"version":2}},"categories":[2,4],"tags":[3161,93,75,3164,3163,3158,3159,3157,70,174,3160,3162],"class_list":["post-7745","post","type-post","status-publish","format-standard","has-post-thumbnail","hentry","category-politica","category-sociedad","tag-agencia-nacional-de-discapacidad","tag-argentina","tag-corrupcion","tag-corrupcion-gobierno-libertario-javier-milei-jpg","tag-denuncias-corrupcion-argentina","tag-gobierno-milei-represivo","tag-gregorio-dalbon","tag-javier-milei-corrupcion","tag-justicia","tag-karina-milei","tag-medicamentos-discapacitados","tag-suizo-argentina"],"jetpack_publicize_connections":[],"_links":{"self":[{"href":"https:\/\/www.enorsai.com\/noticias\/wp-json\/wp\/v2\/posts\/7745","targetHints":{"allow":["GET"]}}],"collection":[{"href":"https:\/\/www.enorsai.com\/noticias\/wp-json\/wp\/v2\/posts"}],"about":[{"href":"https:\/\/www.enorsai.com\/noticias\/wp-json\/wp\/v2\/types\/post"}],"author":[{"embeddable":true,"href":"https:\/\/www.enorsai.com\/noticias\/wp-json\/wp\/v2\/users\/5"}],"replies":[{"embeddable":true,"href":"https:\/\/www.enorsai.com\/noticias\/wp-json\/wp\/v2\/comments?post=7745"}],"version-history":[{"count":2,"href":"https:\/\/www.enorsai.com\/noticias\/wp-json\/wp\/v2\/posts\/7745\/revisions"}],"predecessor-version":[{"id":7748,"href":"https:\/\/www.enorsai.com\/noticias\/wp-json\/wp\/v2\/posts\/7745\/revisions\/7748"}],"wp:featuredmedia":[{"embeddable":true,"href":"https:\/\/www.enorsai.com\/noticias\/wp-json\/wp\/v2\/media\/7746"}],"wp:attachment":[{"href":"https:\/\/www.enorsai.com\/noticias\/wp-json\/wp\/v2\/media?parent=7745"}],"wp:term":[{"taxonomy":"category","embeddable":true,"href":"https:\/\/www.enorsai.com\/noticias\/wp-json\/wp\/v2\/categories?post=7745"},{"taxonomy":"post_tag","embeddable":true,"href":"https:\/\/www.enorsai.com\/noticias\/wp-json\/wp\/v2\/tags?post=7745"}],"curies":[{"name":"wp","href":"https:\/\/api.w.org\/{rel}","templated":true}]}}