{"id":7739,"date":"2025-08-21T05:37:20","date_gmt":"2025-08-21T08:37:20","guid":{"rendered":"https:\/\/www.enorsai.com\/noticias\/?p=7739"},"modified":"2025-08-21T05:37:20","modified_gmt":"2025-08-21T08:37:20","slug":"diputados-rechazo-el-veto-en-discapacidad-pero-milei-blindo-el-ajuste-sobre-jubilados","status":"publish","type":"post","link":"https:\/\/www.enorsai.com\/noticias\/politica\/diputados-rechazo-el-veto-en-discapacidad-pero-milei-blindo-el-ajuste-sobre-jubilados\/","title":{"rendered":"Diputados rechaz\u00f3 el veto en Discapacidad pero Milei blind\u00f3 el ajuste sobre jubilados"},"content":{"rendered":"\n<p><strong>La C\u00e1mara de Diputados marc\u00f3 un hito al rechazar por primera vez un veto presidencial durante el gobierno de Javier Milei, al insistir con la ley de Emergencia en Discapacidad. Sin embargo, el blindaje del oficialismo y sus aliados impidi\u00f3 restituir el aumento a los jubilados, consolidando la pol\u00edtica de ajuste sobre el sector m\u00e1s vulnerable.<\/strong><\/p>\n\n\n\n<p>En un d\u00eda que quedar\u00e1 grabado como uno de los cap\u00edtulos m\u00e1s tensos de la era Milei, la C\u00e1mara Baja decidi\u00f3 plantar bandera frente al Poder Ejecutivo. Con 172 votos afirmativos, 73 negativos y 2 abstenciones, la oposici\u00f3n logr\u00f3 los dos tercios necesarios para rechazar el veto a la Emergencia en Discapacidad, un hecho sin precedentes en este gobierno. La decisi\u00f3n mostr\u00f3 la capacidad de los bloques opositores de articular una mayor\u00eda amplia y heterog\u00e9nea que trascendi\u00f3 grietas y fronteras partidarias. La pelota ahora pas\u00f3 al Senado, donde el escenario se vuelve m\u00e1s \u00e1spero, pero el golpe pol\u00edtico ya qued\u00f3 marcado.<\/p>\n\n\n\n<p>El oficialismo no tard\u00f3 en mostrar su incomodidad. Lo hab\u00eda anticipado desde temprano el vocero presidencial Manuel Adorni con un comunicado ambiguo en redes sociales que hablaba de \u201cconsiderar aumentos en todas las prestaciones destinadas a personas con discapacidad\u201d. Una maniobra desesperada, carente de detalles concretos, que intent\u00f3 frenar la avanzada opositora. No funcion\u00f3. La C\u00e1mara decidi\u00f3 avanzar y darle la espalda a un veto que resultaba, a todas luces, injustificable.<\/p>\n\n\n\n<p>El proyecto, impulsado por Daniel Arroyo, fue definido por su autor como \u201cun acto de justicia\u201d con impacto fiscal \u00ednfimo, apenas un 0,03 por ciento del PBI. La contundencia del argumento dej\u00f3 al desnudo que el veto presidencial no era una cuesti\u00f3n de n\u00fameros, sino de prioridades pol\u00edticas. Cuando se trata de ajustar, Milei no duda en poner a las personas con discapacidad en la lista de sacrificables.<\/p>\n\n\n\n<p>El contraste se hizo a\u00fan m\u00e1s visible fuera del recinto. En las calles, colectivos de personas con discapacidad y cientos de jubilados soportaban un despliegue policial desmedido y cortes que complicaban la llegada al Congreso. Ese escenario de tensi\u00f3n y de cuerpos presentes en la intemperie reflejaba, con crudeza, la desconexi\u00f3n del oficialismo con la realidad de los sectores m\u00e1s golpeados por su pol\u00edtica econ\u00f3mica.<\/p>\n\n\n\n<p>Pero si el rechazo al veto en Discapacidad fue un triunfo para la oposici\u00f3n, el cap\u00edtulo de los jubilados se transform\u00f3 en una derrota dolorosa. Despu\u00e9s de cinco horas de debate, los diputados no lograron alcanzar los votos necesarios para insistir con el aumento del 7,2 por ciento y la actualizaci\u00f3n del bono congelado en 70 mil pesos. Por segundo a\u00f1o consecutivo, libertarios y aliados garantizaron que el ajuste sobre los haberes m\u00ednimos se mantuviera intacto. La maniobra incluy\u00f3 presiones denunciadas por legisladores como Germ\u00e1n Mart\u00ednez y Fernando Carbajal, quienes acusaron a gobernadores de torcer votos a cambio de fondos frescos.<\/p>\n\n\n\n<p>Los hechos hablaron por s\u00ed solos: seis abstenciones resultaron claves para blindar el veto. Entre ellas, cinco se explican directamente por negociaciones con las provincias de Misiones y Entre R\u00edos. La sexta correspondi\u00f3 a Mar\u00eda Eugenia Vidal, que otra vez jug\u00f3 para el oficialismo con el mismo cinismo de siempre, disfrazando de neutralidad lo que en realidad es complicidad. Tambi\u00e9n hubo ausentes estrat\u00e9gicos, entre ellos figuras cercanas a los gobernadores de R\u00edo Negro y Neuqu\u00e9n, que optaron por no dar la cara frente a un reclamo leg\u00edtimo.<\/p>\n\n\n\n<p>La consecuencia inmediata es que los jubilados de la m\u00ednima continuar\u00e1n atados a ingresos miserables, con un bono congelado que no cubre ni de cerca la canasta b\u00e1sica. La Oficina de Presupuesto del Congreso hab\u00eda demostrado que el costo fiscal del aumento equival\u00eda al 0,78 por ciento del PBI y que exist\u00edan fuentes de financiamiento por el 0,72 por ciento. Pero Milei prefiri\u00f3 cerrar filas y sostener el veto, confirmando que su ajuste no responde a necesidades macroecon\u00f3micas sino a una visi\u00f3n ideol\u00f3gica que desprecia el rol del Estado en la protecci\u00f3n social.<\/p>\n\n\n\n<p>No fue el \u00fanico rev\u00e9s que el oficialismo sufri\u00f3 en esa sesi\u00f3n marat\u00f3nica. La oposici\u00f3n tambi\u00e9n logr\u00f3 sancionar el proyecto que obliga a coparticipar autom\u00e1ticamente los Aportes del Tesoro Nacional, una caja millonaria que hasta ahora el Gobierno manejaba con discrecionalidad. Con 143 votos afirmativos, el Congreso le quit\u00f3 al Ejecutivo la potestad de usar esos fondos como herramienta de presi\u00f3n pol\u00edtica. La iron\u00eda qued\u00f3 en boca de Juan Manuel L\u00f3pez, de la Coalici\u00f3n C\u00edvica, cuando advirti\u00f3: \u201cVaya a saber si se han usado para sostener un veto\u201d. Nadie en el recinto se anim\u00f3 a contradecirlo.<\/p>\n\n\n\n<p>El desmoronamiento del poder de fuego libertario tambi\u00e9n se reflej\u00f3 en la Comisi\u00f3n Investigadora del criptoesc\u00e1ndalo conocido como $LIBRA. All\u00ed, la oposici\u00f3n modific\u00f3 el reglamento que bloqueaba su funcionamiento y forz\u00f3 un cambio en la correlaci\u00f3n de fuerzas internas. Otro golpe a un oficialismo que parece cada vez m\u00e1s encapsulado en una burbuja discursiva, mientras pierde capacidad de maniobra real en el Congreso.<\/p>\n\n\n\n<p>Sin embargo, el debate sobre las jubilaciones mostr\u00f3 hasta d\u00f3nde est\u00e1 dispuesto a llegar Milei para imponer su ajuste. No se trat\u00f3 solo de n\u00fameros ni de votos. Fue un gesto pol\u00edtico de fondo: el Presidente dej\u00f3 en claro que para \u00e9l los jubilados no son prioridad, que los gobernadores pueden ser aliados a cambio de recursos y que los sectores m\u00e1s vulnerables son, en definitiva, las variables de ajuste de su modelo.<\/p>\n\n\n\n<p>La sesi\u00f3n termin\u00f3 entrada la madrugada, con la oposici\u00f3n reconociendo que no ten\u00eda los votos para avanzar en otros puntos, como la Emergencia para Bah\u00eda Blanca, la moratoria previsional o la modificaci\u00f3n del impuesto a los biocombustibles. Pero lo central ya hab\u00eda ocurrido. Milei perdi\u00f3 su primer veto y qued\u00f3 expuesto en su estrategia de gobernar a fuerza de decretos y recortes. La C\u00e1mara de Diputados demostr\u00f3 que todav\u00eda puede ser un contrapeso real al autoritarismo econ\u00f3mico que busca consolidar el oficialismo.<\/p>\n\n\n\n<p>El d\u00eda termin\u00f3, como se\u00f1al\u00f3 P\u00e1gina\/12, \u201cgris\u201d para un Presidente que so\u00f1aba con blindar sus ansias de ajuste. El gris de la derrota, el gris de la incertidumbre y el gris que colorea un pa\u00eds cada vez m\u00e1s desigual. El Congreso mostr\u00f3 que a\u00fan existen espacios de resistencia, pero tambi\u00e9n que las presiones y negociaciones provinciales siguen jugando un rol determinante. El desaf\u00edo ahora ser\u00e1 si el Senado y la calle pueden sostener y profundizar esa resistencia.<\/p>\n\n\n\n<p>Fuente: <a href=\"https:\/\/www.pagina12.com.ar\/851231-un-dia-gris-para-milei-y-sus-ansias-de-ajuste\">https:\/\/www.pagina12.com.ar\/851231-un-dia-gris-para-milei-y-sus-ansias-de-ajuste<\/a><\/p>\n","protected":false},"excerpt":{"rendered":"<p>En una sesi\u00f3n hist\u00f3rica, Diputados rechaz\u00f3 por primera vez un veto de Javier Milei al insistir con la Emergencia en Discapacidad, pero fracas\u00f3 en restituir el aumento a los jubilados. La oposici\u00f3n celebr\u00f3 el triunfo parcial, mientras el oficialismo evidenci\u00f3 fracturas y la calle mostr\u00f3 el costo humano del ajuste.<\/p>\n","protected":false},"author":11,"featured_media":7740,"comment_status":"open","ping_status":"open","sticky":false,"template":"","format":"standard","meta":{"_monsterinsights_skip_tracking":false,"_monsterinsights_sitenote_active":false,"_monsterinsights_sitenote_note":"","_monsterinsights_sitenote_category":0,"footnotes":"","jetpack_publicize_message":"","jetpack_publicize_feature_enabled":true,"jetpack_social_post_already_shared":true,"jetpack_social_options":{"image_generator_settings":{"template":"highway","default_image_id":0,"font":"","enabled":false},"version":2}},"categories":[2],"tags":[58,1872,257,260,900,1288,509,45,985,1487],"class_list":["post-7739","post","type-post","status-publish","format-standard","has-post-thumbnail","hentry","category-politica","tag-ajuste","tag-atn","tag-congreso","tag-diputados","tag-discapacidad","tag-gobernadores","tag-jubilados","tag-milei","tag-oposicion","tag-veto"],"jetpack_publicize_connections":[],"_links":{"self":[{"href":"https:\/\/www.enorsai.com\/noticias\/wp-json\/wp\/v2\/posts\/7739","targetHints":{"allow":["GET"]}}],"collection":[{"href":"https:\/\/www.enorsai.com\/noticias\/wp-json\/wp\/v2\/posts"}],"about":[{"href":"https:\/\/www.enorsai.com\/noticias\/wp-json\/wp\/v2\/types\/post"}],"author":[{"embeddable":true,"href":"https:\/\/www.enorsai.com\/noticias\/wp-json\/wp\/v2\/users\/11"}],"replies":[{"embeddable":true,"href":"https:\/\/www.enorsai.com\/noticias\/wp-json\/wp\/v2\/comments?post=7739"}],"version-history":[{"count":1,"href":"https:\/\/www.enorsai.com\/noticias\/wp-json\/wp\/v2\/posts\/7739\/revisions"}],"predecessor-version":[{"id":7741,"href":"https:\/\/www.enorsai.com\/noticias\/wp-json\/wp\/v2\/posts\/7739\/revisions\/7741"}],"wp:featuredmedia":[{"embeddable":true,"href":"https:\/\/www.enorsai.com\/noticias\/wp-json\/wp\/v2\/media\/7740"}],"wp:attachment":[{"href":"https:\/\/www.enorsai.com\/noticias\/wp-json\/wp\/v2\/media?parent=7739"}],"wp:term":[{"taxonomy":"category","embeddable":true,"href":"https:\/\/www.enorsai.com\/noticias\/wp-json\/wp\/v2\/categories?post=7739"},{"taxonomy":"post_tag","embeddable":true,"href":"https:\/\/www.enorsai.com\/noticias\/wp-json\/wp\/v2\/tags?post=7739"}],"curies":[{"name":"wp","href":"https:\/\/api.w.org\/{rel}","templated":true}]}}